{"id":7625,"date":"2026-03-12T09:12:58","date_gmt":"2026-03-12T12:12:58","guid":{"rendered":"https:\/\/elliberador.com\/?p=7625"},"modified":"2026-03-12T09:13:00","modified_gmt":"2026-03-12T12:13:00","slug":"el-gobierno-de-javier-milei-lanzo-nuevas-lineas-de-financiamiento-para-el-campo","status":"publish","type":"post","link":"https:\/\/elliberador.com\/index.php\/2026\/03\/12\/el-gobierno-de-javier-milei-lanzo-nuevas-lineas-de-financiamiento-para-el-campo\/","title":{"rendered":"El Gobierno de Javier Milei lanz\u00f3 nuevas l\u00edneas de financiamiento para el campo"},"content":{"rendered":"\n<p>En el marco de la feria agroindustrial Expoagro 2026, el Gobierno nacional present\u00f3 nuevas l\u00edneas de financiamiento destinadas a impulsar la producci\u00f3n ganadera y la industria agroalimentaria, con el objetivo de aumentar la productividad, modernizar la industria y potenciar las exportaciones.<\/p>\n\n\n\n<p>El anuncio fue realizado por el secretario de Agricultura, Sergio Iraeta, junto al presidente del Banco de Inversi\u00f3n y Comercio Exterior (BICE), Maximiliano Voss, durante la primera jornada de la muestra que se desarrolla en San Nicol\u00e1s de los Arroyos, provincia de Buenos Aires.<\/p>\n\n\n\n<p>Las herramientas financieras fueron dise\u00f1adas por la Secretar\u00eda de Agricultura junto al BICE, organismo dependiente del Ministerio de Econom\u00eda conducido por Luis Caputo.<\/p>\n\n\n\n<h2 class=\"wp-block-heading\">Cr\u00e9ditos en \u201cvalor producto\u201d para la ganader\u00eda<\/h2>\n\n\n\n<p>La primera medida consiste en una ampliaci\u00f3n de los cr\u00e9ditos en valor producto destinados al sector ganadero, que ahora podr\u00e1n utilizarse para capital de trabajo en las etapas de recr\u00eda y engorde de bovinos.<\/p>\n\n\n\n<p>El financiamiento busca acompa\u00f1ar todo el ciclo productivo: desde la compra del animal hasta su engorde y posterior comercializaci\u00f3n, con el objetivo de aumentar los kilos de carne producidos por animal y por hect\u00e1rea.<\/p>\n\n\n\n<p>Entre las principales caracter\u00edsticas del programa se destacan:<\/p>\n\n\n\n<ul class=\"wp-block-list\">\n<li><strong>Monto m\u00e1ximo:<\/strong> hasta $800 millones por productor o empresa.<\/li>\n\n\n\n<li><strong>Sistema de pago:<\/strong> cuotas fijadas en kilos de novillo.<\/li>\n\n\n\n<li><strong>Referencia:<\/strong> \u00edndice INMAG (\u00cdndice Novillo del Mercado Agroganadero).<\/li>\n\n\n\n<li><strong>Moneda:<\/strong> financiamiento en UVA.<\/li>\n\n\n\n<li><strong>Tasa:<\/strong> 8% fija anual.<\/li>\n\n\n\n<li><strong>Plazo:<\/strong> hasta 3 a\u00f1os.<\/li>\n<\/ul>\n\n\n\n<p>El esquema permite que el productor pague el cr\u00e9dito en funci\u00f3n del valor del ganado, reduciendo el riesgo financiero frente a la volatilidad de precios.<\/p>\n\n\n\n<p>Estos cr\u00e9ditos en valor producto fueron lanzados al inicio de la gesti\u00f3n del presidente Javier Milei y ya llevan otorgados <strong>casi $50.000 millones<\/strong> para distintos sectores productivos como el ganadero, porcino, tambero y sojero.<\/p>\n\n\n\n<h2 class=\"wp-block-heading\">Financiamiento para modernizar la industria agroalimentaria<\/h2>\n\n\n\n<p>El Gobierno tambi\u00e9n anunci\u00f3 una segunda l\u00ednea destinada a financiar <strong>proyectos de inversi\u00f3n a largo plazo<\/strong> en el complejo agroindustrial.<\/p>\n\n\n\n<p>Est\u00e1 dirigida tanto a <strong>PyMEs como a grandes empresas<\/strong> de los sectores bovino, porcino, av\u00edcola y l\u00e1cteo, con el objetivo de ampliar la capacidad productiva y modernizar instalaciones.<\/p>\n\n\n\n<p>Las condiciones incluyen:<\/p>\n\n\n\n<p><strong>Para proyectos de inversi\u00f3n<\/strong><\/p>\n\n\n\n<ul class=\"wp-block-list\">\n<li>Montos de hasta <strong>$6.500 millones para PyMEs<\/strong>.<\/li>\n\n\n\n<li>Plazo de hasta <strong>10 a\u00f1os<\/strong>.<\/li>\n\n\n\n<li><strong>Hasta 2 a\u00f1os de gracia<\/strong>.<\/li>\n\n\n\n<li>Tasa <strong>TAMAR +4% para PyMEs<\/strong> y <strong>TAMAR +6% para grandes empresas<\/strong>.<\/li>\n<\/ul>\n\n\n\n<p>Los fondos pueden destinarse a:<\/p>\n\n\n\n<ul class=\"wp-block-list\">\n<li>Construcci\u00f3n de plantas industriales<\/li>\n\n\n\n<li>Compra de maquinaria<\/li>\n\n\n\n<li>Infraestructura energ\u00e9tica<\/li>\n\n\n\n<li>Sistemas de tratamiento de efluentes<\/li>\n\n\n\n<li>Ampliaci\u00f3n de capacidad productiva<\/li>\n<\/ul>\n\n\n\n<p><strong>Modalidad leasing<\/strong><\/p>\n\n\n\n<p>Tambi\u00e9n se financiar\u00e1 la compra de equipamiento industrial, transporte y log\u00edstica.<\/p>\n\n\n\n<ul class=\"wp-block-list\">\n<li>Cobertura de hasta <strong>100% del valor del bien (IVA incluido)<\/strong><\/li>\n\n\n\n<li><strong>Plazo de hasta 3 a\u00f1os<\/strong><\/li>\n\n\n\n<li><strong>Tasa fija desde 19,45% en pesos<\/strong>, bonificada por fabricantes y concesionarias.<\/li>\n<\/ul>\n\n\n\n<p>Durante los cuatro d\u00edas de Expoagro, el Gobierno instal\u00f3 adem\u00e1s el <strong>\u201cPatio BICE\u201d<\/strong> dentro del stand de la Secretar\u00eda de Agricultura para brindar asesoramiento directo a productores y empresas.<\/p>\n\n\n\n<h2 class=\"wp-block-heading\">Furiase: \u201cEsta vez el contexto macro es distinto\u201d<\/h2>\n\n\n\n<p>En paralelo al anuncio, el secretario de Finanzas, Federico Furiase, sostuvo que la econom\u00eda argentina atraviesa un escenario favorable para la inversi\u00f3n productiva.<\/p>\n\n\n\n<p>\u201c<strong>Esta vez es diferente. Tenemos un contexto para invertir en la agroexportaci\u00f3n muy distinto<\/strong>, fruto de una estabilizaci\u00f3n macroecon\u00f3mica que fue muy compleja pero que hoy muestra resultados\u201d, afirm\u00f3.<\/p>\n\n\n\n<p>El funcionario destac\u00f3 que el programa econ\u00f3mico del gobierno de Milei logr\u00f3:<\/p>\n\n\n\n<ul class=\"wp-block-list\">\n<li><strong>Super\u00e1vit fiscal sostenido<\/strong><\/li>\n\n\n\n<li><strong>Desendeudamiento<\/strong><\/li>\n\n\n\n<li><strong>Apoyo social reflejado en las elecciones<\/strong><\/li>\n\n\n\n<li><strong>Mayor estabilidad monetaria<\/strong><\/li>\n<\/ul>\n\n\n\n<p>Furiase tambi\u00e9n subray\u00f3 que el Banco Central de la Rep\u00fablica Argentina acumul\u00f3 <strong>m\u00e1s de 3.000 millones de d\u00f3lares en compras de reservas<\/strong>, incluso con un tipo de cambio en descenso.<\/p>\n\n\n\n<p>Seg\u00fan el funcionario, la estrategia financiera permiti\u00f3 absorber el excedente de pesos y reactivar el cr\u00e9dito al sector privado.<\/p>\n\n\n\n<p>\u201c<strong>La macro ya est\u00e1 preparada para retomar el crecimiento<\/strong>, pese al ruido pol\u00edtico del a\u00f1o pasado y al contexto geopol\u00edtico internacional\u201d, asegur\u00f3.<\/p>\n\n\n\n<h2 class=\"wp-block-heading\">El campo, eje de la recuperaci\u00f3n<\/h2>\n\n\n\n<p>Desde el Gobierno remarcan que el agro es uno de los sectores m\u00e1s competitivos de la econom\u00eda argentina y ser\u00e1 clave en la etapa de crecimiento.<\/p>\n\n\n\n<p>Con estabilidad macroecon\u00f3mica, financiamiento productivo y una mayor apertura comercial \u2014incluyendo el reciente acuerdo con Estados Unidos\u2014, la administraci\u00f3n de Milei apuesta a que <strong>el complejo agroexportador lidere la expansi\u00f3n econ\u00f3mica y el aumento de las exportaciones en los pr\u00f3ximos a\u00f1os<\/strong>.<\/p>\n","protected":false},"excerpt":{"rendered":"<p>El gobierno de Javier Milei present\u00f3 en Expoagro 2026 nuevas l\u00edneas de cr\u00e9dito para impulsar la ganader\u00eda y la industria agroalimentaria, con financiamiento de hasta $800 millones para productores y $6.500 millones para PyMEs.<\/p>\n","protected":false},"author":2,"featured_media":7626,"comment_status":"open","ping_status":"open","sticky":false,"template":"","format":"standard","meta":{"_acf_changed":false,"advanced_seo_description":"","jetpack_seo_html_title":"","jetpack_seo_noindex":false,"_jetpack_memberships_contains_paid_content":false,"footnotes":""},"categories":[629,2],"tags":[20,47,56],"class_list":["post-7625","post","type-post","status-publish","format-standard","has-post-thumbnail","hentry","category-campo","category-economia","tag-destacados","tag-la-libertad-avanza","tag-milei"],"acf":[],"jetpack_featured_media_url":"https:\/\/elliberador.com\/wp-content\/uploads\/2026\/03\/ChatGPT-Image-12-mar-2026-09_09_28-a.m.webp","jetpack_sharing_enabled":true,"_links":{"self":[{"href":"https:\/\/elliberador.com\/index.php\/wp-json\/wp\/v2\/posts\/7625","targetHints":{"allow":["GET"]}}],"collection":[{"href":"https:\/\/elliberador.com\/index.php\/wp-json\/wp\/v2\/posts"}],"about":[{"href":"https:\/\/elliberador.com\/index.php\/wp-json\/wp\/v2\/types\/post"}],"author":[{"embeddable":true,"href":"https:\/\/elliberador.com\/index.php\/wp-json\/wp\/v2\/users\/2"}],"replies":[{"embeddable":true,"href":"https:\/\/elliberador.com\/index.php\/wp-json\/wp\/v2\/comments?post=7625"}],"version-history":[{"count":1,"href":"https:\/\/elliberador.com\/index.php\/wp-json\/wp\/v2\/posts\/7625\/revisions"}],"predecessor-version":[{"id":7627,"href":"https:\/\/elliberador.com\/index.php\/wp-json\/wp\/v2\/posts\/7625\/revisions\/7627"}],"wp:featuredmedia":[{"embeddable":true,"href":"https:\/\/elliberador.com\/index.php\/wp-json\/wp\/v2\/media\/7626"}],"wp:attachment":[{"href":"https:\/\/elliberador.com\/index.php\/wp-json\/wp\/v2\/media?parent=7625"}],"wp:term":[{"taxonomy":"category","embeddable":true,"href":"https:\/\/elliberador.com\/index.php\/wp-json\/wp\/v2\/categories?post=7625"},{"taxonomy":"post_tag","embeddable":true,"href":"https:\/\/elliberador.com\/index.php\/wp-json\/wp\/v2\/tags?post=7625"}],"curies":[{"name":"wp","href":"https:\/\/api.w.org\/{rel}","templated":true}]}}