{"id":7629,"date":"2026-03-13T13:02:30","date_gmt":"2026-03-13T16:02:30","guid":{"rendered":"https:\/\/elliberador.com\/?p=7629"},"modified":"2026-03-13T13:02:32","modified_gmt":"2026-03-13T16:02:32","slug":"ultima-hora-ee-uu-afirma-que-el-lider-supremo-irani-mojtaba-khamenei-esta-herido-y-probablemente-desfigurado-tras-ataques","status":"publish","type":"post","link":"https:\/\/elliberador.com\/index.php\/2026\/03\/13\/ultima-hora-ee-uu-afirma-que-el-lider-supremo-irani-mojtaba-khamenei-esta-herido-y-probablemente-desfigurado-tras-ataques\/","title":{"rendered":"\u00daltima hora: EE.UU. afirma que el l\u00edder supremo iran\u00ed Mojtaba Khamenei est\u00e1 herido y \u201cprobablemente desfigurado\u201d tras ataques"},"content":{"rendered":"\n<p>El secretario de Defensa de Estados Unidos, Pete Hegseth, asegur\u00f3 este viernes que el nuevo l\u00edder supremo de Ir\u00e1n, Mojtaba Khamenei, result\u00f3 gravemente herido durante los bombardeos lanzados por Estados Unidos e Israel contra objetivos estrat\u00e9gicos del r\u00e9gimen iran\u00ed.<\/p>\n\n\n\n<p>Durante una conferencia de prensa en el Pent\u00e1gono, Hegseth afirm\u00f3 que el sucesor del fallecido ayatol\u00e1 Ali Khamenei se encuentra escondido, lesionado y con su capacidad de liderazgo seriamente cuestionada.<\/p>\n\n\n\n<blockquote class=\"wp-block-quote is-layout-flow wp-block-quote-is-layout-flow\">\n<p>\u201cSabemos que el nuevo supuesto l\u00edder supremo est\u00e1 herido y probablemente desfigurado\u201d, declar\u00f3 Hegseth.<br>\u201cEmiti\u00f3 un comunicado ayer, uno d\u00e9bil en realidad, pero no hubo voz ni video. Fue una declaraci\u00f3n escrita\u201d.<\/p>\n<\/blockquote>\n\n\n\n<p>El jefe del Pent\u00e1gono sugiri\u00f3 que la ausencia p\u00fablica del l\u00edder iran\u00ed se debe a su estado f\u00edsico tras los ataques.<\/p>\n\n\n\n<blockquote class=\"wp-block-quote is-layout-flow wp-block-quote-is-layout-flow\">\n<p>\u201cIr\u00e1n tiene muchas c\u00e1maras y grabadores de voz. \u00bfPor qu\u00e9 un comunicado escrito? Creo que ya saben por qu\u00e9. Su padre est\u00e1 muerto. \u00c9l est\u00e1 asustado, herido, huyendo y carece de legitimidad\u201d.<\/p>\n<\/blockquote>\n\n\n\n<p>Hegseth tambi\u00e9n lanz\u00f3 una dura cr\u00edtica al r\u00e9gimen iran\u00ed:<\/p>\n\n\n\n<blockquote class=\"wp-block-quote is-layout-flow wp-block-quote-is-layout-flow\">\n<p>\u201cSu liderazgo est\u00e1 desesperado y escondido. Han ido bajo tierra, acobardados. Eso es lo que hacen las ratas\u201d.<\/p>\n<\/blockquote>\n\n\n\n<h2 class=\"wp-block-heading\">Versiones sobre su estado: herido, desfigurado o incluso en coma<\/h2>\n\n\n\n<p>Mientras el Pent\u00e1gono sostiene que el l\u00edder iran\u00ed est\u00e1 herido, reportes provenientes de fuentes citadas por medios internacionales afirman que su situaci\u00f3n podr\u00eda ser a\u00fan m\u00e1s grave.<\/p>\n\n\n\n<p>Seg\u00fan esas versiones, Mojtaba Khamenei estar\u00eda internado en terapia intensiva en el hospital Sina de Teher\u00e1n tras sufrir graves heridas en un ataque a\u00e9reo.<\/p>\n\n\n\n<p>Las fuentes aseguran que:<\/p>\n\n\n\n<ul class=\"wp-block-list\">\n<li>habr\u00eda sufrido <strong>amputaci\u00f3n de una o incluso ambas piernas<\/strong>,<\/li>\n\n\n\n<li>tendr\u00eda <strong>da\u00f1os internos severos<\/strong>, posiblemente en el h\u00edgado o est\u00f3mago,<\/li>\n\n\n\n<li>y podr\u00eda encontrarse <strong>en estado de coma<\/strong>.<\/li>\n<\/ul>\n\n\n\n<p>Incluso se afirma que el l\u00edder iran\u00ed <strong>no ser\u00eda consciente de que fue nombrado sucesor de su padre<\/strong> ni de que actualmente Ir\u00e1n se encuentra en guerra abierta.<\/p>\n\n\n\n<p>Hasta el momento, el r\u00e9gimen iran\u00ed <strong>no ha confirmado oficialmente estos detalles<\/strong>, aunque tampoco ha mostrado im\u00e1genes recientes del l\u00edder.<\/p>\n\n\n\n<h2 class=\"wp-block-heading\">Su primera declaraci\u00f3n tras asumir el poder<\/h2>\n\n\n\n<p>El jueves, un mensaje atribuido a Mojtaba Khamenei fue difundido por la televisi\u00f3n estatal iran\u00ed. Sin embargo, el comunicado <strong>fue le\u00eddo por un presentador<\/strong>, sin audio ni video del propio l\u00edder.<\/p>\n\n\n\n<p>En ese texto, el nuevo l\u00edder prometi\u00f3 continuar la guerra contra Estados Unidos y sus aliados.<\/p>\n\n\n\n<blockquote class=\"wp-block-quote is-layout-flow wp-block-quote-is-layout-flow\">\n<p>\u201cLes aseguro que no nos abstendremos de vengar la sangre de nuestros m\u00e1rtires\u201d, se\u00f1al\u00f3 el mensaje.<\/p>\n<\/blockquote>\n\n\n\n<p>Tambi\u00e9n amenaz\u00f3 con:<\/p>\n\n\n\n<ul class=\"wp-block-list\">\n<li><strong>atacar todas las bases estadounidenses en la regi\u00f3n<\/strong>,<\/li>\n\n\n\n<li>mantener <strong>cerrado el estrecho de Ormuz<\/strong>, un punto clave para el comercio mundial de petr\u00f3leo.<\/li>\n<\/ul>\n\n\n\n<h2 class=\"wp-block-heading\">La guerra que cambi\u00f3 el liderazgo de Ir\u00e1n<\/h2>\n\n\n\n<p>Mojtaba Khamenei asumi\u00f3 el poder tras la muerte de su padre, Ali Khamenei, quien fue asesinado el <strong>28 de febrero<\/strong> durante los primeros ataques de la ofensiva lanzada por Estados Unidos e Israel contra la Rep\u00fablica Isl\u00e1mica.<\/p>\n\n\n\n<p>Desde el inicio de la guerra, Washington asegura haber golpeado de forma masiva la infraestructura militar iran\u00ed.<\/p>\n\n\n\n<p>Seg\u00fan el Pent\u00e1gono:<\/p>\n\n\n\n<ul class=\"wp-block-list\">\n<li><strong>m\u00e1s de 15.000 objetivos iran\u00edes<\/strong> han sido atacados<\/li>\n\n\n\n<li>incluyendo <strong>f\u00e1bricas de misiles, centros militares e instalaciones de innovaci\u00f3n militar<\/strong>.<\/li>\n<\/ul>\n\n\n\n<blockquote class=\"wp-block-quote is-layout-flow wp-block-quote-is-layout-flow\">\n<p>\u201cEstamos destruyendo los misiles que todav\u00eda tienen y, m\u00e1s importante, asegur\u00e1ndonos de que no tengan capacidad de producir m\u00e1s\u201d, explic\u00f3 Hegseth.<\/p>\n<\/blockquote>\n\n\n\n<h2 class=\"wp-block-heading\">La estrategia militar de EE.UU.<\/h2>\n\n\n\n<p>Durante su intervenci\u00f3n, Pete Hegseth asegur\u00f3 que la campa\u00f1a militar continuar\u00e1 hasta eliminar completamente la capacidad ofensiva del r\u00e9gimen iran\u00ed.<\/p>\n\n\n\n<blockquote class=\"wp-block-quote is-layout-flow wp-block-quote-is-layout-flow\">\n<p>\u201cSeguiremos presionando, avanzando y golpeando. No habr\u00e1 tregua ni misericordia para nuestro enemigo\u201d.<\/p>\n<\/blockquote>\n\n\n\n<p>Las operaciones militares estadounidenses e israel\u00edes buscan destruir:<\/p>\n\n\n\n<ul class=\"wp-block-list\">\n<li>el programa de <strong>misiles bal\u00edsticos<\/strong>,<\/li>\n\n\n\n<li>las <strong>instalaciones de drones<\/strong>,<\/li>\n\n\n\n<li>y la <strong>infraestructura militar y naval iran\u00ed<\/strong>.<\/li>\n<\/ul>\n\n\n\n<h2 class=\"wp-block-heading\">Un liderazgo debilitado en medio de la guerra<\/h2>\n\n\n\n<p>Analistas consideran que la posible incapacidad f\u00edsica de Mojtaba Khamenei podr\u00eda generar una <strong>crisis interna en la c\u00fapula del r\u00e9gimen iran\u00ed<\/strong>.<\/p>\n\n\n\n<p>Algunos funcionarios iran\u00edes citados por medios internacionales reconocieron que <strong>muchos comandantes militares no est\u00e1n recibiendo \u00f3rdenes directas del nuevo l\u00edder<\/strong>, lo que alimenta la incertidumbre sobre qui\u00e9n controla realmente las operaciones del pa\u00eds.<\/p>\n\n\n\n<p>Mientras tanto, el presidente estadounidense Donald Trump hab\u00eda advertido d\u00edas atr\u00e1s que el nombramiento del nuevo l\u00edder iran\u00ed podr\u00eda no durar.<\/p>\n\n\n\n<blockquote class=\"wp-block-quote is-layout-flow wp-block-quote-is-layout-flow\">\n<p>\u201cNo s\u00e9 si va a durar. Creo que cometieron un error\u201d, afirm\u00f3 el mandatario.<\/p>\n<\/blockquote>\n","protected":false},"excerpt":{"rendered":"<p>El secretario de Defensa de Estados Unidos, Pete Hegseth, afirm\u00f3 que el nuevo l\u00edder supremo de Ir\u00e1n, Mojtaba Khamenei, est\u00e1 herido y \u201cprobablemente desfigurado\u201d tras los bombardeos de EE.UU. e Israel contra objetivos estrat\u00e9gicos iran\u00edes<\/p>\n","protected":false},"author":2,"featured_media":7630,"comment_status":"open","ping_status":"open","sticky":false,"template":"","format":"standard","meta":{"_acf_changed":false,"advanced_seo_description":"","jetpack_seo_html_title":"","jetpack_seo_noindex":false,"_jetpack_memberships_contains_paid_content":false,"footnotes":""},"categories":[10],"tags":[20,694,1218,928,1200,84],"class_list":["post-7629","post","type-post","status-publish","format-standard","has-post-thumbnail","hentry","category-internacionales","tag-destacados","tag-donald-trump","tag-injured","tag-iran-2","tag-mojtaba-khamenei","tag-trump"],"acf":[],"jetpack_featured_media_url":"https:\/\/elliberador.com\/wp-content\/uploads\/2026\/03\/ChatGPT-Image-13-mar-2026-12_59_56-p.m.webp","jetpack_sharing_enabled":true,"_links":{"self":[{"href":"https:\/\/elliberador.com\/index.php\/wp-json\/wp\/v2\/posts\/7629","targetHints":{"allow":["GET"]}}],"collection":[{"href":"https:\/\/elliberador.com\/index.php\/wp-json\/wp\/v2\/posts"}],"about":[{"href":"https:\/\/elliberador.com\/index.php\/wp-json\/wp\/v2\/types\/post"}],"author":[{"embeddable":true,"href":"https:\/\/elliberador.com\/index.php\/wp-json\/wp\/v2\/users\/2"}],"replies":[{"embeddable":true,"href":"https:\/\/elliberador.com\/index.php\/wp-json\/wp\/v2\/comments?post=7629"}],"version-history":[{"count":1,"href":"https:\/\/elliberador.com\/index.php\/wp-json\/wp\/v2\/posts\/7629\/revisions"}],"predecessor-version":[{"id":7631,"href":"https:\/\/elliberador.com\/index.php\/wp-json\/wp\/v2\/posts\/7629\/revisions\/7631"}],"wp:featuredmedia":[{"embeddable":true,"href":"https:\/\/elliberador.com\/index.php\/wp-json\/wp\/v2\/media\/7630"}],"wp:attachment":[{"href":"https:\/\/elliberador.com\/index.php\/wp-json\/wp\/v2\/media?parent=7629"}],"wp:term":[{"taxonomy":"category","embeddable":true,"href":"https:\/\/elliberador.com\/index.php\/wp-json\/wp\/v2\/categories?post=7629"},{"taxonomy":"post_tag","embeddable":true,"href":"https:\/\/elliberador.com\/index.php\/wp-json\/wp\/v2\/tags?post=7629"}],"curies":[{"name":"wp","href":"https:\/\/api.w.org\/{rel}","templated":true}]}}