{"id":7635,"date":"2026-03-14T13:46:57","date_gmt":"2026-03-14T16:46:57","guid":{"rendered":"https:\/\/elliberador.com\/?p=7635"},"modified":"2026-03-14T13:46:59","modified_gmt":"2026-03-14T16:46:59","slug":"cuba-busca-su-liberacion-los-ciudadanos-vieron-una-ventanita-de-luz-con-eeuu-y-empezaron-a-desafiar-al-regimen","status":"publish","type":"post","link":"https:\/\/elliberador.com\/index.php\/2026\/03\/14\/cuba-busca-su-liberacion-los-ciudadanos-vieron-una-ventanita-de-luz-con-eeuu-y-empezaron-a-desafiar-al-regimen\/","title":{"rendered":"Cuba busca su liberaci\u00f3n: Los ciudadanos vieron una ventanita de luz con EEUU y empezaron a desafiar al r\u00e9gimen\u00a0"},"content":{"rendered":"\n<p>El presidente <strong>Miguel D\u00edaz-Canel<\/strong> reconoci\u00f3 p\u00fablicamente que su administraci\u00f3n mantiene conversaciones con Washington con el objetivo de aliviar la profunda crisis energ\u00e9tica y econ\u00f3mica que golpea al pa\u00eds. La isla enfrenta meses de falta de combustible, paralizaci\u00f3n de centrales el\u00e9ctricas y una red energ\u00e9tica colapsada que deja a millones de personas sin luz durante gran parte del d\u00eda.<\/p>\n\n\n\n<p>En ese contexto de creciente descontento social para con el r\u00e9gimen, comenzaron a registrarse protestas en diferentes localidades. Uno de los episodios m\u00e1s simb\u00f3licos ocurri\u00f3 en la ciudad de Mor\u00f3n, en la provincia de Ciego de \u00c1vila, donde manifestantes atacaron una sede del <strong>Partido Comunista de Cuba<\/strong>, la estructura pol\u00edtica que gobierna el pa\u00eds desde hace m\u00e1s de seis d\u00e9cadas.<\/p>\n\n\n\n<p>Seg\u00fan reportes locales, durante los disturbios:<\/p>\n\n\n\n<ul class=\"wp-block-list\">\n<li>Manifestantes irrumpieron en el edificio,<br><\/li>\n\n\n\n<li>retiraron muebles y material propagand\u00edstico del partido,<br><\/li>\n\n\n\n<li>y parte de esos objetos fue incendiada en la calle como se\u00f1al de rechazo al r\u00e9gimen.<br><\/li>\n<\/ul>\n\n\n\n<h3 class=\"wp-block-heading\"><strong>Un pa\u00eds paralizado por la escasez<\/strong><\/h3>\n\n\n\n<p>Las protestas no son de ahora, los ciudadanos est\u00e1n cansados, no conocen otra cosa que no sea escasez, y malas condiciones de vida. Despu\u00e9s de la esperanza de la esperanza que surgi\u00f3\u00b4con la presencia de Estados Unidos, los cubanos pudieron expresar con m\u00e1s ganas ese malestar acumulado durante a\u00f1os y agravado por una crisis econ\u00f3mica que hoy golpea todos los aspectos de la vida cotidiana.<\/p>\n\n\n\n<p>En muchas ciudades cubanas los apagones superan las <strong>15 o incluso 20 horas diarias<\/strong>. Barrios enteros pasan pr\u00e1cticamente todo el d\u00eda sin electricidad, lo que significa:<\/p>\n\n\n\n<ul class=\"wp-block-list\">\n<li>Los pocos alimentos que consiguen se echan a perder por falta de refrigeraci\u00f3n,<br><\/li>\n\n\n\n<li>hospitales funcionando con generadores precarios,<br><\/li>\n\n\n\n<li>transporte p\u00fablico casi inexistente por falta de combustible,<br><\/li>\n\n\n\n<li>comercios paralizados. <\/li>\n<\/ul>\n\n\n\n<p>A esto se suma una escasez cada vez m\u00e1s profunda de productos b\u00e1sicos. Conseguir alimentos como arroz, pollo, aceite o leche se ha convertido en una tarea diaria que puede implicar horas de filas o directamente la imposibilidad de encontrarlos, conseguir estos alimentos es calificado como \u201cprivilegio\u201d ya que la mayoria de la poblaci\u00f3n come solo un pan diario que te dan con la libreta de abastecimiento.<\/p>\n\n\n\n<div class=\"wp-block-jetpack-slideshow aligncenter\" data-effect=\"slide\"><div class=\"wp-block-jetpack-slideshow_container swiper\"><ul class=\"wp-block-jetpack-slideshow_swiper-wrapper swiper-wrapper\"><li class=\"wp-block-jetpack-slideshow_slide swiper-slide\"><figure><img fetchpriority=\"high\" decoding=\"async\" width=\"1024\" height=\"576\" alt=\"\" class=\"wp-block-jetpack-slideshow_image wp-image-7638\" data-id=\"7638\" src=\"https:\/\/elliberador.com\/wp-content\/uploads\/2026\/03\/image-10-1024x576.png\" srcset=\"https:\/\/elliberador.com\/wp-content\/uploads\/2026\/03\/image-10-1024x576.png 1024w, https:\/\/elliberador.com\/wp-content\/uploads\/2026\/03\/image-10-300x169.png 300w, https:\/\/elliberador.com\/wp-content\/uploads\/2026\/03\/image-10-768x432.png 768w, https:\/\/elliberador.com\/wp-content\/uploads\/2026\/03\/image-10.png 1200w\" sizes=\"(max-width: 1024px) 100vw, 1024px\" \/><figcaption class=\"wp-block-jetpack-slideshow_caption gallery-caption\"><\/figcaption><\/figure><\/li><li class=\"wp-block-jetpack-slideshow_slide swiper-slide\"><figure><img decoding=\"async\" width=\"1200\" height=\"525\" alt=\"\" class=\"wp-block-jetpack-slideshow_image wp-image-7642\" data-id=\"7642\" data-aspect-ratio=\"1200 \/ 525\" src=\"https:\/\/elliberador.com\/wp-content\/uploads\/2026\/03\/16903806_1004-1.webp\" srcset=\"https:\/\/elliberador.com\/wp-content\/uploads\/2026\/03\/16903806_1004-1.webp 1200w, https:\/\/elliberador.com\/wp-content\/uploads\/2026\/03\/16903806_1004-1-300x131.webp 300w, https:\/\/elliberador.com\/wp-content\/uploads\/2026\/03\/16903806_1004-1-1024x448.webp 1024w, https:\/\/elliberador.com\/wp-content\/uploads\/2026\/03\/16903806_1004-1-768x336.webp 768w\" sizes=\"(max-width: 1200px) 100vw, 1200px\" \/><\/figure><\/li><li class=\"wp-block-jetpack-slideshow_slide swiper-slide\"><figure><img decoding=\"async\" width=\"855\" height=\"522\" alt=\"\" class=\"wp-block-jetpack-slideshow_image wp-image-7643\" data-id=\"7643\" data-aspect-ratio=\"855 \/ 522\" src=\"https:\/\/elliberador.com\/wp-content\/uploads\/2026\/03\/cuba-desabastecimiento-bodega-04262019-efe-ernesto-mastrascusajpg-1.webp\" srcset=\"https:\/\/elliberador.com\/wp-content\/uploads\/2026\/03\/cuba-desabastecimiento-bodega-04262019-efe-ernesto-mastrascusajpg-1.webp 855w, https:\/\/elliberador.com\/wp-content\/uploads\/2026\/03\/cuba-desabastecimiento-bodega-04262019-efe-ernesto-mastrascusajpg-1-300x183.webp 300w, https:\/\/elliberador.com\/wp-content\/uploads\/2026\/03\/cuba-desabastecimiento-bodega-04262019-efe-ernesto-mastrascusajpg-1-768x469.webp 768w\" sizes=\"(max-width: 855px) 100vw, 855px\" \/><\/figure><\/li><li class=\"wp-block-jetpack-slideshow_slide swiper-slide\"><figure><img loading=\"lazy\" decoding=\"async\" width=\"640\" height=\"360\" alt=\"\" class=\"wp-block-jetpack-slideshow_image wp-image-7644\" data-id=\"7644\" data-aspect-ratio=\"640 \/ 360\" src=\"https:\/\/elliberador.com\/wp-content\/uploads\/2026\/03\/107089604_escasez-cuba-755x500.jpg-1.webp\" srcset=\"https:\/\/elliberador.com\/wp-content\/uploads\/2026\/03\/107089604_escasez-cuba-755x500.jpg-1.webp 640w, https:\/\/elliberador.com\/wp-content\/uploads\/2026\/03\/107089604_escasez-cuba-755x500.jpg-1-300x169.webp 300w\" sizes=\"(max-width: 640px) 100vw, 640px\" \/><\/figure><\/li><\/ul><a class=\"wp-block-jetpack-slideshow_button-prev swiper-button-prev swiper-button-white\" role=\"button\"><\/a><a class=\"wp-block-jetpack-slideshow_button-next swiper-button-next swiper-button-white\" role=\"button\"><\/a><a aria-label=\"Pause Slideshow\" class=\"wp-block-jetpack-slideshow_button-pause\" role=\"button\"><\/a><div class=\"wp-block-jetpack-slideshow_pagination swiper-pagination swiper-pagination-white\"><\/div><\/div><\/div>\n\n\n\n<p>En muchas farmacias faltan medicamentos esenciales como antibi\u00f3ticos, analg\u00e9sicos o insulina. Familias enteras dependen de env\u00edos desde el exterior o del mercado informal para acceder a tratamientos m\u00e9dicos b\u00e1sicos.<\/p>\n\n\n\n<div class=\"wp-block-jetpack-slideshow aligncenter\" data-effect=\"slide\"><div class=\"wp-block-jetpack-slideshow_container swiper\"><ul class=\"wp-block-jetpack-slideshow_swiper-wrapper swiper-wrapper\"><li class=\"wp-block-jetpack-slideshow_slide swiper-slide\"><figure><img loading=\"lazy\" decoding=\"async\" width=\"1024\" height=\"538\" alt=\"\" class=\"wp-block-jetpack-slideshow_image wp-image-7646\" data-id=\"7646\" src=\"https:\/\/elliberador.com\/wp-content\/uploads\/2026\/03\/image-12-1024x538.png\" srcset=\"https:\/\/elliberador.com\/wp-content\/uploads\/2026\/03\/image-12-1024x538.png 1024w, https:\/\/elliberador.com\/wp-content\/uploads\/2026\/03\/image-12-300x158.png 300w, https:\/\/elliberador.com\/wp-content\/uploads\/2026\/03\/image-12-768x403.png 768w, https:\/\/elliberador.com\/wp-content\/uploads\/2026\/03\/image-12.png 1200w\" sizes=\"(max-width: 1024px) 100vw, 1024px\" \/><figcaption class=\"wp-block-jetpack-slideshow_caption gallery-caption\"><\/figcaption><\/figure><\/li><li class=\"wp-block-jetpack-slideshow_slide swiper-slide\"><figure><img loading=\"lazy\" decoding=\"async\" width=\"855\" height=\"600\" alt=\"\" class=\"wp-block-jetpack-slideshow_image wp-image-7651\" data-id=\"7651\" data-aspect-ratio=\"855 \/ 600\" src=\"https:\/\/elliberador.com\/wp-content\/uploads\/2026\/03\/cubaap.webp\" srcset=\"https:\/\/elliberador.com\/wp-content\/uploads\/2026\/03\/cubaap.webp 855w, https:\/\/elliberador.com\/wp-content\/uploads\/2026\/03\/cubaap-300x211.webp 300w, https:\/\/elliberador.com\/wp-content\/uploads\/2026\/03\/cubaap-768x539.webp 768w\" sizes=\"(max-width: 855px) 100vw, 855px\" \/><\/figure><\/li><li class=\"wp-block-jetpack-slideshow_slide swiper-slide\"><figure><img loading=\"lazy\" decoding=\"async\" width=\"299\" height=\"168\" alt=\"\" class=\"wp-block-jetpack-slideshow_image wp-image-7654\" data-id=\"7654\" data-aspect-ratio=\"299 \/ 168\" src=\"https:\/\/elliberador.com\/wp-content\/uploads\/2026\/03\/images-3.jpg\"\/><\/figure><\/li><li class=\"wp-block-jetpack-slideshow_slide swiper-slide\"><figure><img loading=\"lazy\" decoding=\"async\" width=\"251\" height=\"201\" alt=\"\" class=\"wp-block-jetpack-slideshow_image wp-image-7653\" data-id=\"7653\" data-aspect-ratio=\"251 \/ 201\" src=\"https:\/\/elliberador.com\/wp-content\/uploads\/2026\/03\/images-4.jpg\"\/><\/figure><\/li><li class=\"wp-block-jetpack-slideshow_slide swiper-slide\"><figure><img loading=\"lazy\" decoding=\"async\" width=\"280\" height=\"180\" alt=\"\" class=\"wp-block-jetpack-slideshow_image wp-image-7652\" data-id=\"7652\" data-aspect-ratio=\"280 \/ 180\" src=\"https:\/\/elliberador.com\/wp-content\/uploads\/2026\/03\/images-5.jpg\"\/><\/figure><\/li><\/ul><a class=\"wp-block-jetpack-slideshow_button-prev swiper-button-prev swiper-button-white\" role=\"button\"><\/a><a class=\"wp-block-jetpack-slideshow_button-next swiper-button-next swiper-button-white\" role=\"button\"><\/a><a aria-label=\"Pause Slideshow\" class=\"wp-block-jetpack-slideshow_button-pause\" role=\"button\"><\/a><div class=\"wp-block-jetpack-slideshow_pagination swiper-pagination swiper-pagination-white\"><\/div><\/div><\/div>\n\n\n\n<p>El salario promedio estatal apenas alcanza para cubrir una fracci\u00f3n m\u00ednima del costo real de vida, mientras la inflaci\u00f3n y el mercado negro se expanden como \u00fanica v\u00eda de supervivencia para millones de personas.<\/p>\n\n\n\n<h3 class=\"wp-block-heading\"><strong>Protestas y una \u201cventana de esperanza\u201d<\/strong><\/h3>\n\n\n\n<p>En este escenario de desesperaci\u00f3n cotidiana, el anuncio de contactos con Estados Unidos fue interpretado por muchos cubanos como una se\u00f1al de que algo podr\u00eda empezar a cambiar.<\/p>\n\n\n\n<p>Para sectores de la poblaci\u00f3n que llevan d\u00e9cadas viviendo bajo un sistema pol\u00edtico cerrado, el inicio de conversaciones internacionales se percibe como <strong>una peque\u00f1a grieta en un modelo que parec\u00eda inamovible<\/strong>.<\/p>\n\n\n\n<p>Por eso, para algunos manifestantes, salir a la calle no es solo una reacci\u00f3n a los apagones o a la falta de comida. Tambi\u00e9n es un intento de aprovechar esa ventana pol\u00edtica para expresar un reclamo m\u00e1s profundo: <strong>libertad, apertura y un cambio de rumbo para el pa\u00eds<\/strong>.<\/p>\n\n\n\n<p><\/p>\n","protected":false},"excerpt":{"rendered":"<p>La crisis que atraviesa Cuba volvi\u00f3 a estallar, pero esta vez es diferente, esta vez tienen un hilo de esperanza del cual tirar. En medio de apagones masivos, escasez de alimentos, sin atenciones m\u00e9dicas y un deterioro acelerado de la econom\u00eda, el gobierno cubano confirm\u00f3 contactos con Estados Unidos.<\/p>\n","protected":false},"author":2,"featured_media":7655,"comment_status":"open","ping_status":"open","sticky":false,"template":"","format":"standard","meta":{"_acf_changed":false,"advanced_seo_description":"","jetpack_seo_html_title":"","jetpack_seo_noindex":false,"_jetpack_memberships_contains_paid_content":false,"footnotes":""},"categories":[10],"tags":[20],"class_list":["post-7635","post","type-post","status-publish","format-standard","has-post-thumbnail","hentry","category-internacionales","tag-destacados"],"acf":[],"jetpack_featured_media_url":"https:\/\/elliberador.com\/wp-content\/uploads\/2026\/03\/unnamed-2.jpg","jetpack_sharing_enabled":true,"_links":{"self":[{"href":"https:\/\/elliberador.com\/index.php\/wp-json\/wp\/v2\/posts\/7635","targetHints":{"allow":["GET"]}}],"collection":[{"href":"https:\/\/elliberador.com\/index.php\/wp-json\/wp\/v2\/posts"}],"about":[{"href":"https:\/\/elliberador.com\/index.php\/wp-json\/wp\/v2\/types\/post"}],"author":[{"embeddable":true,"href":"https:\/\/elliberador.com\/index.php\/wp-json\/wp\/v2\/users\/2"}],"replies":[{"embeddable":true,"href":"https:\/\/elliberador.com\/index.php\/wp-json\/wp\/v2\/comments?post=7635"}],"version-history":[{"count":1,"href":"https:\/\/elliberador.com\/index.php\/wp-json\/wp\/v2\/posts\/7635\/revisions"}],"predecessor-version":[{"id":7656,"href":"https:\/\/elliberador.com\/index.php\/wp-json\/wp\/v2\/posts\/7635\/revisions\/7656"}],"wp:featuredmedia":[{"embeddable":true,"href":"https:\/\/elliberador.com\/index.php\/wp-json\/wp\/v2\/media\/7655"}],"wp:attachment":[{"href":"https:\/\/elliberador.com\/index.php\/wp-json\/wp\/v2\/media?parent=7635"}],"wp:term":[{"taxonomy":"category","embeddable":true,"href":"https:\/\/elliberador.com\/index.php\/wp-json\/wp\/v2\/categories?post=7635"},{"taxonomy":"post_tag","embeddable":true,"href":"https:\/\/elliberador.com\/index.php\/wp-json\/wp\/v2\/tags?post=7635"}],"curies":[{"name":"wp","href":"https:\/\/api.w.org\/{rel}","templated":true}]}}