{"id":7664,"date":"2026-03-15T22:38:33","date_gmt":"2026-03-16T01:38:33","guid":{"rendered":"https:\/\/elliberador.com\/?p=7664"},"modified":"2026-03-15T22:38:35","modified_gmt":"2026-03-16T01:38:35","slug":"suenos-compartidos-el-escandalo-que-expuso-el-vinculo-corrupto-entre-el-kirchnerismo-y-las-madres-de-plaza-de-mayo","status":"publish","type":"post","link":"https:\/\/elliberador.com\/index.php\/2026\/03\/15\/suenos-compartidos-el-escandalo-que-expuso-el-vinculo-corrupto-entre-el-kirchnerismo-y-las-madres-de-plaza-de-mayo\/","title":{"rendered":"\u201cSue\u00f1os Compartidos\u201d: el esc\u00e1ndalo que expuso el v\u00ednculo corrupto entre el kirchnerismo y las Madres de Plaza de Mayo"},"content":{"rendered":"\n<p>Lo que comenz\u00f3 como un plan para construir casas destinadas a familias vulnerables termin\u00f3 convertido en una trama de <strong>millones de pesos desviados, obras inconclusas, empresas creadas para facturar al Estado y una causa judicial que todav\u00eda hoy sigue generando repercusiones<\/strong>.<\/p>\n\n\n\n<p>El plan Sue\u00f1os Compartidos fue lanzado en 2006 como parte de la pol\u00edtica de viviendas sociales impulsada por el gobierno nacional. El Estado transfer\u00eda fondos para la construcci\u00f3n de barrios populares y la ejecuci\u00f3n de las obras qued\u00f3 en manos de la Fundaci\u00f3n Madres de Plaza de Mayo.<\/p>\n\n\n\n<p>La organizaci\u00f3n estaba presidida por <strong>Hebe de Bonafini<\/strong>, una de las dirigentes m\u00e1s cercanas pol\u00edticamente al kirchnerismo durante esos a\u00f1os.<\/p>\n\n\n\n<p>Para administrar el programa se design\u00f3 como apoderados de la fundaci\u00f3n a los hermanos <strong>Sergio Schoklender<\/strong> y <strong>Pablo Schoklender<\/strong>, desde esa posici\u00f3n manejaban la estructura financiera y administrativa del programa, que lleg\u00f3 a recibir <strong>cientos de millones de pesos del Estado nacional<\/strong> para ejecutar proyectos de viviendas en distintas provincias.<\/p>\n\n\n\n<h3 class=\"wp-block-heading\"><strong>\u00bfDe qu\u00e9 trata la causa \u201cSue\u00f1os Compartidos\u201d?<\/strong><\/h3>\n\n\n\n<p>El juicio investiga un presunto <strong>desv\u00edo de m\u00e1s de 200 millones de pesos destinados a viviendas sociales<\/strong>, dinero que deb\u00eda usarse para construir casas para sectores vulnerables. El programa funcionaba as\u00ed:<\/p>\n\n\n\n<ul class=\"wp-block-list\">\n<li>El Estado financiaba viviendas sociales.<\/li>\n\n\n\n<li>La ejecuci\u00f3n la hac\u00eda la fundaci\u00f3n de las Madres de Plaza de Mayo.<\/li>\n\n\n\n<li>La administraci\u00f3n del dinero estaba en manos de los hermanos Schoklender.<\/li>\n<\/ul>\n\n\n\n<p>La fiscal\u00eda sostiene que <strong>parte de los fondos p\u00fablicos se desviaron o no se usaron para las obras<\/strong>.&nbsp;<\/p>\n\n\n\n<p>-Lo que dijo Schoklender <strong>es una declaraci\u00f3n de un imputado en juicio<\/strong>, no una sentencia judicial.<br>El tribunal todav\u00eda debe determinar responsabilidades penales en el caso.<\/p>\n\n\n\n<h2 class=\"wp-block-heading\"><strong>El estallido del esc\u00e1ndalo<\/strong><\/h2>\n\n\n\n<p>El esquema comenz\u00f3 a derrumbarse en 2011 cuando se detectaron irregularidades graves en la administraci\u00f3n de los fondos.<\/p>\n\n\n\n<p>La investigaci\u00f3n judicial revel\u00f3 una serie de maniobras que encendieron las alarmas:<\/p>\n\n\n\n<ul class=\"wp-block-list\">\n<li><strong>Desv\u00edo de fondos p\u00fablicos destinados a viviendas sociales.<\/strong><\/li>\n\n\n\n<li><strong>Empresas vinculadas a los Schoklender que facturaban obras al Estado.<\/strong><\/li>\n\n\n\n<li><strong>Transferencias millonarias sin controles administrativos claros.<\/strong><\/li>\n\n\n\n<li><strong>Obras que quedaron inconclusas o directamente nunca comenzaron.<\/strong><\/li>\n<\/ul>\n\n\n\n<p>A medida que avanzaban las investigaciones tambi\u00e9n aparecieron <strong>bienes de lujo vinculados al manejo de esos fondos<\/strong>, como propiedades, veh\u00edculos de alta gama y movimientos financieros dif\u00edciles de justificar.<\/p>\n\n\n\n<p>La causa termin\u00f3 conocida como <strong>Causa Sue\u00f1os Compartidos<\/strong>, uno de los expedientes judiciales m\u00e1s sensibles del kirchnerismo.<\/p>\n\n\n\n<h2 class=\"wp-block-heading\"><strong>Responsabilidades y consecuencias<\/strong><\/h2>\n\n\n\n<ul class=\"wp-block-list\">\n<li>Los hermanos Schoklender fueron investigados por <strong>defraudaci\u00f3n al Estado, lavado de dinero y administraci\u00f3n fraudulenta<\/strong>.<br><\/li>\n\n\n\n<li>El programa fue cancelado y muchas obras quedaron paralizadas.<\/li>\n<\/ul>\n\n\n\n<p><strong>Hebe de Bonafini<\/strong> defendi\u00f3 inicialmente a Schoklender, pero luego lo expuls\u00f3 de la fundaci\u00f3n cuando se conocieron las acusaciones.<\/p>\n\n\n\n<p><strong>\u00bfQu\u00e9 pas\u00f3?<\/strong><\/p>\n\n\n\n<p>El gobierno kirchnerista hab\u00eda transferido <strong>grandes sumas de dinero sin controles administrativos estrictos<\/strong>. La fundaci\u00f3n ten\u00eda <strong>trato directo con la Casa Rosada<\/strong>.<br>La oposici\u00f3n acus\u00f3 al kirchnerismo de usar organizaciones afines para manejar fondos p\u00fablicos.<br>En t\u00e9rminos judiciales se investig\u00f3 la responsabilidad del sistema de control estatal en la asignaci\u00f3n de los fondos.<\/p>\n\n\n\n<p><strong>\u00bfQu\u00e9 dijo Sergio Schoklender en el juicio?<\/strong><\/p>\n\n\n\n<p>El exapoderado de la fundaci\u00f3n <strong>Sergio Schoklender<\/strong> declar\u00f3 ante el Tribunal Oral Federal N.\u00ba 5 y asegur\u00f3 que el sistema se descontrol\u00f3 despu\u00e9s de la muerte de N\u00e9stor Kirchner en 2010.<\/p>\n\n\n\n<p>Seg\u00fan su testimonio:<\/p>\n\n\n\n<ul class=\"wp-block-list\">\n<li>Dijo que <strong>\u201ccuando muri\u00f3 N\u00e9stor se desmadr\u00f3 todo\u201d<\/strong> dentro del esquema de obra p\u00fablica y del programa de viviendas, refiriendose a la corrupci\u00f3n.<\/li>\n<\/ul>\n\n\n\n<p>Schoklender asegur\u00f3 que dentro del esquema exist\u00eda una estructura pol\u00edtica y econ\u00f3mica vinculada a la obra p\u00fablica y que, tras la muerte del expresidente en 2010, el sistema perdi\u00f3 los l\u00edmites que ten\u00eda. Tambi\u00e9n se\u00f1al\u00f3 que dentro del programa hab\u00eda <strong>irregularidades en la adjudicaci\u00f3n de obras, pagos adelantados y empresas que cobraban trabajos que nunca se terminaban<\/strong>.<\/p>\n\n\n\n<p>En su declaraci\u00f3n apunt\u00f3 adem\u00e1s contra la conducci\u00f3n de la fundaci\u00f3n y afirm\u00f3 que Hebe de Bonafini estaba pol\u00edticamente alineada con el kirchnerismo y bajo la influencia de dirigentes cercanos al poder.<\/p>\n\n\n\n<p>Otra de las afirmaciones que gener\u00f3 pol\u00e9mica fue que <strong>parte de los recursos del programa se utilizaban para financiar movilizaciones pol\u00edticas y actividades vinculadas al oficialismo de entonces<\/strong>.<\/p>\n\n\n\n<p>Mientras tanto, el caso Sue\u00f1os Compartidos sigue siendo uno de los ejemplos m\u00e1s citados en el debate pol\u00edtico argentino cuando se discute <strong>la relaci\u00f3n entre poder pol\u00edtico, organizaciones sociales y manejo de fondos p\u00fablicos<\/strong>.<\/p>\n","protected":false},"excerpt":{"rendered":"<p>Durante a\u00f1os, la organizaci\u00f3n Madres de Plaza de Mayo fue presentada como uno de los s\u00edmbolos morales m\u00e1s fuertes de la pol\u00edtica argentina. Sin embargo, detr\u00e1s de esa fachada hist\u00f3rica se desarroll\u00f3 uno de los esc\u00e1ndalos de corrupci\u00f3n m\u00e1s impactantes vinculados a fondos p\u00fablicos durante los gobiernos de N\u00e9stor Kirchner y Cristina Fern\u00e1ndez de Kirchner: el caso del programa de viviendas Sue\u00f1os Compartidos.<\/p>\n","protected":false},"author":2,"featured_media":7665,"comment_status":"open","ping_status":"open","sticky":false,"template":"","format":"standard","meta":{"_acf_changed":false,"advanced_seo_description":"","jetpack_seo_html_title":"","jetpack_seo_noindex":false,"_jetpack_memberships_contains_paid_content":false,"footnotes":""},"categories":[59],"tags":[20],"class_list":["post-7664","post","type-post","status-publish","format-standard","has-post-thumbnail","hentry","category-justicia","tag-destacados"],"acf":[],"jetpack_featured_media_url":"https:\/\/elliberador.com\/wp-content\/uploads\/2026\/03\/Diseno-sin-titulo-2.jpg","jetpack_sharing_enabled":true,"_links":{"self":[{"href":"https:\/\/elliberador.com\/index.php\/wp-json\/wp\/v2\/posts\/7664","targetHints":{"allow":["GET"]}}],"collection":[{"href":"https:\/\/elliberador.com\/index.php\/wp-json\/wp\/v2\/posts"}],"about":[{"href":"https:\/\/elliberador.com\/index.php\/wp-json\/wp\/v2\/types\/post"}],"author":[{"embeddable":true,"href":"https:\/\/elliberador.com\/index.php\/wp-json\/wp\/v2\/users\/2"}],"replies":[{"embeddable":true,"href":"https:\/\/elliberador.com\/index.php\/wp-json\/wp\/v2\/comments?post=7664"}],"version-history":[{"count":1,"href":"https:\/\/elliberador.com\/index.php\/wp-json\/wp\/v2\/posts\/7664\/revisions"}],"predecessor-version":[{"id":7666,"href":"https:\/\/elliberador.com\/index.php\/wp-json\/wp\/v2\/posts\/7664\/revisions\/7666"}],"wp:featuredmedia":[{"embeddable":true,"href":"https:\/\/elliberador.com\/index.php\/wp-json\/wp\/v2\/media\/7665"}],"wp:attachment":[{"href":"https:\/\/elliberador.com\/index.php\/wp-json\/wp\/v2\/media?parent=7664"}],"wp:term":[{"taxonomy":"category","embeddable":true,"href":"https:\/\/elliberador.com\/index.php\/wp-json\/wp\/v2\/categories?post=7664"},{"taxonomy":"post_tag","embeddable":true,"href":"https:\/\/elliberador.com\/index.php\/wp-json\/wp\/v2\/tags?post=7664"}],"curies":[{"name":"wp","href":"https:\/\/api.w.org\/{rel}","templated":true}]}}