{"id":7677,"date":"2026-03-16T01:03:32","date_gmt":"2026-03-16T04:03:32","guid":{"rendered":"https:\/\/elliberador.com\/?p=7677"},"modified":"2026-03-16T01:03:34","modified_gmt":"2026-03-16T04:03:34","slug":"mostaza-acelera-su-expansion-en-argentina-invertira-us-40-millones-y-abrira-30-nuevos-locales-en-2026","status":"publish","type":"post","link":"https:\/\/elliberador.com\/index.php\/2026\/03\/16\/mostaza-acelera-su-expansion-en-argentina-invertira-us-40-millones-y-abrira-30-nuevos-locales-en-2026\/","title":{"rendered":"Mostaza acelera su expansi\u00f3n en Argentina: invertir\u00e1 US$ 40 millones y abrir\u00e1 30 nuevos locales en 2026"},"content":{"rendered":"\n<p>La cadena argentina de comida r\u00e1pida Mostaza anunci\u00f3 un ambicioso plan de expansi\u00f3n para 2026 que contempla <strong>una inversi\u00f3n de US$ 40 millones, la apertura de 30 nuevos locales en todo el pa\u00eds y la generaci\u00f3n de m\u00e1s de 4.000 puestos de trabajo<\/strong>.<\/p>\n\n\n\n<p>El anuncio se interpreta como <strong>una se\u00f1al clara de reactivaci\u00f3n del sector privado<\/strong>, que vuelve a apostar por el crecimiento, la inversi\u00f3n productiva, la competencia y la generaci\u00f3n de empleo en la Argentina.<\/p>\n\n\n\n<h3 class=\"wp-block-heading\">El motor del crecimiento: la inversi\u00f3n privada<\/h3>\n\n\n\n<p>El proyecto prev\u00e9 la apertura de nuevas sucursales en distintas provincias con el objetivo de ampliar la presencia de la marca en el mercado nacional. La inversi\u00f3n se destinar\u00e1 a <strong>infraestructura, equipamiento, log\u00edstica y contrataci\u00f3n de personal<\/strong>, lo que generar\u00e1 un fuerte impacto en la econom\u00eda real.<\/p>\n\n\n\n<p>Desde la compa\u00f1\u00eda destacaron que la expansi\u00f3n permitir\u00e1 <strong>crear miles de empleos directos<\/strong>, especialmente para j\u00f3venes que ingresan al mercado laboral en \u00e1reas operativas y de atenci\u00f3n al p\u00fablico.<\/p>\n\n\n\n<p>El crecimiento de la empresa tambi\u00e9n dinamiza <strong>toda la cadena de valor<\/strong>, desde proveedores de alimentos hasta servicios log\u00edsticos, construcci\u00f3n y tecnolog\u00eda.<\/p>\n\n\n\n<h3 class=\"wp-block-heading\">Un clima m\u00e1s favorable para producir<\/h3>\n\n\n\n<p>El anuncio llega en un contexto en el que el sector privado comienza a mostrar <strong>nuevas se\u00f1ales de confianza en el pa\u00eds<\/strong>. Distintas compa\u00f1\u00edas eval\u00faan proyectos de inversi\u00f3n tras cambios en el escenario econ\u00f3mico que apuntan a <strong>reglas m\u00e1s claras, reducci\u00f3n de trabas burocr\u00e1ticas y un enfoque m\u00e1s favorable al mercado<\/strong>.<\/p>\n\n\n\n<p>En ese marco, la expansi\u00f3n de Mostaza aparece como un ejemplo concreto de c\u00f3mo <strong>la inversi\u00f3n privada puede generar empleo genuino sin depender del Estado<\/strong>.<\/p>\n\n\n\n<h3 class=\"wp-block-heading\">M\u00e1s empresa, m\u00e1s trabajo<\/h3>\n\n\n\n<p>La decisi\u00f3n de la empresa refleja una l\u00f3gica simple pero central en cualquier econom\u00eda que busca crecer: <strong>cuando hay inversi\u00f3n, hay producci\u00f3n; cuando hay producci\u00f3n, hay trabajo<\/strong>.<\/p>\n\n\n\n<p>La apertura de 30 nuevas sucursales no solo ampliar\u00e1 la presencia de la marca en el pa\u00eds, sino que tambi\u00e9n representa <strong>una apuesta por el desarrollo econ\u00f3mico basado en el esfuerzo empresarial, la iniciativa privada y la generaci\u00f3n de oportunidades laborales reales<\/strong>.<\/p>\n\n\n\n<p><\/p>\n","protected":false},"excerpt":{"rendered":"<p>El plan de expansi\u00f3n de Mostaza para 2026 podr\u00eda convertirse en uno de los proyectos de crecimiento m\u00e1s importantes del sector de comida r\u00e1pida en el pa\u00eds, consolidando la empresa como un actor clave dentro del mercado gastron\u00f3mico argentino. M\u00e1s inversi\u00f3n privada, m\u00e1s producci\u00f3n, m\u00e1s empleo<\/p>\n","protected":false},"author":2,"featured_media":7678,"comment_status":"open","ping_status":"open","sticky":false,"template":"","format":"standard","meta":{"_acf_changed":false,"advanced_seo_description":"","jetpack_seo_html_title":"","jetpack_seo_noindex":false,"_jetpack_memberships_contains_paid_content":false,"footnotes":""},"categories":[601],"tags":[20],"class_list":["post-7677","post","type-post","status-publish","format-standard","has-post-thumbnail","hentry","category-comercio","tag-destacados"],"acf":[],"jetpack_featured_media_url":"https:\/\/elliberador.com\/wp-content\/uploads\/2026\/03\/Diseno-sin-titulo-3.jpg","jetpack_sharing_enabled":true,"_links":{"self":[{"href":"https:\/\/elliberador.com\/index.php\/wp-json\/wp\/v2\/posts\/7677","targetHints":{"allow":["GET"]}}],"collection":[{"href":"https:\/\/elliberador.com\/index.php\/wp-json\/wp\/v2\/posts"}],"about":[{"href":"https:\/\/elliberador.com\/index.php\/wp-json\/wp\/v2\/types\/post"}],"author":[{"embeddable":true,"href":"https:\/\/elliberador.com\/index.php\/wp-json\/wp\/v2\/users\/2"}],"replies":[{"embeddable":true,"href":"https:\/\/elliberador.com\/index.php\/wp-json\/wp\/v2\/comments?post=7677"}],"version-history":[{"count":1,"href":"https:\/\/elliberador.com\/index.php\/wp-json\/wp\/v2\/posts\/7677\/revisions"}],"predecessor-version":[{"id":7679,"href":"https:\/\/elliberador.com\/index.php\/wp-json\/wp\/v2\/posts\/7677\/revisions\/7679"}],"wp:featuredmedia":[{"embeddable":true,"href":"https:\/\/elliberador.com\/index.php\/wp-json\/wp\/v2\/media\/7678"}],"wp:attachment":[{"href":"https:\/\/elliberador.com\/index.php\/wp-json\/wp\/v2\/media?parent=7677"}],"wp:term":[{"taxonomy":"category","embeddable":true,"href":"https:\/\/elliberador.com\/index.php\/wp-json\/wp\/v2\/categories?post=7677"},{"taxonomy":"post_tag","embeddable":true,"href":"https:\/\/elliberador.com\/index.php\/wp-json\/wp\/v2\/tags?post=7677"}],"curies":[{"name":"wp","href":"https:\/\/api.w.org\/{rel}","templated":true}]}}