{"id":7680,"date":"2026-03-16T01:38:30","date_gmt":"2026-03-16T04:38:30","guid":{"rendered":"https:\/\/elliberador.com\/?p=7680"},"modified":"2026-03-16T01:38:32","modified_gmt":"2026-03-16T04:38:32","slug":"lumilagro-duplico-sus-ventas-y-rompio-record-tras-la-paliza-a-pichetto","status":"publish","type":"post","link":"https:\/\/elliberador.com\/index.php\/2026\/03\/16\/lumilagro-duplico-sus-ventas-y-rompio-record-tras-la-paliza-a-pichetto\/","title":{"rendered":"Lumilagro duplic\u00f3 sus ventas y rompi\u00f3 record tras la paliza a Pichetto"},"content":{"rendered":"\n<p>La empresa argentina de termos Lumilagro registr\u00f3 un fuerte incremento en sus ventas luego del cruce p\u00fablico que mantuvo con el diputado nacional Miguel \u00c1ngel Pichetto, en un episodio que termin\u00f3 generando un efecto inesperado para la compa\u00f1\u00eda.<\/p>\n\n\n\n<figure class=\"wp-block-image size-full is-resized\"><img decoding=\"async\" width=\"604\" height=\"80\" src=\"https:\/\/elliberador.com\/wp-content\/uploads\/2026\/03\/image-25.png\" alt=\"\" class=\"wp-image-7684\" style=\"width:596px;height:auto\" srcset=\"https:\/\/elliberador.com\/wp-content\/uploads\/2026\/03\/image-25.png 604w, https:\/\/elliberador.com\/wp-content\/uploads\/2026\/03\/image-25-300x40.png 300w\" sizes=\"(max-width: 604px) 100vw, 604px\" \/><\/figure>\n\n\n\n<p>La pol\u00e9mica comenz\u00f3 cuando Pichetto realiz\u00f3 declaraciones cr\u00edticas sobre la producci\u00f3n industrial argentina y el rol de algunas empresas nacionales frente a la competencia internacional. A ra\u00edz de esos dichos, desde Lumilagro respondieron p\u00fablicamente desmintiendo los dichos del diputado y defendiendo <strong>la fabricaci\u00f3n local y la trayectoria de la empresa<\/strong>, lo que r\u00e1pidamente gener\u00f3 repercusi\u00f3n en redes sociales y medios de comunicaci\u00f3n.<\/p>\n\n\n\n<figure class=\"wp-block-image size-full is-resized\"><img fetchpriority=\"high\" decoding=\"async\" width=\"610\" height=\"276\" src=\"https:\/\/elliberador.com\/wp-content\/uploads\/2026\/03\/image-24.png\" alt=\"\" class=\"wp-image-7683\" style=\"width:416px;height:auto\" srcset=\"https:\/\/elliberador.com\/wp-content\/uploads\/2026\/03\/image-24.png 610w, https:\/\/elliberador.com\/wp-content\/uploads\/2026\/03\/image-24-300x136.png 300w\" sizes=\"(max-width: 610px) 100vw, 610px\" \/><\/figure>\n\n\n\n<figure class=\"wp-block-image size-full is-resized\"><img decoding=\"async\" width=\"611\" height=\"490\" src=\"https:\/\/elliberador.com\/wp-content\/uploads\/2026\/03\/image-23.png\" alt=\"\" class=\"wp-image-7682\" style=\"width:423px;height:auto\" srcset=\"https:\/\/elliberador.com\/wp-content\/uploads\/2026\/03\/image-23.png 611w, https:\/\/elliberador.com\/wp-content\/uploads\/2026\/03\/image-23-300x241.png 300w\" sizes=\"(max-width: 611px) 100vw, 611px\" \/><\/figure>\n\n\n\n<h3 class=\"wp-block-heading\">El efecto en el mercado<\/h3>\n\n\n\n<p>Lejos de perjudicar a la marca, el debate termin\u00f3 teniendo un impacto positivo. Seg\u00fan informaron desde la compa\u00f1\u00eda, <strong>las ventas se duplicaron en los d\u00edas posteriores al intercambio<\/strong>, impulsadas por una ola de apoyo de consumidores que salieron a comprar productos de la firma.<\/p>\n\n\n\n<p>El fen\u00f3meno se replic\u00f3 especialmente en redes sociales, donde muchos usuarios compartieron fotos de sus termos y alentaron la compra de productos de la empresa como forma de respaldo.<\/p>\n\n\n\n<h3 class=\"wp-block-heading\">Una marca con historia<\/h3>\n\n\n\n<p>Fundada hace d\u00e9cadas, Lumilagro es una de las marcas m\u00e1s tradicionales del mercado argentino de termos y art\u00edculos t\u00e9rmicos. Su presencia en hogares, oficinas y actividades al aire libre la convirti\u00f3 en un producto fuertemente asociado a la cultura cotidiana del pa\u00eds.<\/p>\n\n\n\n<p>La controversia con Pichetto, que inicialmente parec\u00eda un simple cruce pol\u00edtico, termin\u00f3 transform\u00e1ndose en <strong>un inesperado impulso comercial para la empresa<\/strong>, demostrando una vez m\u00e1s c\u00f3mo la exposici\u00f3n medi\u00e1tica puede influir directamente en el comportamiento del consumidor.<\/p>\n\n\n\n<h3 class=\"wp-block-heading\">La paradoja pol\u00edtica<\/h3>\n\n\n\n<p>El episodio tambi\u00e9n dej\u00f3 al descubierto una <strong>paradoja en el debate pol\u00edtico argentino<\/strong>. Durante a\u00f1os, sectores del kirchnerismo hicieron de la defensa de la \u201cindustria nacional\u201d una de sus principales banderas. Sin embargo, cuando la situaci\u00f3n nacional refiere a los buenos efectos del gobierno de Milei, la situaci\u00f3n cambia&#8230; frente a la pol\u00e9mica que involucr\u00f3 a Lumilagro, muchos de esos mismos dirigentes y militantes optaron por el silencio o incluso por relativizar el rol de la empresa.<\/p>\n\n\n\n<p>Esa reacci\u00f3n expone <strong>una contradicci\u00f3n discursiva<\/strong>: cuando la defensa de la producci\u00f3n local no encaja con la disputa pol\u00edtica del momento, la hist\u00f3rica consigna de proteger la industria nacional parece quedar en segundo plano.<\/p>\n\n\n\n<p>-Lo que comenz\u00f3 como una discusi\u00f3n sobre industria y producci\u00f3n nacional termin\u00f3 generando <strong>m\u00e1s visibilidad, m\u00e1s conversaci\u00f3n p\u00fablica y, finalmente, m\u00e1s ventas<\/strong> para la empresa.<\/p>\n\n\n\n<p><\/p>\n","protected":false},"excerpt":{"rendered":"<p>La empresa argentina de termos Lumilagro registr&oacute; un fuerte incremento en sus ventas luego del&#8230;<\/p>\n","protected":false},"author":2,"featured_media":7685,"comment_status":"open","ping_status":"open","sticky":false,"template":"","format":"standard","meta":{"_acf_changed":false,"advanced_seo_description":"","jetpack_seo_html_title":"","jetpack_seo_noindex":false,"_jetpack_memberships_contains_paid_content":false,"footnotes":""},"categories":[601],"tags":[20],"class_list":["post-7680","post","type-post","status-publish","format-standard","has-post-thumbnail","hentry","category-comercio","tag-destacados"],"acf":[],"jetpack_featured_media_url":"https:\/\/elliberador.com\/wp-content\/uploads\/2026\/03\/Diseno-sin-titulo-4.jpg","jetpack_sharing_enabled":true,"_links":{"self":[{"href":"https:\/\/elliberador.com\/index.php\/wp-json\/wp\/v2\/posts\/7680","targetHints":{"allow":["GET"]}}],"collection":[{"href":"https:\/\/elliberador.com\/index.php\/wp-json\/wp\/v2\/posts"}],"about":[{"href":"https:\/\/elliberador.com\/index.php\/wp-json\/wp\/v2\/types\/post"}],"author":[{"embeddable":true,"href":"https:\/\/elliberador.com\/index.php\/wp-json\/wp\/v2\/users\/2"}],"replies":[{"embeddable":true,"href":"https:\/\/elliberador.com\/index.php\/wp-json\/wp\/v2\/comments?post=7680"}],"version-history":[{"count":1,"href":"https:\/\/elliberador.com\/index.php\/wp-json\/wp\/v2\/posts\/7680\/revisions"}],"predecessor-version":[{"id":7686,"href":"https:\/\/elliberador.com\/index.php\/wp-json\/wp\/v2\/posts\/7680\/revisions\/7686"}],"wp:featuredmedia":[{"embeddable":true,"href":"https:\/\/elliberador.com\/index.php\/wp-json\/wp\/v2\/media\/7685"}],"wp:attachment":[{"href":"https:\/\/elliberador.com\/index.php\/wp-json\/wp\/v2\/media?parent=7680"}],"wp:term":[{"taxonomy":"category","embeddable":true,"href":"https:\/\/elliberador.com\/index.php\/wp-json\/wp\/v2\/categories?post=7680"},{"taxonomy":"post_tag","embeddable":true,"href":"https:\/\/elliberador.com\/index.php\/wp-json\/wp\/v2\/tags?post=7680"}],"curies":[{"name":"wp","href":"https:\/\/api.w.org\/{rel}","templated":true}]}}