{"id":7687,"date":"2026-03-17T08:04:36","date_gmt":"2026-03-17T11:04:36","guid":{"rendered":"https:\/\/elliberador.com\/?p=7687"},"modified":"2026-03-17T08:04:38","modified_gmt":"2026-03-17T11:04:38","slug":"trump-logra-lo-que-nadie-pudo-en-66-anos-cuba-anuncia-reformas-de-apertura-economica-sin-precedentes","status":"publish","type":"post","link":"https:\/\/elliberador.com\/index.php\/2026\/03\/17\/trump-logra-lo-que-nadie-pudo-en-66-anos-cuba-anuncia-reformas-de-apertura-economica-sin-precedentes\/","title":{"rendered":"Trump logra lo que nadie pudo en 66 a\u00f1os: Cuba anuncia reformas de apertura econ\u00f3mica sin precedentes"},"content":{"rendered":"\n<p>Lo que parec\u00eda imposible est\u00e1 sucediendo. Gracias a la firmeza y determinaci\u00f3n del presidente Donald Trump, la dictadura comunista cubana se vio obligada a anunciar las reformas econ\u00f3micas m\u00e1s profundas de su historia, en lo que ya se denomina la <strong>\u00abCuba-stroika\u00bb<\/strong>: una apertura que recuerda a la Perestroika sovi\u00e9tica que precedi\u00f3 al colapso de la URSS. Y como aquella vez, todo indica que estamos presenciando <strong>el principio del fin de un r\u00e9gimen que empobreci\u00f3, oprimi\u00f3 y minti\u00f3 a su pueblo durante m\u00e1s de seis d\u00e9cadas.<\/strong><\/p>\n\n\n\n<p>Por fin. <strong>Por fin est\u00e1 terminando el r\u00e9gimen empobrecedor que instauraron Fidel Castro y Ernesto \u00abChe\u00bb Guevara<\/strong>, esos \u00edconos de la izquierda mundial que durante tant\u00edsimos a\u00f1os le mintieron al mundo entero sobre las supuestas bondades del \u00abmodelo cubano\u00bb, cuando lo \u00fanico que hicieron fue <strong>hundir en la miseria a un pueblo entero mediante una dictadura brutal, mientras la familia Castro amasaba fortunas multimillonarias.<\/strong><\/p>\n\n\n\n<h2 class=\"wp-block-heading\">Las reformas: lo que Cuba anunci\u00f3<\/h2>\n\n\n\n<figure class=\"wp-block-image size-full\"><img fetchpriority=\"high\" decoding=\"async\" width=\"646\" height=\"514\" src=\"https:\/\/elliberador.com\/wp-content\/uploads\/2026\/03\/Captura-de-pantalla-2026-03-17-080340.png\" alt=\"\" class=\"wp-image-7692\" srcset=\"https:\/\/elliberador.com\/wp-content\/uploads\/2026\/03\/Captura-de-pantalla-2026-03-17-080340.png 646w, https:\/\/elliberador.com\/wp-content\/uploads\/2026\/03\/Captura-de-pantalla-2026-03-17-080340-300x239.png 300w\" sizes=\"(max-width: 646px) 100vw, 646px\" \/><\/figure>\n\n\n\n<p>El viceprimer ministro y ministro de Comercio Exterior e Inversi\u00f3n Extranjera, <strong>Oscar P\u00e9rez-Oliva Fraga<\/strong> \u2014quien, no por casualidad, es sobrino nieto de Fidel y Ra\u00fal Castro\u2014, apareci\u00f3 en televisi\u00f3n nacional y ante la cadena NBC para anunciar medidas que hubieran sido impensables hace apenas unos meses:<\/p>\n\n\n\n<h3 class=\"wp-block-heading\">1. Propiedad de negocios para exiliados<\/h3>\n\n\n\n<p>Por primera vez en la historia de la revoluci\u00f3n cubana, <strong>los cubanos exiliados podr\u00e1n ser propietarios de empresas privadas en Cuba<\/strong>, incluso sin tener residencia efectiva en la isla. Durante d\u00e9cadas, quienes se fueron fueron tratados como traidores. Ahora, el r\u00e9gimen les ruega que vuelvan con su dinero.<\/p>\n\n\n\n<h3 class=\"wp-block-heading\">2. Asociaciones empresariales entre exiliados y cubanos en la isla<\/h3>\n\n\n\n<p>Los cubanos en el exterior podr\u00e1n <strong>asociarse con compa\u00f1\u00edas privadas cubanas<\/strong>, incluyendo participaci\u00f3n en proyectos de infraestructura y grandes negocios. Una medida que reconoce t\u00e1citamente lo que siempre fue evidente: <strong>el modelo comunista fue incapaz de construir nada.<\/strong><\/p>\n\n\n\n<h3 class=\"wp-block-heading\">3. Acceso al sistema financiero<\/h3>\n\n\n\n<p>Se habilitar\u00e1 la participaci\u00f3n de cubanos exiliados en el <strong>sistema financiero y bancario del pa\u00eds<\/strong>. Los exiliados podr\u00e1n abrir cuentas bancarias en divisas en bancos cubanos. Un reconocimiento impl\u00edcito de que la econom\u00eda cubana necesita desesperadamente d\u00f3lares para sobrevivir.<\/p>\n\n\n\n<h3 class=\"wp-block-heading\">4. Acceso a la tierra<\/h3>\n\n\n\n<p>En los negocios vinculados a la tierra, se otorgar\u00e1n <strong>usufructos<\/strong> a los inversores exiliados. Aunque no es la devoluci\u00f3n total de las propiedades confiscadas \u2014algo que a\u00fan se debe\u2014, es un paso que hubiera sido considerado herej\u00eda hace apenas un a\u00f1o.<\/p>\n\n\n\n<h3 class=\"wp-block-heading\">5. Alianzas con entidades estatales y privadas<\/h3>\n\n\n\n<p>Los cubanos en el exterior podr\u00e1n establecer <strong>alianzas tanto con entidades del Estado como con el sector privado cubano<\/strong>, en sectores estrat\u00e9gicos como turismo, miner\u00eda y energ\u00eda.<\/p>\n\n\n\n<h3 class=\"wp-block-heading\">6. Inversiones en infraestructura a gran escala<\/h3>\n\n\n\n<p>La apertura va <strong>\u00abm\u00e1s all\u00e1 de la esfera comercial\u00bb<\/strong>, seg\u00fan el propio P\u00e9rez-Oliva, e incluye grandes inversiones en infraestructuras de sectores prioritarios. En otras palabras: Cuba necesita que le reconstruyan el pa\u00eds porque el comunismo lo destruy\u00f3.<\/p>\n\n\n\n<h2 class=\"wp-block-heading\">El colapso de una mentira de 66 a\u00f1os<\/h2>\n\n\n\n<p>Para entender la magnitud de lo que est\u00e1 ocurriendo, hay que comprender la dimensi\u00f3n de la mentira que est\u00e1 cayendo.<\/p>\n\n\n\n<p>Desde 1959, cuando Fidel Castro y el Che Guevara tomaron el poder, <strong>Cuba fue vendida al mundo como un modelo de justicia social, igualdad y dignidad.<\/strong> La izquierda internacional \u2014desde intelectuales europeos hasta pol\u00edticos latinoamericanos\u2014 repiti\u00f3 durante d\u00e9cadas que Cuba era la prueba de que el socialismo funcionaba. Que su sistema de salud era ejemplar. Que su educaci\u00f3n era la mejor del continente. Que la pobreza era digna cuando era \u00abigualitaria\u00bb.<\/p>\n\n\n\n<p><strong>Todo fue mentira<\/strong><\/p>\n\n\n\n<figure class=\"wp-block-image size-full\"><img decoding=\"async\" width=\"699\" height=\"414\" src=\"https:\/\/elliberador.com\/wp-content\/uploads\/2026\/03\/Captura-de-pantalla-2026-03-17-080100.png\" alt=\"\" class=\"wp-image-7689\" srcset=\"https:\/\/elliberador.com\/wp-content\/uploads\/2026\/03\/Captura-de-pantalla-2026-03-17-080100.png 699w, https:\/\/elliberador.com\/wp-content\/uploads\/2026\/03\/Captura-de-pantalla-2026-03-17-080100-300x178.png 300w\" sizes=\"(max-width: 699px) 100vw, 699px\" \/><\/figure>\n\n\n\n<p>La realidad siempre fue esta: <strong>un pueblo empobrecido hasta niveles infrahumanos, sin libertad de expresi\u00f3n, sin derecho a disentir, sin posibilidad de emprender, sin acceso a informaci\u00f3n libre, sin elecciones democr\u00e1ticas.<\/strong> Un pueblo al que le confiscaron todo \u2014sus negocios, sus tierras, sus casas, sus sue\u00f1os\u2014 en nombre de una \u00abrevoluci\u00f3n\u00bb que solo sirvi\u00f3 para enriquecer a la \u00e9lite gobernante.<\/p>\n\n\n\n<p>Porque mientras el cubano promedio sobreviv\u00eda con raciones miserables de la libreta de abastecimiento, <strong>la familia Castro acumulaba una fortuna estimada en cientos de millones de d\u00f3lares.<\/strong> Mansiones, yates, islas privadas, cuentas bancarias en el extranjero. Fidel Castro, el supuesto enemigo del capitalismo, muri\u00f3 siendo uno de los hombres m\u00e1s ricos del Caribe. La revista Forbes lleg\u00f3 a estimarlo entre los l\u00edderes m\u00e1s adinerados del mundo.<\/p>\n\n\n\n<p>Y el Che Guevara, ese rostro impreso en millones de camisetas vendidas (ir\u00f3nicamente) por el capitalismo, fue en vida un ejecutor despiadado que firmaba fusilamientos sin juicio y que contribuy\u00f3 a dise\u00f1ar el aparato represivo que destruy\u00f3 a Cuba. <strong>Un asesino convertido en \u00edcono pop por la ignorancia y la hipocres\u00eda de la izquierda mundial.<\/strong><\/p>\n\n\n\n<h2 class=\"wp-block-heading\">La isla, al borde del abismo<\/h2>\n\n\n\n<figure class=\"wp-block-image size-full\"><img decoding=\"async\" width=\"686\" height=\"366\" src=\"https:\/\/elliberador.com\/wp-content\/uploads\/2026\/03\/Captura-de-pantalla-2026-03-17-080140.png\" alt=\"\" class=\"wp-image-7690\" srcset=\"https:\/\/elliberador.com\/wp-content\/uploads\/2026\/03\/Captura-de-pantalla-2026-03-17-080140.png 686w, https:\/\/elliberador.com\/wp-content\/uploads\/2026\/03\/Captura-de-pantalla-2026-03-17-080140-300x160.png 300w\" sizes=\"(max-width: 686px) 100vw, 686px\" \/><\/figure>\n\n\n\n<p>Las reformas anunciadas no son un gesto de buena voluntad. Son un <strong>acto de desesperaci\u00f3n.<\/strong><\/p>\n\n\n\n<p>La situaci\u00f3n en Cuba es catastr\u00f3fica:<\/p>\n\n\n\n<ul class=\"wp-block-list\">\n<li><strong>Apagones de m\u00e1s de 16 horas diarias<\/strong> en la mayor\u00eda de las ciudades. El lunes, la red el\u00e9ctrica nacional colaps\u00f3 por completo, dejando a <strong>diez millones de personas en total oscuridad<\/strong>, sin un cronograma de restablecimiento.<\/li>\n\n\n\n<li><strong>M\u00e1s de tres meses sin ingreso de barcos de combustible<\/strong>, seg\u00fan confirm\u00f3 el propio D\u00edaz-Canel, como resultado directo del bloqueo petrolero estadounidense y las sanciones a pa\u00edses proveedores.<\/li>\n\n\n\n<li><strong>El turismo se desploma<\/strong> y empresas extranjeras est\u00e1n retirando a su personal de la isla ante el deterioro de las condiciones.<\/li>\n\n\n\n<li><strong>Protestas crecientes en las calles.<\/strong> Los cubanos salen a golpear ollas y sartenes \u2014los famosos \u00abcacerolazos\u00bb\u2014 exigiendo electricidad y cambios. Estudiantes protestaron frente a la Universidad de La Habana. El pueblo ha perdido el miedo.<\/li>\n<\/ul>\n\n\n\n<p>D\u00edaz-Canel, fiel al gui\u00f3n de siempre, culp\u00f3 al \u00abbloqueo energ\u00e9tico\u00bb estadounidense y eximi\u00f3 a su gobierno de toda responsabilidad: <em>\u00abLa culpa no es del gobierno, no es de la revoluci\u00f3n.\u00bb<\/em> <strong>La misma excusa de siempre.<\/strong> Sesenta y seis a\u00f1os culpando al embargo de los fracasos de un sistema que no funciona en ning\u00fan lugar del mundo donde se ha implementado.<\/p>\n\n\n\n<h2 class=\"wp-block-heading\">Lo que falta: libertad pol\u00edtica y justicia<\/h2>\n\n\n\n<p>Las reformas econ\u00f3micas anunciadas son significativas, pero <strong>profundamente insuficientes.<\/strong> Cuba necesita mucho m\u00e1s que permitir a los exiliados abrir cuentas bancarias y comprar negocios. Cuba necesita:<\/p>\n\n\n\n<ul class=\"wp-block-list\">\n<li><strong>Elecciones libres y multipartidistas.<\/strong> No hay reforma econ\u00f3mica sustentable sin democracia.<\/li>\n\n\n\n<li><strong>Libertad de prensa y expresi\u00f3n.<\/strong> Mientras los periodistas independientes sean encarcelados y los disidentes exiliados a la fuerza, cualquier \u00abapertura\u00bb es cosm\u00e9tica.<\/li>\n\n\n\n<li><strong>Devoluci\u00f3n de propiedades confiscadas.<\/strong> Miles de familias cubanas fueron despojadas de sus hogares, negocios y tierras. La justicia exige restituci\u00f3n.<\/li>\n\n\n\n<li><strong>Liberaci\u00f3n de todos los presos pol\u00edticos.<\/strong> Cuba sigue manteniendo tras las rejas a cientos de personas cuyo \u00fanico delito fue pensar diferente.<\/li>\n\n\n\n<li><strong>Estado de derecho y seguridad jur\u00eddica real.<\/strong> Sin tribunales independientes y leyes que protejan la propiedad privada, ning\u00fan inversor serio arriesgar\u00e1 su capital.<\/li>\n<\/ul>\n\n\n\n<p>El caso de <strong>Alejandro Gonz\u00e1lez Raga<\/strong>, periodista independiente encarcelado durante la infame \u00abPrimavera Negra\u00bb de 2003 y luego forzado al exilio en Espa\u00f1a, es emblem\u00e1tico. A Gonz\u00e1lez \u2014como a muchos otros disidentes, m\u00e9dicos y atletas que \u00abdesertaron\u00bb\u2014 <strong>el gobierno de La Habana le proh\u00edbe regresar a su propio pa\u00eds.<\/strong> \u00bfQu\u00e9 clase de \u00abapertura\u00bb es esa?<\/p>\n\n\n\n<p><em>\u00abEs algo que deseamos\u00bb<\/em>, dijo Gonz\u00e1lez sobre la posibilidad de volver. <em>\u00abY que ocurra sin trauma social porque las familias cubanas ya han sufrido demasiado.\u00bb<\/em><\/p>\n\n\n\n<h2 class=\"wp-block-heading\">Trump vs. D\u00edaz-Canel: la batalla por el futuro de Cuba<\/h2>\n\n\n\n<figure class=\"wp-block-image size-full\"><img loading=\"lazy\" decoding=\"async\" width=\"583\" height=\"349\" src=\"https:\/\/elliberador.com\/wp-content\/uploads\/2026\/03\/Captura-de-pantalla-2026-03-17-080224.png\" alt=\"\" class=\"wp-image-7691\" srcset=\"https:\/\/elliberador.com\/wp-content\/uploads\/2026\/03\/Captura-de-pantalla-2026-03-17-080224.png 583w, https:\/\/elliberador.com\/wp-content\/uploads\/2026\/03\/Captura-de-pantalla-2026-03-17-080224-300x180.png 300w\" sizes=\"(max-width: 583px) 100vw, 583px\" \/><\/figure>\n\n\n\n<p>Seg\u00fan reportes de The New York Times y el Miami Herald, <strong>la administraci\u00f3n Trump ve a D\u00edaz-Canel como un obst\u00e1culo para el cambio<\/strong> y estar\u00eda buscando sacarlo del poder a trav\u00e9s de conversaciones directas con familiares del exl\u00edder Ra\u00fal Castro. El nieto de Ra\u00fal, <strong>Ra\u00fal Guillermo Rodr\u00edguez Castro<\/strong>, apodado \u00abel Cangrejo\u00bb, ha ganado creciente notoriedad en la isla y podr\u00eda estar posicion\u00e1ndose como figura de transici\u00f3n.<\/p>\n\n\n\n<p>El canciller cubano, Bruno Rodr\u00edguez Parrilla, intent\u00f3 poner l\u00edmites a las negociaciones declarando que estas <em>\u00abno involucran de ninguna manera los asuntos internos, los marcos constitucionales, ni los modelos pol\u00edticos, econ\u00f3micos y sociales\u00bb<\/em>. Una posici\u00f3n que suena cada vez m\u00e1s a bluff de un r\u00e9gimen que ya no tiene cartas.<\/p>\n\n\n\n<p>Porque la realidad es implacable: <strong>sin combustible, sin electricidad, con el pueblo en las calles y la econom\u00eda en ca\u00edda libre, el r\u00e9gimen cubano no est\u00e1 en posici\u00f3n de negociar desde la fuerza.<\/strong> Est\u00e1 pidiendo tiempo. Y Trump lo sabe.<\/p>\n\n\n\n<blockquote class=\"wp-block-quote is-layout-flow wp-block-quote-is-layout-flow\">\n<p><strong>\u00abTomar Cuba, eso es un gran honor. Ya sea que la libere, que la tome, creo que puedo hacer con ella cualquier cosa que quiera\u00bb<\/strong>, declar\u00f3 Trump desde la Oficina Oval. Palabras que a la izquierda mundial le parecen escandalosas, pero que para los millones de cubanos que llevan seis d\u00e9cadas sin libertad suenan a esperanza pura.<\/p>\n<\/blockquote>\n\n\n\n<p><strong>\u00abMucha gente incre\u00edble va a estar regresando a Cuba\u00bb<\/strong>, prometi\u00f3 el presidente ante destacados miembros de la comunidad cubano-estadounidense en la Casa Blanca. Y esa promesa se est\u00e1 cumpliendo.<\/p>\n\n\n\n<p>La estrategia de Trump fue tan efectiva que el propio Miguel D\u00edaz-Canel \u2014despu\u00e9s de semanas repitiendo que \u00abno negociaremos bajo amenazas\u00bb\u2014 tuvo que reconocer p\u00fablicamente que su gobierno <strong>ya est\u00e1 en conversaciones con la administraci\u00f3n estadounidense.<\/strong> La realidad le torci\u00f3 el brazo a la propaganda.<\/p>\n","protected":false},"excerpt":{"rendered":"<p>El r\u00e9gimen comunista, acorralado por la presi\u00f3n de Washington, abre las puertas a la inversi\u00f3n de exiliados cubanos en un giro que marca el principio del fin de la dictadura m\u00e1s longeva de Am\u00e9rica Latina<\/p>\n","protected":false},"author":2,"featured_media":7688,"comment_status":"open","ping_status":"open","sticky":false,"template":"","format":"standard","meta":{"_acf_changed":false,"advanced_seo_description":"","jetpack_seo_html_title":"","jetpack_seo_noindex":false,"_jetpack_memberships_contains_paid_content":false,"footnotes":""},"categories":[10],"tags":[722,20,694,1221],"class_list":["post-7687","post","type-post","status-publish","format-standard","has-post-thumbnail","hentry","category-internacionales","tag-cuba","tag-destacados","tag-donald-trump","tag-tump"],"acf":[],"jetpack_featured_media_url":"https:\/\/elliberador.com\/wp-content\/uploads\/2026\/03\/ChatGPT-Image-17-mar-2026-07_59_12-a.m.webp","jetpack_sharing_enabled":true,"_links":{"self":[{"href":"https:\/\/elliberador.com\/index.php\/wp-json\/wp\/v2\/posts\/7687","targetHints":{"allow":["GET"]}}],"collection":[{"href":"https:\/\/elliberador.com\/index.php\/wp-json\/wp\/v2\/posts"}],"about":[{"href":"https:\/\/elliberador.com\/index.php\/wp-json\/wp\/v2\/types\/post"}],"author":[{"embeddable":true,"href":"https:\/\/elliberador.com\/index.php\/wp-json\/wp\/v2\/users\/2"}],"replies":[{"embeddable":true,"href":"https:\/\/elliberador.com\/index.php\/wp-json\/wp\/v2\/comments?post=7687"}],"version-history":[{"count":1,"href":"https:\/\/elliberador.com\/index.php\/wp-json\/wp\/v2\/posts\/7687\/revisions"}],"predecessor-version":[{"id":7693,"href":"https:\/\/elliberador.com\/index.php\/wp-json\/wp\/v2\/posts\/7687\/revisions\/7693"}],"wp:featuredmedia":[{"embeddable":true,"href":"https:\/\/elliberador.com\/index.php\/wp-json\/wp\/v2\/media\/7688"}],"wp:attachment":[{"href":"https:\/\/elliberador.com\/index.php\/wp-json\/wp\/v2\/media?parent=7687"}],"wp:term":[{"taxonomy":"category","embeddable":true,"href":"https:\/\/elliberador.com\/index.php\/wp-json\/wp\/v2\/categories?post=7687"},{"taxonomy":"post_tag","embeddable":true,"href":"https:\/\/elliberador.com\/index.php\/wp-json\/wp\/v2\/tags?post=7687"}],"curies":[{"name":"wp","href":"https:\/\/api.w.org\/{rel}","templated":true}]}}