{"id":7697,"date":"2026-03-17T09:29:31","date_gmt":"2026-03-17T12:29:31","guid":{"rendered":"https:\/\/elliberador.com\/?p=7697"},"modified":"2026-03-17T09:29:44","modified_gmt":"2026-03-17T12:29:44","slug":"cristina-kirchner-declara-hoy-en-comodoro-py-por-la-causa-cuadernos","status":"publish","type":"post","link":"https:\/\/elliberador.com\/index.php\/2026\/03\/17\/cristina-kirchner-declara-hoy-en-comodoro-py-por-la-causa-cuadernos\/","title":{"rendered":"Cristina Kirchner declara hoy en Comodoro Py por la causa Cuadernos"},"content":{"rendered":"\n<p>Este martes a las 9 de la ma\u00f1ana, <strong>Cristina Fern\u00e1ndez de Kirchner<\/strong> se present\u00f3 en el Auditorium de Comodoro Py para declarar ante el Tribunal Oral Federal N\u00b07 en el inicio de las indagatorias del juicio oral por la <strong>causa Cuadernos de las Coimas<\/strong>, el expediente judicial que investiga el sistema de recaudaci\u00f3n ilegal de sobornos m\u00e1s extenso y documentado de la historia pol\u00edtica argentina.<\/p>\n\n\n\n<p>La expresidenta lleg\u00f3 desde su departamento de la calle San Jos\u00e9 1111, en el barrio de Constituci\u00f3n, donde cumple <strong>arresto domiciliario con tobillera electr\u00f3nica<\/strong> tras la confirmaci\u00f3n por parte de la Corte Suprema de Justicia de su <strong>condena a seis a\u00f1os de prisi\u00f3n por administraci\u00f3n fraudulenta en la causa Vialidad.<\/strong> Es apenas la segunda vez que sale de su domicilio desde que comenz\u00f3 a cumplir la sentencia en junio de 2025 \u2014la primera fue una internaci\u00f3n quir\u00fargica por peritonitis\u2014.<\/p>\n\n\n\n<p>No se trata de una ciudadana que comparece ante la Justicia desde la presunci\u00f3n de inocencia ordinaria. Se trata de una <strong>expresidenta ya condenada por corrupci\u00f3n<\/strong>, con sentencia firme del m\u00e1ximo tribunal del pa\u00eds, que ahora enfrenta un proceso judicial a\u00fan m\u00e1s grave: la acusaci\u00f3n de haber liderado una <strong>asociaci\u00f3n il\u00edcita desde el coraz\u00f3n del Poder Ejecutivo<\/strong> y de estar implicada en <strong>m\u00e1s de 200 hechos de cohecho pasivo<\/strong>, es decir, la recepci\u00f3n sistem\u00e1tica de sobornos de empresarios contratistas del Estado a cambio de favores vinculados a la obra p\u00fablica.<\/p>\n\n\n\n<p>La historia, que Cristina Kirchner invoca permanentemente como su tribunal de apelaci\u00f3n, ya comenz\u00f3 a pronunciarse. Y su veredicto no le es favorable.<\/p>\n\n\n\n<h2 class=\"wp-block-heading\">La causa Cuadernos: radiograf\u00eda del saqueo<\/h2>\n\n\n\n<figure class=\"wp-block-image size-full\"><img fetchpriority=\"high\" decoding=\"async\" width=\"611\" height=\"368\" src=\"https:\/\/elliberador.com\/wp-content\/uploads\/2026\/03\/Captura-de-pantalla-2026-03-17-092647.png\" alt=\"\" class=\"wp-image-7701\" srcset=\"https:\/\/elliberador.com\/wp-content\/uploads\/2026\/03\/Captura-de-pantalla-2026-03-17-092647.png 611w, https:\/\/elliberador.com\/wp-content\/uploads\/2026\/03\/Captura-de-pantalla-2026-03-17-092647-300x181.png 300w\" sizes=\"(max-width: 611px) 100vw, 611px\" \/><\/figure>\n\n\n\n<p>La investigaci\u00f3n se origin\u00f3 en 2018 a partir de las anotaciones de <strong>Oscar Centeno<\/strong>, exchofer del Ministerio de Planificaci\u00f3n Federal, quien registr\u00f3 durante a\u00f1os \u2014con la meticulosidad de un contador\u2014 los recorridos que realizaba para trasladar <strong>bolsos con dinero en efectivo<\/strong> provenientes de empresarios contratistas del Estado.<\/p>\n\n\n\n<p>Las anotaciones de Centeno no eran impresiones vagas ni relatos de o\u00eddas. Eran registros detallados con <strong>fechas, direcciones, montos y nombres<\/strong> de los funcionarios que recib\u00edan el dinero. Un mapa preciso del sistema de recaudaci\u00f3n ilegal que, seg\u00fan la acusaci\u00f3n fiscal, funcion\u00f3 de manera ininterrumpida durante los tres gobiernos kirchneristas (2003-2015).<\/p>\n\n\n\n<p>El mecanismo que describe la acusaci\u00f3n era estructuralmente simple:<\/p>\n\n\n\n<ul class=\"wp-block-list\">\n<li><strong>Empresarios que contrataban con el Estado pagaban coimas<\/strong>\u00a0a funcionarios del \u00e1rea de infraestructura, obra p\u00fablica y transporte.<\/li>\n\n\n\n<li><strong>El dinero se recaudaba en efectivo<\/strong>, se trasladaba en bolsos y se entregaba directamente a los funcionarios involucrados.<\/li>\n\n\n\n<li><strong>La cadena de mando llegaba hasta la c\u00faspide del poder<\/strong>, es decir, hasta la propia presidencia de la Naci\u00f3n.<\/li>\n<\/ul>\n\n\n\n<p>La causa cobr\u00f3 dimensi\u00f3n cuando varios de los implicados decidieron colaborar con la Justicia. El financista <strong>Ernesto Clarens<\/strong>, el expresidente de la C\u00e1mara Argentina de la Construcci\u00f3n <strong>Carlos Wagner<\/strong> y el empresario <strong>Gabriel Romero<\/strong>, entre otros, aceptaron declarar como <strong>imputados colaboradores<\/strong> y confirmaron la existencia del sistema.<\/p>\n\n\n\n<p>Hoy, el proceso involucra a <strong>86 acusados<\/strong>: 22 exfuncionarios \u2014incluyendo secretarios de Estado, operadores y choferes\u2014 y 64 empresarios. La fiscal de juicio <strong>Fabiana Le\u00f3n<\/strong> y el querellante de la Unidad de Informaci\u00f3n Financiera, <strong>Mariano Galpern<\/strong>, sostienen la acusaci\u00f3n.<\/p>\n\n\n\n<p>Cristina Kirchner es la primera en declarar. Y los cargos en su contra son de una gravedad extraordinaria: <strong>jefa de una asociaci\u00f3n il\u00edcita que oper\u00f3 desde el Poder Ejecutivo Nacional<\/strong> y responsable de m\u00e1s de <strong>200 hechos de cohecho pasivo<\/strong>.<\/p>\n\n\n\n<p>Doscientos hechos. No uno, no diez, no veinte. Doscientos actos de recepci\u00f3n de sobornos documentados por la fiscal\u00eda. La dimensi\u00f3n del caso habla por s\u00ed sola.<\/p>\n\n\n\n<h2 class=\"wp-block-heading\">Una expresidenta condenada que insiste en el papel de v\u00edctima<\/h2>\n\n\n\n<figure class=\"wp-block-image size-full\"><img decoding=\"async\" width=\"603\" height=\"714\" src=\"https:\/\/elliberador.com\/wp-content\/uploads\/2026\/03\/Captura-de-pantalla-2026-03-17-092050.png\" alt=\"\" class=\"wp-image-7700\" srcset=\"https:\/\/elliberador.com\/wp-content\/uploads\/2026\/03\/Captura-de-pantalla-2026-03-17-092050.png 603w, https:\/\/elliberador.com\/wp-content\/uploads\/2026\/03\/Captura-de-pantalla-2026-03-17-092050-253x300.png 253w\" sizes=\"(max-width: 603px) 100vw, 603px\" \/><\/figure>\n\n\n\n<p>La noche previa a su declaraci\u00f3n, Cristina Kirchner public\u00f3 en la red social X un mensaje en el que calific\u00f3 al juicio como una <strong>\u00abfarsa procesal\u00bb<\/strong> y acus\u00f3 al tribunal de haber cedido ante una supuesta \u00abexigencia medi\u00e1tica de presencialidad\u00bb.<\/p>\n\n\n\n<blockquote class=\"wp-block-quote is-layout-flow wp-block-quote-is-layout-flow\">\n<p><em>\u00abCuando el Poder Ejecutivo no le da pan y trabajo al Pueblo\u2026 el Partido Judicial y los medios hegem\u00f3nicos le dan circo\u2026 No falla. El Tribunal Oral 7 en la farsa procesal titulada &#8216;Cuadernos&#8217;, que se viene tramitando v\u00eda zoom, acat\u00f3 la exigencia medi\u00e1tica de &#8216;presencialidad&#8217;. Es que la foto que se puede capturar desde la pantalla del canal de YouTube con caras &#8216;en cuadraditos&#8217; no da para tapa de diario ni vide\u00edtos en la tele\u2026 y como ya se sabe\u2026 el &#8216;show debe continuar&#8217;.\u00bb<\/em><\/p>\n<\/blockquote>\n\n\n\n<p>El argumento merece ser analizado en su justa medida: una expresidenta <strong>condenada por corrupci\u00f3n con sentencia firme<\/strong>, que enfrenta una nueva acusaci\u00f3n por <strong>200 hechos de soborno y liderazgo de una asociaci\u00f3n il\u00edcita<\/strong>, sostiene que el juicio oral y p\u00fablico en su contra es un \u00abshow\u00bb y una \u00abfarsa\u00bb. Que la presencialidad \u2014principio fundamental del derecho procesal penal en todo el mundo civilizado\u2014 es una concesi\u00f3n a los medios.<\/p>\n\n\n\n<p>Es el mismo recurso ret\u00f3rico que emple\u00f3 el <strong>2 de diciembre de 2019<\/strong>, cuando declar\u00f3 en la causa Vialidad en esa misma sala y pronunci\u00f3 la c\u00e9lebre frase:<\/p>\n\n\n\n<blockquote class=\"wp-block-quote is-layout-flow wp-block-quote-is-layout-flow\">\n<p><em>\u00abEste es un tribunal del lawfare que seguramente tiene la condena escrita. A m\u00ed me absolvi\u00f3 la historia y me va a absolver la historia. Y a ustedes seguramente los va a condenar la historia.\u00bb<\/em><\/p>\n<\/blockquote>\n\n\n\n<p>La Corte Suprema de Justicia \u2014no la historia, sino la instituci\u00f3n constitucional encargada de decir la \u00faltima palabra\u2014 confirm\u00f3 esa condena. Seis a\u00f1os de prisi\u00f3n. Sentencia firme. Tobillera electr\u00f3nica. Arresto domiciliario.<\/p>\n\n\n\n<p>La apelaci\u00f3n a la historia como juez supremo es un recurso habitual de quienes rechazan la legitimidad de las instituciones cuando estas act\u00faan en su contra. Pero la Argentina es un Estado de derecho, no un seminario de filosof\u00eda pol\u00edtica. Y en un Estado de derecho, quien tiene m\u00e1s de 200 hechos de cohecho en su contra no es una perseguida: <strong>es una acusada que debe rendir cuentas.<\/strong><\/p>\n\n\n\n<h2 class=\"wp-block-heading\">La menguante militancia: operativo de apoyo en horario laboral<\/h2>\n\n\n\n<figure class=\"wp-block-image size-full\"><img decoding=\"async\" width=\"680\" height=\"488\" src=\"https:\/\/elliberador.com\/wp-content\/uploads\/2026\/03\/Captura-de-pantalla-2026-03-17-092446.png\" alt=\"\" class=\"wp-image-7699\" srcset=\"https:\/\/elliberador.com\/wp-content\/uploads\/2026\/03\/Captura-de-pantalla-2026-03-17-092446.png 680w, https:\/\/elliberador.com\/wp-content\/uploads\/2026\/03\/Captura-de-pantalla-2026-03-17-092446-300x215.png 300w\" sizes=\"(max-width: 680px) 100vw, 680px\" \/><\/figure>\n\n\n\n<p>Como ocurre cada vez que Cristina Kirchner tiene una cita judicial, la maquinaria de movilizaci\u00f3n kirchnerista se activ\u00f3 para montar un operativo de acompa\u00f1amiento en las inmediaciones de su domicilio y de los tribunales federales.<\/p>\n\n\n\n<p>Desde las <strong>7 de la ma\u00f1ana de un d\u00eda martes laborable<\/strong>, militantes de diversas agrupaciones se concentraron en la esquina de San Jos\u00e9 y Humberto Primo, bloqueando el tr\u00e1nsito vehicular. Banderas de <strong>La C\u00e1mpora, Unidos y Organizados, ATE (Asociaci\u00f3n de Trabajadores del Estado), Secasfpi (sindicato del ANSES)<\/strong> y el <strong>PJ de Lomas de Zamora<\/strong> se desplegaron sobre las veredas y la calzada.<\/p>\n\n\n\n<p>Los pasacalles exhib\u00edan consignas como <em>\u00abLos pibes siempre vamos a estar\u00bb<\/em>, <em>\u00abSiempre con vos\u00bb<\/em>, <em>\u00abTe vamos a liberar\u00bb<\/em>, <em>\u00abJueces corruptos\u00bb<\/em> y <em>\u00abMilei corrupto, queremos a Cristina\u00bb<\/em>.<\/p>\n\n\n\n<p>La composici\u00f3n de la concurrencia resulta reveladora. No se trat\u00f3 de una movilizaci\u00f3n masiva ni espont\u00e1nea, sino de una convocatoria organizada, nutrida fundamentalmente por <strong>militantes de organizaciones pol\u00edticas rentadas, gremios del sector estatal y agrupaciones de La C\u00e1mpora.<\/strong> Es decir, estructuras que dependen directa o indirectamente del financiamiento p\u00fablico.<\/p>\n\n\n\n<h2 class=\"wp-block-heading\">El prontuario que define una carrera pol\u00edtica<\/h2>\n\n\n\n<figure class=\"wp-block-image size-full\"><img loading=\"lazy\" decoding=\"async\" width=\"663\" height=\"386\" src=\"https:\/\/elliberador.com\/wp-content\/uploads\/2026\/03\/Captura-de-pantalla-2026-03-17-092757.png\" alt=\"\" class=\"wp-image-7702\" srcset=\"https:\/\/elliberador.com\/wp-content\/uploads\/2026\/03\/Captura-de-pantalla-2026-03-17-092757.png 663w, https:\/\/elliberador.com\/wp-content\/uploads\/2026\/03\/Captura-de-pantalla-2026-03-17-092757-300x175.png 300w\" sizes=\"(max-width: 663px) 100vw, 663px\" \/><\/figure>\n\n\n\n<p>La causa Cuadernos no es un episodio aislado en la trayectoria judicial de Cristina Kirchner. Es una pieza m\u00e1s \u2014probablemente la m\u00e1s voluminosa\u2014 de un entramado de causas por corrupci\u00f3n que no tiene precedente en la historia presidencial argentina.<\/p>\n\n\n\n<p><strong>Causa Vialidad:<\/strong> Condenada a seis a\u00f1os de prisi\u00f3n por administraci\u00f3n fraudulenta. Sentencia firme de la Corte Suprema. Cumpliendo condena.<\/p>\n\n\n\n<p><strong>Causa Cuadernos:<\/strong> 86 acusados. M\u00e1s de 200 hechos de cohecho pasivo. Acusada de liderar una asociaci\u00f3n il\u00edcita. Juicio oral en curso.<\/p>\n\n\n\n<p><strong>Causa Hotesur-Los Sauces:<\/strong> Investigaci\u00f3n por lavado de dinero a trav\u00e9s de empresas familiares que alquilaban propiedades al Estado y a empresarios vinculados a la obra p\u00fablica a precios sospechosamente elevados.<\/p>\n\n\n\n<p><strong>Causa D\u00f3lar Futuro:<\/strong> Presunta defraudaci\u00f3n al Estado por operaciones realizadas por el Banco Central en el mercado de futuros del d\u00f3lar.<\/p>\n\n\n\n<p><strong>Causa Memor\u00e1ndum con Ir\u00e1n:<\/strong> Acusaci\u00f3n de encubrimiento del atentado terrorista contra la AMIA mediante un acuerdo diplom\u00e1tico con Ir\u00e1n que, seg\u00fan los fiscales, buscaba garantizar impunidad a los acusados iran\u00edes.<\/p>\n\n\n\n<p>Ning\u00fan expresidente argentino ha acumulado un historial judicial de esta magnitud. Ninguno. La concentraci\u00f3n de causas, la gravedad de los cargos y la cantidad de pruebas reunidas configuran un cuadro que habla por s\u00ed solo sobre c\u00f3mo se ejerci\u00f3 el poder durante los gobiernos kirchneristas.<\/p>\n\n\n\n<h2 class=\"wp-block-heading\">En la nueva Argentina, la impunidad tiene fecha de vencimiento<\/h2>\n\n\n\n<figure class=\"wp-block-image size-full is-resized\"><img loading=\"lazy\" decoding=\"async\" width=\"386\" height=\"219\" src=\"https:\/\/elliberador.com\/wp-content\/uploads\/2026\/03\/Captura-de-pantalla-2026-03-17-092834.png\" alt=\"\" class=\"wp-image-7703\" style=\"width:601px;height:auto\" srcset=\"https:\/\/elliberador.com\/wp-content\/uploads\/2026\/03\/Captura-de-pantalla-2026-03-17-092834.png 386w, https:\/\/elliberador.com\/wp-content\/uploads\/2026\/03\/Captura-de-pantalla-2026-03-17-092834-300x170.png 300w\" sizes=\"(max-width: 386px) 100vw, 386px\" \/><\/figure>\n\n\n\n<p>Durante a\u00f1os, Cristina Kirchner oper\u00f3 bajo la convicci\u00f3n de que el poder pol\u00edtico la blindaba frente a la Justicia. Los fueros parlamentarios, primero como senadora y luego como vicepresidenta, le otorgaron una protecci\u00f3n institucional que utiliz\u00f3 para dilatar los procesos judiciales durante m\u00e1s de una d\u00e9cada. Los operadores pol\u00edticos en el sistema judicial hicieron lo suyo para entorpecer las investigaciones.<\/p>\n\n\n\n<p>Esa era termin\u00f3.<\/p>\n\n\n\n<p>La confirmaci\u00f3n de la condena por Vialidad por parte de la Corte Suprema en 2025 marc\u00f3 un punto de inflexi\u00f3n hist\u00f3rico. Por primera vez, una expresidenta argentina fue efectivamente condenada y puesta a cumplir sentencia por corrupci\u00f3n. No en los discursos, no en las tapas de los diarios, no en el tribunal de la opini\u00f3n p\u00fablica: <strong>en un tribunal de la Naci\u00f3n, con todas las garant\u00edas del debido proceso, tras a\u00f1os de juicio oral, con derecho a defensa y apelaci\u00f3n en todas las instancias.<\/strong><\/p>\n\n\n\n<p>El gobierno del presidente <strong>Javier Milei<\/strong> ha sido claro en un principio fundamental: <strong>en la Argentina no puede haber ciudadanos por encima de la ley.<\/strong> La independencia del Poder Judicial no es una consigna: es la columna vertebral de una rep\u00fablica. Y cuando la Justicia act\u00faa con independencia y las sentencias se cumplen, el mensaje es inequ\u00edvoco: <strong>el que comete delitos desde el poder rinde cuentas como cualquier ciudadano.<\/strong><\/p>\n\n\n\n<p>Una condena firme por corrupci\u00f3n. Prisi\u00f3n domiciliaria. Tobillera electr\u00f3nica. Un nuevo juicio oral por 200 hechos de soborno. Ochenta y seis coacusados. Imputados colaboradores que confesaron. Cuadernos con registros de entregas de dinero. Bolsos con millones transportados de noche en autos oficiales.<\/p>\n\n\n\n<p><strong>El que las hace, las paga.<\/strong><\/p>\n","protected":false},"excerpt":{"rendered":"<p>Con condena firme por Vialidad y tobillera electr\u00f3nica, Cristina Fern\u00e1ndez de Kirchner se presenta ante el Tribunal Oral Federal N\u00b07 por el mayor esquema de sobornos de la historia pol\u00edtica del pa\u00eds. Afuera, la menguante militancia kirchnerista monta un operativo de apoyo en pleno horario laboral<\/p>\n","protected":false},"author":2,"featured_media":7698,"comment_status":"open","ping_status":"open","sticky":false,"template":"","format":"standard","meta":{"_acf_changed":false,"advanced_seo_description":"","jetpack_seo_html_title":"","jetpack_seo_noindex":false,"_jetpack_memberships_contains_paid_content":false,"footnotes":""},"categories":[59],"tags":[69,1223,1152,20,119,47,56],"class_list":["post-7697","post","type-post","status-publish","format-standard","has-post-thumbnail","hentry","category-justicia","tag-cfk","tag-comodoro-py","tag-cristina","tag-destacados","tag-javier-milei","tag-la-libertad-avanza","tag-milei"],"acf":[],"jetpack_featured_media_url":"https:\/\/elliberador.com\/wp-content\/uploads\/2026\/03\/Captura-de-pantalla-2026-03-17-091925.webp","jetpack_sharing_enabled":true,"_links":{"self":[{"href":"https:\/\/elliberador.com\/index.php\/wp-json\/wp\/v2\/posts\/7697","targetHints":{"allow":["GET"]}}],"collection":[{"href":"https:\/\/elliberador.com\/index.php\/wp-json\/wp\/v2\/posts"}],"about":[{"href":"https:\/\/elliberador.com\/index.php\/wp-json\/wp\/v2\/types\/post"}],"author":[{"embeddable":true,"href":"https:\/\/elliberador.com\/index.php\/wp-json\/wp\/v2\/users\/2"}],"replies":[{"embeddable":true,"href":"https:\/\/elliberador.com\/index.php\/wp-json\/wp\/v2\/comments?post=7697"}],"version-history":[{"count":1,"href":"https:\/\/elliberador.com\/index.php\/wp-json\/wp\/v2\/posts\/7697\/revisions"}],"predecessor-version":[{"id":7704,"href":"https:\/\/elliberador.com\/index.php\/wp-json\/wp\/v2\/posts\/7697\/revisions\/7704"}],"wp:featuredmedia":[{"embeddable":true,"href":"https:\/\/elliberador.com\/index.php\/wp-json\/wp\/v2\/media\/7698"}],"wp:attachment":[{"href":"https:\/\/elliberador.com\/index.php\/wp-json\/wp\/v2\/media?parent=7697"}],"wp:term":[{"taxonomy":"category","embeddable":true,"href":"https:\/\/elliberador.com\/index.php\/wp-json\/wp\/v2\/categories?post=7697"},{"taxonomy":"post_tag","embeddable":true,"href":"https:\/\/elliberador.com\/index.php\/wp-json\/wp\/v2\/tags?post=7697"}],"curies":[{"name":"wp","href":"https:\/\/api.w.org\/{rel}","templated":true}]}}