{"id":7705,"date":"2026-03-17T11:56:58","date_gmt":"2026-03-17T14:56:58","guid":{"rendered":"https:\/\/elliberador.com\/?p=7705"},"modified":"2026-03-17T11:57:00","modified_gmt":"2026-03-17T14:57:00","slug":"argentina-hace-efectivo-su-retiro-definitivo-de-la-oms","status":"publish","type":"post","link":"https:\/\/elliberador.com\/index.php\/2026\/03\/17\/argentina-hace-efectivo-su-retiro-definitivo-de-la-oms\/","title":{"rendered":"Argentina hace efectivo su retiro definitivo de la OMS\u00a0"},"content":{"rendered":"\n<p>El canciller argentino <strong>Pablo Quirno<\/strong> confirm\u00f3 este martes que se hizo efectivo el retiro definitivo de la Rep\u00fablica Argentina de la <strong>Organizaci\u00f3n Mundial de la Salud (OMS)<\/strong>, al cumplirse exactamente un a\u00f1o desde que el pa\u00eds present\u00f3 la notificaci\u00f3n formal ante el Secretario General de las Naciones Unidas, depositario de la Constituci\u00f3n del organismo.<\/p>\n\n\n\n<p>La decisi\u00f3n, enmarcada en la <strong>Convenci\u00f3n de Viena sobre el Derecho de los Tratados<\/strong>, coloca a la Argentina junto a <strong>Estados Unidos<\/strong> como las dos principales naciones que abandonaron la OMS, en lo que el gobierno de <strong>Javier Milei<\/strong> considera un acto de recuperaci\u00f3n de soberan\u00eda frente a organismos multilaterales que, seg\u00fan su visi\u00f3n, han sido cooptados por agendas progresistas alejadas de su mandato original.<\/p>\n\n\n\n<h2 class=\"wp-block-heading\">Argentina y Estados Unidos: un frente com\u00fan contra la OMS<\/h2>\n\n\n\n<figure class=\"wp-block-image size-full\"><img fetchpriority=\"high\" decoding=\"async\" width=\"684\" height=\"506\" src=\"https:\/\/elliberador.com\/wp-content\/uploads\/2026\/03\/Captura-de-pantalla-2026-03-17-115419.png\" alt=\"\" class=\"wp-image-7707\" srcset=\"https:\/\/elliberador.com\/wp-content\/uploads\/2026\/03\/Captura-de-pantalla-2026-03-17-115419.png 684w, https:\/\/elliberador.com\/wp-content\/uploads\/2026\/03\/Captura-de-pantalla-2026-03-17-115419-300x222.png 300w\" sizes=\"(max-width: 684px) 100vw, 684px\" \/><\/figure>\n\n\n\n<p>La salida argentina no ocurre en el vac\u00edo. <strong>Estados Unidos<\/strong>, bajo la administraci\u00f3n de <strong>Donald Trump<\/strong>, concret\u00f3 su propio retiro de la OMS en enero de 2026, marcando un precedente hist\u00f3rico que allan\u00f3 el camino para que otros pa\u00edses cuestionaran abiertamente la permanencia en el organismo con sede en Ginebra.<\/p>\n\n\n\n<p>Desde el entorno del presidente Milei se\u00f1alaron que ambas naciones comparten un diagn\u00f3stico com\u00fan: <strong>la OMS dej\u00f3 de ser un organismo t\u00e9cnico de cooperaci\u00f3n sanitaria para convertirse en una plataforma de imposici\u00f3n ideol\u00f3gica progresista<\/strong>, que utiliza las emergencias de salud p\u00fablica como herramienta de control pol\u00edtico sobre los Estados soberanos.<\/p>\n\n\n\n<h2 class=\"wp-block-heading\">C\u00f3mplice de la pandemia asesina de 2020<\/h2>\n\n\n\n<p>Fuentes oficiales recordaron que la OMS:<\/p>\n\n\n\n<ul class=\"wp-block-list\">\n<li><strong>Minimiz\u00f3 las alertas tempranas<\/strong>\u00a0sobre la propagaci\u00f3n del virus surgido en Wuhan, China, retrasando la respuesta global.<\/li>\n\n\n\n<li><strong>Aval\u00f3 los confinamientos masivos<\/strong>\u00a0que destruyeron econom\u00edas enteras, provocaron crisis de salud mental, dispararon la pobreza y causaron un da\u00f1o inconmensurable a la educaci\u00f3n de millones de ni\u00f1os.<\/li>\n\n\n\n<li><strong>Presion\u00f3 a los gobiernos<\/strong>\u00a0para implementar pol\u00edticas sanitarias uniformes sin considerar las realidades particulares de cada pa\u00eds.<\/li>\n\n\n\n<li><strong>Sirvi\u00f3 como brazo ejecutor de una agenda globalista<\/strong>\u00a0que prioriz\u00f3 el control social por encima de la libertad individual y la evidencia cient\u00edfica independiente.<\/li>\n<\/ul>\n\n\n\n<h2 class=\"wp-block-heading\">Quirno: \u00abSoberan\u00eda plena en pol\u00edticas sanitarias\u00bb<\/h2>\n\n\n\n<figure class=\"wp-block-image size-full\"><img decoding=\"async\" width=\"594\" height=\"376\" src=\"https:\/\/elliberador.com\/wp-content\/uploads\/2026\/03\/Captura-de-pantalla-2026-03-17-113526.png\" alt=\"\" class=\"wp-image-7706\" srcset=\"https:\/\/elliberador.com\/wp-content\/uploads\/2026\/03\/Captura-de-pantalla-2026-03-17-113526.png 594w, https:\/\/elliberador.com\/wp-content\/uploads\/2026\/03\/Captura-de-pantalla-2026-03-17-113526-300x190.png 300w\" sizes=\"(max-width: 594px) 100vw, 594px\" \/><\/figure>\n\n\n\n<p>A trav\u00e9s de su cuenta en la red social X, el canciller detall\u00f3 los fundamentos jur\u00eddicos del retiro:<\/p>\n\n\n\n<p><em>\u00abHoy se hace efectivo el retiro de la Argentina de la Organizaci\u00f3n Mundial de la Salud (OMS), al cumplirse un a\u00f1o de la notificaci\u00f3n formal realizada por nuestro pa\u00eds. La Argentina comunic\u00f3 esta decisi\u00f3n mediante una nota dirigida al Secretario General de la Organizaci\u00f3n de las Naciones Unidas, en su car\u00e1cter de depositario de la Constituci\u00f3n de la OMS, el 17 de marzo de 2025\u00bb<\/em>, escribi\u00f3.<\/p>\n\n\n\n<p>Y agreg\u00f3: <em>\u00abNuestro pa\u00eds continuar\u00e1 promoviendo la cooperaci\u00f3n internacional en salud a trav\u00e9s de acuerdos bilaterales y \u00e1mbitos regionales, resguardando plenamente su soberan\u00eda y su capacidad de decisi\u00f3n en materia de pol\u00edticas sanitarias\u00bb<\/em>.<\/p>\n","protected":false},"excerpt":{"rendered":"<p>El canciller Pablo Quirno confirm\u00f3 este martes el retiro definitivo de Argentina de la Organizaci\u00f3n Mundial de la Salud, al cumplirse un a\u00f1o de la notificaci\u00f3n formal. <\/p>\n","protected":false},"author":2,"featured_media":7708,"comment_status":"open","ping_status":"open","sticky":false,"template":"","format":"standard","meta":{"_acf_changed":false,"advanced_seo_description":"","jetpack_seo_html_title":"","jetpack_seo_noindex":false,"_jetpack_memberships_contains_paid_content":false,"footnotes":""},"categories":[10,875],"tags":[20,119,47,56,897],"class_list":["post-7705","post","type-post","status-publish","format-standard","has-post-thumbnail","hentry","category-internacionales","category-salud","tag-destacados","tag-javier-milei","tag-la-libertad-avanza","tag-milei","tag-oms"],"acf":[],"jetpack_featured_media_url":"https:\/\/elliberador.com\/wp-content\/uploads\/2026\/03\/ChatGPT-Image-17-mar-2026-11_55_03-a.m.webp","jetpack_sharing_enabled":true,"_links":{"self":[{"href":"https:\/\/elliberador.com\/index.php\/wp-json\/wp\/v2\/posts\/7705","targetHints":{"allow":["GET"]}}],"collection":[{"href":"https:\/\/elliberador.com\/index.php\/wp-json\/wp\/v2\/posts"}],"about":[{"href":"https:\/\/elliberador.com\/index.php\/wp-json\/wp\/v2\/types\/post"}],"author":[{"embeddable":true,"href":"https:\/\/elliberador.com\/index.php\/wp-json\/wp\/v2\/users\/2"}],"replies":[{"embeddable":true,"href":"https:\/\/elliberador.com\/index.php\/wp-json\/wp\/v2\/comments?post=7705"}],"version-history":[{"count":1,"href":"https:\/\/elliberador.com\/index.php\/wp-json\/wp\/v2\/posts\/7705\/revisions"}],"predecessor-version":[{"id":7709,"href":"https:\/\/elliberador.com\/index.php\/wp-json\/wp\/v2\/posts\/7705\/revisions\/7709"}],"wp:featuredmedia":[{"embeddable":true,"href":"https:\/\/elliberador.com\/index.php\/wp-json\/wp\/v2\/media\/7708"}],"wp:attachment":[{"href":"https:\/\/elliberador.com\/index.php\/wp-json\/wp\/v2\/media?parent=7705"}],"wp:term":[{"taxonomy":"category","embeddable":true,"href":"https:\/\/elliberador.com\/index.php\/wp-json\/wp\/v2\/categories?post=7705"},{"taxonomy":"post_tag","embeddable":true,"href":"https:\/\/elliberador.com\/index.php\/wp-json\/wp\/v2\/tags?post=7705"}],"curies":[{"name":"wp","href":"https:\/\/api.w.org\/{rel}","templated":true}]}}