{"id":7720,"date":"2026-03-18T13:46:12","date_gmt":"2026-03-18T16:46:12","guid":{"rendered":"https:\/\/elliberador.com\/?p=7720"},"modified":"2026-03-18T14:13:54","modified_gmt":"2026-03-18T17:13:54","slug":"uber-apuesta-fuerte-por-argentina-inversion-de-usd-500-millones-y-regreso-de-uber-eats","status":"publish","type":"post","link":"https:\/\/elliberador.com\/index.php\/2026\/03\/18\/uber-apuesta-fuerte-por-argentina-inversion-de-usd-500-millones-y-regreso-de-uber-eats\/","title":{"rendered":"Uber apuesta fuerte por Argentina: inversi\u00f3n de USD 500 millones y regreso de Uber Eats"},"content":{"rendered":"\n<p>La empresa Uber anunci\u00f3 una inversi\u00f3n de 500 millones de d\u00f3lares en Argentina para los pr\u00f3ximos tres a\u00f1os, con el objetivo de expandir su operaci\u00f3n, relanzar su divisi\u00f3n gastron\u00f3mica y posicionar fuerte al pa\u00eds como uno de sus mejores socios comerciales.<\/p>\n\n\n\n<p>El anuncio se da en el marco del d\u00e9cimo aniversario de la compa\u00f1\u00eda en el pa\u00eds y representa una de las apuestas m\u00e1s importantes de una firma tecnol\u00f3gica internacional en el contexto econ\u00f3mico actual. La estrategia incluye la ampliaci\u00f3n del servicio de movilidad y el regreso de Uber Eats, que hab\u00eda sido suspendido en octubre de 2020.<\/p>\n\n\n\n<p>En aquel momento, la decisi\u00f3n de retirar la plataforma de delivery se produjo durante la gesti\u00f3n del entonces presidente Alberto Fern\u00e1ndez, en un contexto de restricciones econ\u00f3micas, alta incertidumbre regulatoria y ca\u00edda del consumo. El relanzamiento ahora busca capitalizar un escenario que la compa\u00f1\u00eda percibe como m\u00e1s favorable para la inversi\u00f3n y el crecimiento.<\/p>\n\n\n\n<p>La iniciativa fue abordada en una reuni\u00f3n clave entre el ministro de Econom\u00eda Luis Caputo, el secretario de Pol\u00edtica Econ\u00f3mica Jos\u00e9 Luis Daza, y altos directivos de la empresa, incluyendo al CEO global Dara Khosrowshahi, el gerente general para Argentina Eli Fr\u00edas y el responsable local de Uber Eats, Juan Mart\u00edn Cappellini.<\/p>\n\n\n\n<p>Seg\u00fan trascendi\u00f3, la inversi\u00f3n estar\u00e1 destinada no solo a fortalecer la infraestructura tecnol\u00f3gica y log\u00edstica de la empresa, sino tambi\u00e9n a ampliar su red de conductores, repartidores y comercios asociados, lo que podr\u00eda generar nuevas oportunidades de ingresos en distintas ciudades del pa\u00eds.<\/p>\n\n\n\n<p>El anuncio de Uber se inscribe en una serie de se\u00f1ales que el Gobierno busca mostrar para atraer capitales internacionales y reactivar sectores vinculados a la econom\u00eda digital. En ese sentido, la compa\u00f1\u00eda remarc\u00f3 su intenci\u00f3n de seguir apostando por Argentina como un hub clave en Am\u00e9rica Latina.<\/p>\n\n\n\n<p>Con este desembolso, Uber no solo apuesta a recuperar terreno en el negocio del delivery, sino tambi\u00e9n a profundizar su presencia en un mercado que contin\u00faa mostrando un alto nivel de adopci\u00f3n tecnol\u00f3gica y demanda de servicios digitales.<\/p>\n","protected":false},"excerpt":{"rendered":"<p>Uber confirm\u00f3 la inversi\u00f3n de 500 millones de d\u00f3lares en Argentina con el objetivo de seguir creciendo y consolidar al pa\u00eds como uno de sus mercados prioritarios en la regi\u00f3n.<\/p>\n","protected":false},"author":2,"featured_media":7727,"comment_status":"open","ping_status":"open","sticky":false,"template":"","format":"standard","meta":{"_acf_changed":false,"advanced_seo_description":"","jetpack_seo_html_title":"","jetpack_seo_noindex":false,"_jetpack_memberships_contains_paid_content":false,"footnotes":""},"categories":[601],"tags":[20],"class_list":["post-7720","post","type-post","status-publish","format-standard","has-post-thumbnail","hentry","category-comercio","tag-destacados"],"acf":[],"jetpack_featured_media_url":"https:\/\/elliberador.com\/wp-content\/uploads\/2026\/03\/WhatsApp-Image-2026-03-18-at-1.40.32-PM.jpeg","jetpack_sharing_enabled":true,"_links":{"self":[{"href":"https:\/\/elliberador.com\/index.php\/wp-json\/wp\/v2\/posts\/7720","targetHints":{"allow":["GET"]}}],"collection":[{"href":"https:\/\/elliberador.com\/index.php\/wp-json\/wp\/v2\/posts"}],"about":[{"href":"https:\/\/elliberador.com\/index.php\/wp-json\/wp\/v2\/types\/post"}],"author":[{"embeddable":true,"href":"https:\/\/elliberador.com\/index.php\/wp-json\/wp\/v2\/users\/2"}],"replies":[{"embeddable":true,"href":"https:\/\/elliberador.com\/index.php\/wp-json\/wp\/v2\/comments?post=7720"}],"version-history":[{"count":2,"href":"https:\/\/elliberador.com\/index.php\/wp-json\/wp\/v2\/posts\/7720\/revisions"}],"predecessor-version":[{"id":7729,"href":"https:\/\/elliberador.com\/index.php\/wp-json\/wp\/v2\/posts\/7720\/revisions\/7729"}],"wp:featuredmedia":[{"embeddable":true,"href":"https:\/\/elliberador.com\/index.php\/wp-json\/wp\/v2\/media\/7727"}],"wp:attachment":[{"href":"https:\/\/elliberador.com\/index.php\/wp-json\/wp\/v2\/media?parent=7720"}],"wp:term":[{"taxonomy":"category","embeddable":true,"href":"https:\/\/elliberador.com\/index.php\/wp-json\/wp\/v2\/categories?post=7720"},{"taxonomy":"post_tag","embeddable":true,"href":"https:\/\/elliberador.com\/index.php\/wp-json\/wp\/v2\/tags?post=7720"}],"curies":[{"name":"wp","href":"https:\/\/api.w.org\/{rel}","templated":true}]}}