{"id":7724,"date":"2026-03-18T14:05:50","date_gmt":"2026-03-18T17:05:50","guid":{"rendered":"https:\/\/elliberador.com\/?p=7724"},"modified":"2026-03-18T14:11:45","modified_gmt":"2026-03-18T17:11:45","slug":"el-gobierno-nacional-enviara-un-nuevo-paquete-de-leyes-al-congreso-con-foco-en-seguridad-propiedad-y-equilibrio-fiscal","status":"publish","type":"post","link":"https:\/\/elliberador.com\/index.php\/2026\/03\/18\/el-gobierno-nacional-enviara-un-nuevo-paquete-de-leyes-al-congreso-con-foco-en-seguridad-propiedad-y-equilibrio-fiscal\/","title":{"rendered":"El Gobierno Nacional enviar\u00e1 un nuevo paquete de leyes al Congreso con foco en seguridad, propiedad y equilibrio fiscal"},"content":{"rendered":"\n<p>El presidente Javier Milei plante\u00f3 que <strong>durante 2026 se enviar\u00e1n paquetes de leyes de forma escalonada<\/strong>, incluso con una l\u00f3gica de <strong>varios proyectos por mes<\/strong> dentro de un a\u00f1o de reformas estructurales. <\/p>\n\n\n\n<p>Desde el oficialismo sostienen que la iniciativa responde al respaldo obtenido en las urnas en octubre pasado y representa \u201cun paso m\u00e1s\u201d en el objetivo de impulsar cambios profundos orientados al crecimiento econ\u00f3mico y la reconfiguraci\u00f3n del rol del Estado.<\/p>\n\n\n\n<p>Uno de los ejes centrales ser\u00e1 la modificaci\u00f3n del C\u00f3digo Penal Argentino, con el objetivo de endurecer las penas para distintos delitos. Seg\u00fan trascendi\u00f3, la reforma buscar\u00e1 reforzar el enfoque punitivo frente al aumento de la inseguridad, una de las principales preocupaciones sociales frente a los delincuentes que siempre quedan libres e impunes y las victimas sin justicia.\u00a0<\/p>\n\n\n\n<p>En paralelo, el paquete incluir\u00e1 un conjunto de proyectos vinculados a la propiedad privada. Entre ellos se destacan cambios en la Ley de Expropiaciones, la Ley de Tierras, la Ley de Manejo del Fuego y la regularizaci\u00f3n dominial para la integraci\u00f3n socio-urbana. Estas iniciativas apuntan a redefinir el marco normativo sobre el uso y la tenencia de la tierra, as\u00ed como a limitar la intervenci\u00f3n estatal en determinados casos.<\/p>\n\n\n\n<p>El temario tambi\u00e9n contempla la revisi\u00f3n de la Ley de Glaciares, una norma hist\u00f3ricamente vinculada a la protecci\u00f3n ambiental y a la actividad minera, que podr\u00eda ser modificada para equilibrar criterios de desarrollo productivo y preservaci\u00f3n de recursos naturales.<\/p>\n\n\n\n<p>En materia social, el Gobierno impulsar\u00e1 cambios en la Ley de Discapacidad, con el objetivo de mejorar la eficiencia del sistema y garantizar su sostenibilidad, despu\u00e9s de que dicho sistema se haya roto totalmente con los gobiernos anteriores que  entregaban pensiones a quienes no necesitaban afectando a quienes realmente necesitaban. Asimismo, se propondr\u00e1 una reforma de la Ley de Financiamiento Universitario, con el objetivo de adecuarla a la pol\u00edtica de equilibrio fiscal que impulsa la administraci\u00f3n nacional.<\/p>\n\n\n\n<p>El paquete legislativo se enmarca en la estrategia del presidente Javier Milei de avanzar con reformas de fondo en distintas \u00e1reas del Estado, en un contexto de reordenamiento de las cuentas p\u00fablicas.<\/p>\n\n\n\n<p><\/p>\n\n\n\n<p><\/p>\n","protected":false},"excerpt":{"rendered":"<p>En l\u00ednea con su agenda de reformas estructurales, el Gobierno nacional anunci\u00f3 que en los pr\u00f3ximos d\u00edas remitir\u00e1 al Congreso un nuevo paquete de leyes que abarcar\u00e1 \u00e1reas clave como seguridad, propiedad privada, ambiente, discapacidad y financiamiento educativo.<\/p>\n","protected":false},"author":2,"featured_media":7728,"comment_status":"open","ping_status":"open","sticky":false,"template":"","format":"standard","meta":{"_acf_changed":false,"advanced_seo_description":"","jetpack_seo_html_title":"","jetpack_seo_noindex":false,"_jetpack_memberships_contains_paid_content":false,"footnotes":""},"categories":[4],"tags":[20,47,56],"class_list":["post-7724","post","type-post","status-publish","format-standard","has-post-thumbnail","hentry","category-politica","tag-destacados","tag-la-libertad-avanza","tag-milei"],"acf":[],"jetpack_featured_media_url":"https:\/\/elliberador.com\/wp-content\/uploads\/2026\/03\/WhatsApp-Image-2026-03-18-at-1.40.32-PM-1.jpeg","jetpack_sharing_enabled":true,"_links":{"self":[{"href":"https:\/\/elliberador.com\/index.php\/wp-json\/wp\/v2\/posts\/7724","targetHints":{"allow":["GET"]}}],"collection":[{"href":"https:\/\/elliberador.com\/index.php\/wp-json\/wp\/v2\/posts"}],"about":[{"href":"https:\/\/elliberador.com\/index.php\/wp-json\/wp\/v2\/types\/post"}],"author":[{"embeddable":true,"href":"https:\/\/elliberador.com\/index.php\/wp-json\/wp\/v2\/users\/2"}],"replies":[{"embeddable":true,"href":"https:\/\/elliberador.com\/index.php\/wp-json\/wp\/v2\/comments?post=7724"}],"version-history":[{"count":1,"href":"https:\/\/elliberador.com\/index.php\/wp-json\/wp\/v2\/posts\/7724\/revisions"}],"predecessor-version":[{"id":7726,"href":"https:\/\/elliberador.com\/index.php\/wp-json\/wp\/v2\/posts\/7724\/revisions\/7726"}],"wp:featuredmedia":[{"embeddable":true,"href":"https:\/\/elliberador.com\/index.php\/wp-json\/wp\/v2\/media\/7728"}],"wp:attachment":[{"href":"https:\/\/elliberador.com\/index.php\/wp-json\/wp\/v2\/media?parent=7724"}],"wp:term":[{"taxonomy":"category","embeddable":true,"href":"https:\/\/elliberador.com\/index.php\/wp-json\/wp\/v2\/categories?post=7724"},{"taxonomy":"post_tag","embeddable":true,"href":"https:\/\/elliberador.com\/index.php\/wp-json\/wp\/v2\/tags?post=7724"}],"curies":[{"name":"wp","href":"https:\/\/api.w.org\/{rel}","templated":true}]}}