{"id":7730,"date":"2026-03-19T16:30:02","date_gmt":"2026-03-19T19:30:02","guid":{"rendered":"https:\/\/elliberador.com\/?p=7730"},"modified":"2026-03-19T16:30:03","modified_gmt":"2026-03-19T19:30:03","slug":"la-justicia-de-ee-uu-suspende-las-demandas-por-ypf-y-abre-un-compas-de-espera-clave-para-argentina","status":"publish","type":"post","link":"https:\/\/elliberador.com\/index.php\/2026\/03\/19\/la-justicia-de-ee-uu-suspende-las-demandas-por-ypf-y-abre-un-compas-de-espera-clave-para-argentina\/","title":{"rendered":"La Justicia de EE.UU. suspende las demandas por YPF y abre un comp\u00e1s de espera clave para Argentina"},"content":{"rendered":"\n<p>En un giro relevante para uno de los litigios m\u00e1s sensibles de los \u00faltimos a\u00f1os, la Justicia de Estados Unidos resolvi\u00f3 suspender las demandas contra Argentina vinculadas a la expropiaci\u00f3n de YPF, hasta tanto se defina la denominada \u201ccuesti\u00f3n de fondo\u201d. La decisi\u00f3n introduce una pausa en un proceso que expon\u00eda al pa\u00eds a un eventual pasivo cercano a los 16.000 millones de d\u00f3lares.<\/p>\n\n\n\n<p>El fallo implica que, por el momento, no avanzar\u00e1n nuevas instancias judiciales ni ejecuciones contra el Estado argentino, lo que otorga margen de maniobra al gobierno de Javier Milei para encarar la estrategia legal y pol\u00edtica del caso.<\/p>\n\n\n\n<h3 class=\"wp-block-heading\">Un litigio con origen en la expropiaci\u00f3n<\/h3>\n\n\n\n<p>El conflicto se remonta a 2012, cuando el gobierno de Axel Kicillof impuls\u00f3 la expropiaci\u00f3n del 51% de YPF, entonces en manos de la espa\u00f1ola Repsol. La operaci\u00f3n deriv\u00f3 en m\u00faltiples demandas internacionales, especialmente por parte de accionistas que alegaron violaciones a los estatutos de la compa\u00f1\u00eda.<\/p>\n\n\n\n<p>Desde entonces, tribunales estadounidenses ,principalmente en Nueva York, se convirtieron en el escenario central del litigio, dada la jurisdicci\u00f3n internacional de la empresa y la cotizaci\u00f3n de sus acciones.<\/p>\n\n\n\n<h3 class=\"wp-block-heading\">Qu\u00e9 significa la suspensi\u00f3n<\/h3>\n\n\n\n<p>La resoluci\u00f3n judicial no implica un cierre del caso ni una absoluci\u00f3n para Argentina, sino una pausa procesal hasta que se resuelvan aspectos centrales del expediente. En t\u00e9rminos t\u00e9cnicos, se trata de una suspensi\u00f3n que busca ordenar el tratamiento de la causa antes de avanzar con eventuales condenas o compensaciones.<\/p>\n\n\n\n<p>Sin embargo, desde el plano pol\u00edtico y econ\u00f3mico, el impacto es significativo: se reduce temporalmente el riesgo inmediato de ejecuci\u00f3n de activos o nuevas sanciones financieras contra el pa\u00eds.<\/p>\n\n\n\n<h3 class=\"wp-block-heading\">Impacto pol\u00edtico y lectura oficial<\/h3>\n\n\n\n<p>Desde sectores oficialistas, la medida fue interpretada como un alivio y una se\u00f1al favorable hacia la estrategia jur\u00eddica del gobierno. Se destaca que evita, al menos en el corto plazo, la materializaci\u00f3n de una deuda millonaria que podr\u00eda haber afectado a\u00fan m\u00e1s la delicada situaci\u00f3n macroecon\u00f3mica.<\/p>\n\n\n\n<p>En contraste, voces opositoras advierten que el conflicto sigue abierto y que la suspensi\u00f3n no garantiza un resultado favorable definitivo, por lo que llaman a la cautela.<\/p>\n\n\n\n<h3 class=\"wp-block-heading\">Un caso a\u00fan abierto<\/h3>\n\n\n\n<p>El litigio por YPF contin\u00faa siendo uno de los frentes judiciales internacionales m\u00e1s relevantes para Argentina. La definici\u00f3n de la \u201ccuesti\u00f3n de fondo\u201d ser\u00e1 determinante para establecer si el pa\u00eds deber\u00e1 afrontar o no una indemnizaci\u00f3n multimillonaria.<\/p>\n\n\n\n<p>Por ahora, la suspensi\u00f3n act\u00faa como un respiro en medio de un escenario complejo, pero el desenlace final sigue siendo incierto.<\/p>\n\n\n\n<p><\/p>\n","protected":false},"excerpt":{"rendered":"<p>La Justicia de Estados Unidos suspendi\u00f3 las demandas contra Argentina por la expropiaci\u00f3n de YPF hasta que se resuelva la cuesti\u00f3n de fondo.<\/p>\n","protected":false},"author":2,"featured_media":7739,"comment_status":"open","ping_status":"open","sticky":false,"template":"","format":"standard","meta":{"_acf_changed":false,"advanced_seo_description":"","jetpack_seo_html_title":"","jetpack_seo_noindex":false,"_jetpack_memberships_contains_paid_content":false,"footnotes":""},"categories":[2],"tags":[20],"class_list":["post-7730","post","type-post","status-publish","format-standard","has-post-thumbnail","hentry","category-economia","tag-destacados"],"acf":[],"jetpack_featured_media_url":"https:\/\/elliberador.com\/wp-content\/uploads\/2026\/03\/WhatsApp-Image-2026-03-19-at-4.25.44-PM.jpeg","jetpack_sharing_enabled":true,"_links":{"self":[{"href":"https:\/\/elliberador.com\/index.php\/wp-json\/wp\/v2\/posts\/7730","targetHints":{"allow":["GET"]}}],"collection":[{"href":"https:\/\/elliberador.com\/index.php\/wp-json\/wp\/v2\/posts"}],"about":[{"href":"https:\/\/elliberador.com\/index.php\/wp-json\/wp\/v2\/types\/post"}],"author":[{"embeddable":true,"href":"https:\/\/elliberador.com\/index.php\/wp-json\/wp\/v2\/users\/2"}],"replies":[{"embeddable":true,"href":"https:\/\/elliberador.com\/index.php\/wp-json\/wp\/v2\/comments?post=7730"}],"version-history":[{"count":1,"href":"https:\/\/elliberador.com\/index.php\/wp-json\/wp\/v2\/posts\/7730\/revisions"}],"predecessor-version":[{"id":7740,"href":"https:\/\/elliberador.com\/index.php\/wp-json\/wp\/v2\/posts\/7730\/revisions\/7740"}],"wp:featuredmedia":[{"embeddable":true,"href":"https:\/\/elliberador.com\/index.php\/wp-json\/wp\/v2\/media\/7739"}],"wp:attachment":[{"href":"https:\/\/elliberador.com\/index.php\/wp-json\/wp\/v2\/media?parent=7730"}],"wp:term":[{"taxonomy":"category","embeddable":true,"href":"https:\/\/elliberador.com\/index.php\/wp-json\/wp\/v2\/categories?post=7730"},{"taxonomy":"post_tag","embeddable":true,"href":"https:\/\/elliberador.com\/index.php\/wp-json\/wp\/v2\/tags?post=7730"}],"curies":[{"name":"wp","href":"https:\/\/api.w.org\/{rel}","templated":true}]}}