{"id":7731,"date":"2026-03-19T12:44:10","date_gmt":"2026-03-19T15:44:10","guid":{"rendered":"https:\/\/elliberador.com\/?p=7731"},"modified":"2026-03-19T12:44:12","modified_gmt":"2026-03-19T15:44:12","slug":"sanchez-saquea-2867-millones-del-fondo-de-contingencia-para-mantener-a-inmigrantes-ilegales","status":"publish","type":"post","link":"https:\/\/elliberador.com\/index.php\/2026\/03\/19\/sanchez-saquea-2867-millones-del-fondo-de-contingencia-para-mantener-a-inmigrantes-ilegales\/","title":{"rendered":"S\u00e1nchez saquea 286,7 millones del Fondo de Contingencia para mantener a inmigrantes ilegales"},"content":{"rendered":"\n<p>El Consejo de Ministros autoriz\u00f3 la aplicaci\u00f3n del Fondo de Contingencia por un importe de <strong>286.715.807,32 euros<\/strong>, solicitados por la Secretar\u00eda de Estado de Migraciones para cubrir lo que el Ejecutivo denomina necesidades \u00abineludibles e inaplazables\u00bb dentro del programa 231H <em>Acciones en favor de los inmigrantes<\/em>.<\/p>\n\n\n\n<p>Traducido al lenguaje que entienden los espa\u00f1oles de a pie: casi <strong>300 millones de euros del erario p\u00fablico<\/strong> para costear un sistema de acogida que premia a quienes vulneran las fronteras y entran en el pa\u00eds de forma ilegal, mientras familias espa\u00f1olas no llegan a fin de mes, los ancianos esperan meses por una cita m\u00e9dica y los j\u00f3venes no pueden acceder a una vivienda digna.<\/p>\n\n\n\n<p>Fuentes de la <strong>Guardia Civil<\/strong> consultadas revelan lo que el Gobierno prefiere no detallar: una parte muy significativa de ese dinero se destinar\u00e1 a <strong>traslados a\u00e9reos masivos<\/strong> de inmigrantes ilegales desde Canarias a la Pen\u00ednsula y al \u00abrefuerzo log\u00edstico\u00bb de los centros de acogida en las islas. En lo que va de 2026, el Ejecutivo ya ha fletado <strong>al menos 11 vuelos<\/strong> para trasladar a casi <strong>2.000 inmigrantes ilegales<\/strong> desde los aeropuertos de Tenerife Norte y Gran Canaria hasta Madrid-Barajas.<\/p>\n\n\n\n<p><strong>Mientras tanto, la inseguridad crece en las calles, los servicios p\u00fablicos se deterioran y los ciudadanos que pagan impuestos contemplan at\u00f3nitos c\u00f3mo su dinero se evapora en una pol\u00edtica migratoria descontrolada que est\u00e1 transformando Espa\u00f1a de forma irreconocible.<\/strong><\/p>\n\n\n\n<h2 class=\"wp-block-heading\">El negocio electoral detr\u00e1s de la inmigraci\u00f3n masiva<\/h2>\n\n\n\n<figure class=\"wp-block-image size-large\"><img fetchpriority=\"high\" decoding=\"async\" width=\"1024\" height=\"512\" src=\"https:\/\/elliberador.com\/wp-content\/uploads\/2026\/03\/Captura-de-pantalla-2026-03-19-121438-1024x512.png\" alt=\"\" class=\"wp-image-7733\" srcset=\"https:\/\/elliberador.com\/wp-content\/uploads\/2026\/03\/Captura-de-pantalla-2026-03-19-121438-1024x512.png 1024w, https:\/\/elliberador.com\/wp-content\/uploads\/2026\/03\/Captura-de-pantalla-2026-03-19-121438-300x150.png 300w, https:\/\/elliberador.com\/wp-content\/uploads\/2026\/03\/Captura-de-pantalla-2026-03-19-121438-768x384.png 768w, https:\/\/elliberador.com\/wp-content\/uploads\/2026\/03\/Captura-de-pantalla-2026-03-19-121438.png 1089w\" sizes=\"(max-width: 1024px) 100vw, 1024px\" \/><figcaption class=\"wp-element-caption\"><a href=\"https:\/\/periodicotribuna.com.ar\/espana-promete-legalizar-a-500-mil-inmigrantes-indocumentados-pero-el-sistema-ya-esta-saturado\/\">https:\/\/periodicotribuna.com.ar\/espana-promete-legalizar-a-500-mil-inmigrantes-indocumentados-pero-el-sistema-ya-esta-saturado\/<\/a><\/figcaption><\/figure>\n\n\n\n<p>Lo que el Gobierno de S\u00e1nchez presenta como \u00absolidaridad\u00bb y \u00abatenci\u00f3n humanitaria\u00bb esconde una estrategia que cada vez m\u00e1s analistas y ciudadanos identifican con claridad: <strong>la importaci\u00f3n masiva de futuros votantes<\/strong>.<\/p>\n\n\n\n<p>El esquema es sencillo y despiadado:<\/p>\n\n\n\n<ol class=\"wp-block-list\">\n<li>Se abren las fronteras de facto al no controlar la inmigraci\u00f3n ilegal.<\/li>\n\n\n\n<li>Se destinan cientos de millones de euros p\u00fablicos a mantener, trasladar y acoger a quienes entran sin permiso.<\/li>\n\n\n\n<li>Se impulsa una regularizaci\u00f3n masiva que convierte a inmigrantes ilegales en residentes legales con derechos electorales potenciales.<\/li>\n\n\n\n<li>Se teje una red de dependencia asistencial a trav\u00e9s de ONG subvencionadas que canalizan a estos inmigrantes hacia el sistema.<\/li>\n<\/ol>\n\n\n\n<p><strong>\u00bfEl resultado?<\/strong> Una base social agradecida y dependiente que el PSOE espera convertir en base electoral. Todo ello a costa del contribuyente espa\u00f1ol, que ve c\u00f3mo sus impuestos financian una transformaci\u00f3n demogr\u00e1fica y social que <strong>nadie ha votado ni aprobado en las urnas<\/strong>.<\/p>\n\n\n\n<h2 class=\"wp-block-heading\">Mientras tanto, Espa\u00f1a se deteriora<\/h2>\n\n\n\n<figure class=\"wp-block-image size-full\"><img decoding=\"async\" width=\"646\" height=\"403\" src=\"https:\/\/elliberador.com\/wp-content\/uploads\/2026\/03\/Captura-de-pantalla-2026-03-19-124317.png\" alt=\"\" class=\"wp-image-7734\" srcset=\"https:\/\/elliberador.com\/wp-content\/uploads\/2026\/03\/Captura-de-pantalla-2026-03-19-124317.png 646w, https:\/\/elliberador.com\/wp-content\/uploads\/2026\/03\/Captura-de-pantalla-2026-03-19-124317-300x187.png 300w\" sizes=\"(max-width: 646px) 100vw, 646px\" \/><\/figure>\n\n\n\n<p>Mientras S\u00e1nchez destina casi 300 millones a comida halal, vuelos charter y ropa para inmigrantes ilegales, la realidad cotidiana de los espa\u00f1oles es otra muy distinta:<\/p>\n\n\n\n<ul class=\"wp-block-list\">\n<li><strong>La delincuencia asociada a la inmigraci\u00f3n ilegal no para de crecer<\/strong>, con robos, agresiones y ocupaciones que las fuerzas de seguridad apenas pueden contener por falta de medios y por una legislaci\u00f3n permisiva.<\/li>\n\n\n\n<li><strong>La violencia se dispara<\/strong>\u00a0en barrios que antes eran seguros y que hoy los vecinos describen como irreconocibles.<\/li>\n\n\n\n<li><strong>Los servicios p\u00fablicos colapsan<\/strong>\u00a0ante una demanda creciente que el sistema no estaba dise\u00f1ado para absorber.<\/li>\n\n\n\n<li><strong>La convivencia se resquebraja<\/strong>\u00a0en comunidades donde la integraci\u00f3n es una quimera y la imposici\u00f3n cultural una realidad diaria.<\/li>\n<\/ul>\n\n\n\n<p>Canarias, convertida en la <strong>principal puerta de entrada ilegal a Europa<\/strong>, soporta una presi\u00f3n migratoria insostenible. Y la respuesta del Gobierno no es reforzar las fronteras ni frenar la avalancha, sino <strong>fletar m\u00e1s aviones<\/strong> para repartir el problema por toda la Pen\u00ednsula.<\/p>\n\n\n\n<p>Los datos hablan por s\u00ed solos. Las fronteras no se controlan. Las expulsiones no se ejecutan. Los ilegales se regularizan masivamente. Las ONG subvencionadas con dinero p\u00fablico act\u00faan como oficinas de tramitaci\u00f3n paralela. Y el Fondo de Contingencia \u2014el dinero de todos\u2014 se vac\u00eda para financiar la operaci\u00f3n.<\/p>\n\n\n\n<p>Espa\u00f1a no vot\u00f3 esto. Los espa\u00f1oles no pidieron que su pa\u00eds se convirtiera en un centro de acogida masivo donde los ilegales reciben privilegios que los nacionales no tienen.<\/p>\n","protected":false},"excerpt":{"rendered":"<p>El Gobierno de Pedro S\u00e1nchez aprob\u00f3 destinar 286,7 millones de euros del Fondo de Contingencia \u2014dinero reservado para emergencias de todos los espa\u00f1oles\u2014 a financiar vuelos charter, comida halal, alojamiento y asistencia integral para inmigrantes ilegales llegados a Canarias. <\/p>\n","protected":false},"author":2,"featured_media":7732,"comment_status":"open","ping_status":"open","sticky":false,"template":"","format":"standard","meta":{"_acf_changed":false,"advanced_seo_description":"","jetpack_seo_html_title":"","jetpack_seo_noindex":false,"_jetpack_memberships_contains_paid_content":false,"footnotes":""},"categories":[10],"tags":[20,750,1228,982],"class_list":["post-7731","post","type-post","status-publish","format-standard","has-post-thumbnail","hentry","category-internacionales","tag-destacados","tag-espana","tag-inmigracion-2","tag-pedro-sanchez-2"],"acf":[],"jetpack_featured_media_url":"https:\/\/elliberador.com\/wp-content\/uploads\/2026\/03\/ChatGPT-Image-19-mar-2026-12_13_00-p.m.webp","jetpack_sharing_enabled":true,"_links":{"self":[{"href":"https:\/\/elliberador.com\/index.php\/wp-json\/wp\/v2\/posts\/7731","targetHints":{"allow":["GET"]}}],"collection":[{"href":"https:\/\/elliberador.com\/index.php\/wp-json\/wp\/v2\/posts"}],"about":[{"href":"https:\/\/elliberador.com\/index.php\/wp-json\/wp\/v2\/types\/post"}],"author":[{"embeddable":true,"href":"https:\/\/elliberador.com\/index.php\/wp-json\/wp\/v2\/users\/2"}],"replies":[{"embeddable":true,"href":"https:\/\/elliberador.com\/index.php\/wp-json\/wp\/v2\/comments?post=7731"}],"version-history":[{"count":1,"href":"https:\/\/elliberador.com\/index.php\/wp-json\/wp\/v2\/posts\/7731\/revisions"}],"predecessor-version":[{"id":7735,"href":"https:\/\/elliberador.com\/index.php\/wp-json\/wp\/v2\/posts\/7731\/revisions\/7735"}],"wp:featuredmedia":[{"embeddable":true,"href":"https:\/\/elliberador.com\/index.php\/wp-json\/wp\/v2\/media\/7732"}],"wp:attachment":[{"href":"https:\/\/elliberador.com\/index.php\/wp-json\/wp\/v2\/media?parent=7731"}],"wp:term":[{"taxonomy":"category","embeddable":true,"href":"https:\/\/elliberador.com\/index.php\/wp-json\/wp\/v2\/categories?post=7731"},{"taxonomy":"post_tag","embeddable":true,"href":"https:\/\/elliberador.com\/index.php\/wp-json\/wp\/v2\/tags?post=7731"}],"curies":[{"name":"wp","href":"https:\/\/api.w.org\/{rel}","templated":true}]}}