{"id":7736,"date":"2026-03-19T13:15:15","date_gmt":"2026-03-19T16:15:15","guid":{"rendered":"https:\/\/elliberador.com\/?p=7736"},"modified":"2026-03-19T13:15:17","modified_gmt":"2026-03-19T16:15:17","slug":"donald-trump-recibe-a-sanae-takaichi-para-reforzar-la-alianza-estrategica-y-coordinar-una-agenda-comun-de-defensa","status":"publish","type":"post","link":"https:\/\/elliberador.com\/index.php\/2026\/03\/19\/donald-trump-recibe-a-sanae-takaichi-para-reforzar-la-alianza-estrategica-y-coordinar-una-agenda-comun-de-defensa\/","title":{"rendered":"Donald Trump recibe a Sanae Takaichi para reforzar la alianza estrat\u00e9gica y coordinar una agenda com\u00fan de defensa"},"content":{"rendered":"\n<p>La primera ministra japonesa, Sanae Takaichi, llega este jueves a la Casa Blanca para mantener un encuentro decisivo con el presidente Donald Trump. Lejos de ser solo una reuni\u00f3n \u201cdif\u00edcil\u201d, como ella misma ha se\u00f1alado, se trata de una oportunidad estrat\u00e9gica para redefinir y fortalecer una de las alianzas m\u00e1s importantes del mundo libre.<\/p>\n\n\n\n<p>El presidente Donald Trump ha planteado el tema con claridad. Tras solicitar a Jap\u00f3n y a otros aliados que contribuyan a proteger el Estrecho de Ormuz \u2014una v\u00eda clave para el comercio energ\u00e9tico global\u2014 y recibir respuestas cautelosas, el mandatario expres\u00f3 su posici\u00f3n en Truth Social:<\/p>\n\n\n\n<blockquote class=\"wp-block-quote is-layout-flow wp-block-quote-is-layout-flow\">\n<p><strong>\u00abDe hecho, hablando como Presidente de los Estados Unidos de Am\u00e9rica, con diferencia el pa\u00eds m\u00e1s poderoso del mundo, \u00a1NO NECESITAMOS LA AYUDA DE NADIE!\u00bb<\/strong><\/p>\n<\/blockquote>\n\n\n\n<p>M\u00e1s all\u00e1 del tono, el mensaje apunta a abrir un debate necesario dentro de las alianzas internacionales: la importancia de avanzar hacia un mayor equilibrio en las responsabilidades compartidas. En un escenario global cada vez m\u00e1s exigente, Washington busca que sus socios acompa\u00f1en de manera m\u00e1s activa la protecci\u00f3n de las rutas comerciales que sostienen la econom\u00eda mundial.<\/p>\n\n\n\n<h2 class=\"wp-block-heading\">Liderazgo claro y expectativas elevadas<\/h2>\n\n\n\n<p>El presidente Trump ha sido directo, como es habitual, al plantear que el equilibrio global requiere compromiso compartido. M\u00e1s que una exigencia, su mensaje marca una nueva etapa en las relaciones internacionales: una en la que los aliados no solo reciben seguridad, sino que tambi\u00e9n la construyen.<\/p>\n\n\n\n<p>Esta visi\u00f3n, lejos de debilitar alianzas, las fortalece. Y Jap\u00f3n tiene todo para responder con liderazgo.<\/p>\n\n\n\n<p>Para Takaichi, respaldada por una contundente victoria electoral y heredera del legado de Shinzo Abe, el momento es ideal para avanzar en su agenda de modernizaci\u00f3n de la pol\u00edtica de defensa japonesa.<\/p>\n\n\n\n<p>Si bien la constituci\u00f3n pacifista sigue marcando l\u00edmites, Jap\u00f3n ha demostrado en m\u00faltiples ocasiones que puede adaptarse a los desaf\u00edos globales sin renunciar a su marco legal. Las Fuerzas de Autodefensa cuentan hoy con capacidades avanzadas y experiencia internacional que pueden ponerse al servicio de la estabilidad global.<\/p>\n\n\n\n<h2 class=\"wp-block-heading\">Jap\u00f3n como actor clave en la seguridad internacional<\/h2>\n\n\n\n<p>Las opciones est\u00e1n sobre la mesa y son realistas:<\/p>\n\n\n\n<ul class=\"wp-block-list\">\n<li>Participaci\u00f3n en operaciones de desminado, donde Jap\u00f3n ya tiene experiencia comprobada.<\/li>\n\n\n\n<li>Ampliaci\u00f3n de misiones de escolta mar\u00edtima para garantizar el flujo energ\u00e9tico.<\/li>\n\n\n\n<li>Apoyo log\u00edstico e inteligencia, contribuyendo sin necesidad de involucrarse directamente en combate.<\/li>\n<\/ul>\n\n\n\n<p>Lejos de ser una carga, estas acciones representar\u00edan una consolidaci\u00f3n del rol de Jap\u00f3n como actor responsable y comprometido con el orden internacional.<\/p>\n\n\n\n<p>Este encuentro entre Takaichi y Trump no debe verse como un punto de fricci\u00f3n, sino como un punto de inflexi\u00f3n. Ambos l\u00edderes tienen la oportunidad de alinear intereses, fortalecer la cooperaci\u00f3n y enviar un mensaje claro: las democracias avanzadas est\u00e1n preparadas para defender la estabilidad global de manera conjunta.<\/p>\n\n\n\n<p>En un mundo cada vez m\u00e1s incierto, la firmeza, la claridad y la cooperaci\u00f3n entre aliados no son una opci\u00f3n, sino una necesidad. Y todo indica que esta reuni\u00f3n puede marcar el comienzo de una nueva etapa m\u00e1s s\u00f3lida y equilibrada en la relaci\u00f3n entre Estados Unidos y Jap\u00f3n.<\/p>\n","protected":false},"excerpt":{"rendered":"<p>La primera ministra japonesa, Sanae Takaichi, llega este jueves a la Casa Blanca en lo que ella misma ha reconocido ser\u00e1 una reuni\u00f3n \u00abmuy dif\u00edcil\u00bb con el presidente Donald Trump. El motivo: la guerra en Ir\u00e1n ha reconfigurado todas las prioridades y Washington exige a sus aliados \u2014empezando por Tokio\u2014 que dejen de beneficiarse del paraguas de seguridad estadounidense sin poner nada sobre la mesa<\/p>\n","protected":false},"author":2,"featured_media":7737,"comment_status":"open","ping_status":"open","sticky":false,"template":"","format":"standard","meta":{"_acf_changed":false,"advanced_seo_description":"","jetpack_seo_html_title":"","jetpack_seo_noindex":false,"_jetpack_memberships_contains_paid_content":false,"footnotes":""},"categories":[10],"tags":[20,694,1229],"class_list":["post-7736","post","type-post","status-publish","format-standard","has-post-thumbnail","hentry","category-internacionales","tag-destacados","tag-donald-trump","tag-japon-2"],"acf":[],"jetpack_featured_media_url":"https:\/\/elliberador.com\/wp-content\/uploads\/2026\/03\/Captura-de-pantalla-2026-03-19-130932.webp","jetpack_sharing_enabled":true,"_links":{"self":[{"href":"https:\/\/elliberador.com\/index.php\/wp-json\/wp\/v2\/posts\/7736","targetHints":{"allow":["GET"]}}],"collection":[{"href":"https:\/\/elliberador.com\/index.php\/wp-json\/wp\/v2\/posts"}],"about":[{"href":"https:\/\/elliberador.com\/index.php\/wp-json\/wp\/v2\/types\/post"}],"author":[{"embeddable":true,"href":"https:\/\/elliberador.com\/index.php\/wp-json\/wp\/v2\/users\/2"}],"replies":[{"embeddable":true,"href":"https:\/\/elliberador.com\/index.php\/wp-json\/wp\/v2\/comments?post=7736"}],"version-history":[{"count":1,"href":"https:\/\/elliberador.com\/index.php\/wp-json\/wp\/v2\/posts\/7736\/revisions"}],"predecessor-version":[{"id":7738,"href":"https:\/\/elliberador.com\/index.php\/wp-json\/wp\/v2\/posts\/7736\/revisions\/7738"}],"wp:featuredmedia":[{"embeddable":true,"href":"https:\/\/elliberador.com\/index.php\/wp-json\/wp\/v2\/media\/7737"}],"wp:attachment":[{"href":"https:\/\/elliberador.com\/index.php\/wp-json\/wp\/v2\/media?parent=7736"}],"wp:term":[{"taxonomy":"category","embeddable":true,"href":"https:\/\/elliberador.com\/index.php\/wp-json\/wp\/v2\/categories?post=7736"},{"taxonomy":"post_tag","embeddable":true,"href":"https:\/\/elliberador.com\/index.php\/wp-json\/wp\/v2\/tags?post=7736"}],"curies":[{"name":"wp","href":"https:\/\/api.w.org\/{rel}","templated":true}]}}