{"id":7750,"date":"2026-03-20T11:15:59","date_gmt":"2026-03-20T14:15:59","guid":{"rendered":"https:\/\/elliberador.com\/?p=7750"},"modified":"2026-03-20T11:16:02","modified_gmt":"2026-03-20T14:16:02","slug":"bolivia-cae-el-hijo-del-expresidente-luis-arce-por-lavado-de-activos-y-corrupcion","status":"publish","type":"post","link":"https:\/\/elliberador.com\/index.php\/2026\/03\/20\/bolivia-cae-el-hijo-del-expresidente-luis-arce-por-lavado-de-activos-y-corrupcion\/","title":{"rendered":"Bolivia: Cae el hijo del expresidente Luis Arce por lavado de activos y corrupci\u00f3n"},"content":{"rendered":"\n<p>Luis Marcelo Arce Mosqueira, de 33 a\u00f1os, hijo mayor del expresidente Luis Arce, fue detenido este mi\u00e9rcoles en Santa Cruz tras una persecuci\u00f3n policial cuando intentaba fugarse en un veh\u00edculo. Le encontraron 22.200 d\u00f3lares encima. La Fiscal\u00eda lo investiga por legitimaci\u00f3n de ganancias il\u00edcitas y da\u00f1o econ\u00f3mico al Estado. Junto a \u00e9l cayeron otras cuatro personas.<\/p>\n\n\n\n<p>Su padre, el expresidente que gobern\u00f3 Bolivia entre 2020 y 2025, ya est\u00e1 preso en La Paz desde diciembre. Sus otros dos hijos, Rafael y Camila, tambi\u00e9n est\u00e1n bajo investigaci\u00f3n. El clan completo. La familia entera metida hasta el cuello en causas de corrupci\u00f3n, enriquecimiento il\u00edcito y lavado de activos.<\/p>\n\n\n\n<p>Los detalles de la detenci\u00f3n son un retrato perfecto de la hipocres\u00eda que define a estos personajes. Marcelo Arce no fue encontrado en un barrio humilde, entre los campesinos y trabajadores que su padre dec\u00eda representar. Fue localizado en un departamento en <strong>Equipetrol<\/strong>, una de las zonas residenciales m\u00e1s exclusivas y caras de Santa Cruz, la ciudad m\u00e1s pr\u00f3spera de Bolivia.<\/p>\n\n\n\n<p>Cuando la polic\u00eda lleg\u00f3, intent\u00f3 huir. No se entreg\u00f3. No dio la cara. No mostr\u00f3 la valent\u00eda que estos l\u00edderes exhiben cuando est\u00e1n en un atril dando discursos contra el imperialismo. Corri\u00f3. Y cuando lo interceptaron, llevaba encima el equivalente a 22.200 d\u00f3lares en efectivo, entre moneda nacional y extranjera.<\/p>\n\n\n\n<p>El ministro de Gobierno, Marco Antonio Oviedo, lo explic\u00f3 sin rodeos: <strong>\u00abSabemos el inmenso poder econ\u00f3mico que tiene este se\u00f1or Arce Mosqueira y que estaba en impunidad.\u00bb<\/strong><\/p>\n\n\n\n<p>Las im\u00e1genes difundidas por la prensa boliviana mostraron al detenido esposado, con remera roja y pantalones blancos. El hijo del presidente que iba a sacar a Bolivia de la pobreza, reducido a un sospechoso de lavado de dinero que hu\u00eda de la justicia con fajos de billetes.<\/p>\n\n\n\n<h2 class=\"wp-block-heading\">El clan Arce: una empresa familiar disfrazada de gobierno<\/h2>\n\n\n\n<figure class=\"wp-block-image size-full\"><img fetchpriority=\"high\" decoding=\"async\" width=\"729\" height=\"355\" src=\"https:\/\/elliberador.com\/wp-content\/uploads\/2026\/03\/Captura-de-pantalla-2026-03-20-111442.png\" alt=\"\" class=\"wp-image-7753\" srcset=\"https:\/\/elliberador.com\/wp-content\/uploads\/2026\/03\/Captura-de-pantalla-2026-03-20-111442.png 729w, https:\/\/elliberador.com\/wp-content\/uploads\/2026\/03\/Captura-de-pantalla-2026-03-20-111442-300x146.png 300w\" sizes=\"(max-width: 729px) 100vw, 729px\" \/><\/figure>\n\n\n\n<p>Lo de Marcelo no es un caso aislado. Es apenas la punta del iceberg de lo que parece ser una operaci\u00f3n familiar de saqueo sistem\u00e1tico al Estado boliviano.<\/p>\n\n\n\n<p><strong>Luis Arce, el padre:<\/strong> Preso desde diciembre de 2025 por presunta corrupci\u00f3n durante su gesti\u00f3n como ministro de Econom\u00eda en el gobierno de Evo Morales. El mismo que manej\u00f3 las finanzas del pa\u00eds durante a\u00f1os. El mismo que la izquierda continental presentaba como un \u00abgenio econ\u00f3mico\u00bb.<\/p>\n\n\n\n<p><strong>Rafael Arce, hermano menor:<\/strong> Pr\u00f3fugo. La Fiscal\u00eda pidi\u00f3 su detenci\u00f3n preventiva por seis meses por enriquecimiento il\u00edcito y uso indebido de influencias. En 2021, con apenas unos a\u00f1os de vida adulta, compr\u00f3 <strong>m\u00e1s de 2.100 hect\u00e1reas de tierra por 3,3 millones de d\u00f3lares<\/strong> en Santa Cruz. \u00bfCon qu\u00e9 dinero? Esa es la pregunta que la justicia intenta responder. Su paradero es desconocido.<\/p>\n\n\n\n<p><strong>Camila Arce, hermana menor:<\/strong> Tambi\u00e9n bajo investigaci\u00f3n. Se descubri\u00f3 que junto a Rafael obtuvieron <strong>pr\u00e9stamos bancarios por 9,1 millones de d\u00f3lares<\/strong> en seis transacciones de una misma entidad financiera. Nueve millones de d\u00f3lares. Los hijos de un funcionario p\u00fablico.<\/p>\n\n\n\n<p><strong>Marcelo Arce, el hijo mayor:<\/strong> Ya hab\u00eda sido acusado en 2023 de funcionar como <strong>intermediario entre el Estado y empresas privadas<\/strong> en el millonario negocio del litio boliviano, sin ser funcionario p\u00fablico. Es decir, operaba como gestor de negocios del Estado desde las sombras, aprovechando que su padre era presidente. La causa fue inicialmente archivada por tecnicismos, pero ahora resurge con fuerza bajo la investigaci\u00f3n por lavado de activos.<\/p>\n\n\n\n<p>Sumemos: tierras millonarias, pr\u00e9stamos bancarios de nueve millones, intermediaci\u00f3n en el negocio del litio, dinero en efectivo, intentos de fuga y un expresidente preso. <strong>Todo esto sali\u00f3 de un gobierno que se llenaba la boca hablando de los pobres.<\/strong><\/p>\n\n\n\n<h2 class=\"wp-block-heading\">La \u00abPatria Grande\u00bb: una franquicia continental de corrupci\u00f3n<\/h2>\n\n\n\n<figure class=\"wp-block-image size-full\"><img decoding=\"async\" width=\"667\" height=\"454\" src=\"https:\/\/elliberador.com\/wp-content\/uploads\/2026\/03\/Captura-de-pantalla-2026-03-20-111252.png\" alt=\"\" class=\"wp-image-7751\" srcset=\"https:\/\/elliberador.com\/wp-content\/uploads\/2026\/03\/Captura-de-pantalla-2026-03-20-111252.png 667w, https:\/\/elliberador.com\/wp-content\/uploads\/2026\/03\/Captura-de-pantalla-2026-03-20-111252-300x204.png 300w\" sizes=\"(max-width: 667px) 100vw, 667px\" \/><\/figure>\n\n\n\n<p>Hay que decirlo con todas las letras, aunque a muchos les incomode: <strong>lo que ocurre con la familia Arce en Bolivia no es una excepci\u00f3n. Es la regla.<\/strong> Es el patr\u00f3n que se repite, pa\u00eds tras pa\u00eds, cada vez que la autodenominada \u00abPatria Grande\u00bb llega al poder en Am\u00e9rica Latina.<\/p>\n\n\n\n<p>Hagamos el repaso. Porque la memoria es lo primero que estos movimientos intentan borrar.<\/p>\n\n\n\n<h3 class=\"wp-block-heading\">Venezuela: el saqueo m\u00e1s grande de la historia latinoamericana<\/h3>\n\n\n\n<p>Hugo Ch\u00e1vez lleg\u00f3 al poder en 1999 prometiendo acabar con la \u00aboligarqu\u00eda\u00bb y repartir la riqueza petrolera entre el pueblo. Muri\u00f3 en 2013 dejando un pa\u00eds en ruinas y una casta militar y pol\u00edtica multimillonaria. Su sucesor, Nicol\u00e1s Maduro, complet\u00f3 la obra: <strong>convirti\u00f3 a la naci\u00f3n con las mayores reservas de petr\u00f3leo del mundo en un pa\u00eds donde la gente come de la basura.<\/strong><\/p>\n\n\n\n<p>Los \u00abbolichicos\u00bb \u2014los hijos de la revoluci\u00f3n bolivariana\u2014 se pasean por Madrid, Miami y Panam\u00e1 con fortunas inexplicables. Los jerarcas del chavismo tienen propiedades en el extranjero, cuentas en para\u00edsos fiscales y un nivel de vida que har\u00eda sonrojar a los oligarcas que dec\u00edan combatir. Mientras tanto, <strong>m\u00e1s de 8 millones de venezolanos tuvieron que huir del pa\u00eds.<\/strong> Siete millones de personas que lo perdieron todo gracias a la \u00abjusticia social\u00bb chavista.<\/p>\n\n\n\n<h3 class=\"wp-block-heading\">Argentina: los Kirchner y la d\u00e9cada robada<\/h3>\n\n\n\n<p>N\u00e9stor Kirchner lleg\u00f3 a la Casa Rosada en 2003 con un patrimonio declarado modesto. Cuando Cristina Fern\u00e1ndez dej\u00f3 el poder por primera vez en 2015, la pareja presidencial hab\u00eda multiplicado su fortuna de manera astron\u00f3mica. Propiedades en la Patagonia. Hoteles. Campos. Departamentos.<\/p>\n\n\n\n<p>Cristina Kirchner fue condenada por la Justicia argentina a seis a\u00f1os de prisi\u00f3n por administraci\u00f3n fraudulenta en la causa conocida como \u00abVialidad\u00bb, donde se prob\u00f3 que se direccionaron obras p\u00fablicas por miles de millones de pesos a un empresario amigo, L\u00e1zaro B\u00e1ez, que pas\u00f3 de ser un empleado bancario a convertirse en uno de los hombres m\u00e1s ricos de Santa Cruz.<\/p>\n\n\n\n<p>\u00bfY L\u00e1zaro B\u00e1ez? Tambi\u00e9n condenado por lavado de dinero. El mismo delito por el que ahora investigan al hijo de Arce en Bolivia. <strong>El mismo modus operandi. El mismo libreto.<\/strong><\/p>\n\n\n\n<p>Jos\u00e9 L\u00f3pez, secretario de Obras P\u00fablicas kirchnerista, fue filmado a las tres de la ma\u00f1ana arrojando bolsos con <strong>9 millones de d\u00f3lares en efectivo<\/strong> en un convento. Nueve millones de d\u00f3lares. En bolsos. En un convento. A las tres de la ma\u00f1ana. Esa es la \u00abjusticia social\u00bb kirchnerista en su m\u00e1xima expresi\u00f3n.<\/p>\n\n\n\n<p>La lista es interminable: Amado Boudou condenado por cohecho. Ricardo Jaime condenado por administraci\u00f3n fraudulenta. Julio De Vido procesado. Una banda organizada desde el Estado que utiliz\u00f3 el relato de la inclusi\u00f3n social para vaciar las arcas p\u00fablicas.<\/p>\n\n\n\n<h3 class=\"wp-block-heading\">Brasil: Lula y el Petrol\u00e3o<\/h3>\n\n\n\n<p>Luiz In\u00e1cio Lula da Silva, el obrero metal\u00fargico que iba a representar al pueblo, fue condenado en dos instancias judiciales por corrupci\u00f3n y lavado de dinero en el marco del mayor esc\u00e1ndalo de corrupci\u00f3n de la historia de Am\u00e9rica Latina: el caso Petrobras, conocido como \u00abLava Jato\u00bb.<\/p>\n\n\n\n<p>La investigaci\u00f3n revel\u00f3 un esquema de sobornos multimillonarios que involucraba a la petrolera estatal, constructoras y partidos pol\u00edticos. <strong>Miles de millones de d\u00f3lares desviados.<\/strong> El Partido de los Trabajadores (PT) de Lula estaba en el centro de la telara\u00f1a.<\/p>\n\n\n\n<p>Lula estuvo preso 580 d\u00edas. Su liberaci\u00f3n y posterior regreso al poder se dieron tras maniobras judiciales que anularon sus condenas por cuestiones de competencia jurisdiccional, no porque se demostrara su inocencia. La Justicia nunca dijo que Lula era inocente. Dijo que el juez que lo conden\u00f3 no ten\u00eda jurisdicci\u00f3n.<\/p>\n\n\n\n<p>Su mano derecha, Jos\u00e9 Dirceu, fue condenado. Su tesorero del PT, Del\u00fabio Soares, fue condenado. Su operador pol\u00edtico, Jo\u00e3o Vaccari Neto, fue condenado. Pero Lula volvi\u00f3 al poder present\u00e1ndose como v\u00edctima de una \u00abpersecuci\u00f3n\u00bb.<\/p>\n\n\n\n<h3 class=\"wp-block-heading\">Bolivia: Evo Morales, el modelo original<\/h3>\n\n\n\n<p>Antes de Luis Arce existi\u00f3 Evo Morales, su mentor y el hombre que lo coloc\u00f3 en el poder. Morales gobern\u00f3 Bolivia durante 14 a\u00f1os (2006-2019), violando la Constituci\u00f3n que \u00e9l mismo hab\u00eda promovido para perpetuarse en el cargo, hasta que un fraude electoral documentado por la OEA provoc\u00f3 su ca\u00edda en 2019.<\/p>\n\n\n\n<p>Evo, el dirigente cocalero que dec\u00eda representar a los pueblos originarios, construy\u00f3 un <strong>museo de 7 millones de d\u00f3lares<\/strong> en su honor en Orinoca, su pueblo natal, mientras comunidades ind\u00edgenas segu\u00edan sin agua potable. Persigui\u00f3 a la prensa, coopt\u00f3 la Justicia y manej\u00f3 Bolivia como un feudo personal.<\/p>\n\n\n\n<p>Cuando la relaci\u00f3n entre Morales y Arce se rompi\u00f3 \u2014porque entre mafiosos siempre hay traiciones\u2014, qued\u00f3 al descubierto que ninguno de los dos estaba interesado en el pueblo boliviano. Estaban interesados en el poder y en el dinero que ven\u00eda con \u00e9l.<\/p>\n\n\n\n<p>Y ahora vemos el resultado: <strong>Evo acusado de m\u00faltiples delitos, Arce preso, y los hijos de Arce cayendo uno por uno como fichas de domin\u00f3.<\/strong><\/p>\n\n\n\n<h3 class=\"wp-block-heading\">Nicaragua, Cuba y el mapa completo<\/h3>\n\n\n\n<p>Daniel Ortega convirti\u00f3 a Nicaragua en una dictadura familiar donde su esposa es vicepresidenta y sus hijos manejan los medios de comunicaci\u00f3n y los negocios del pa\u00eds. Cuba lleva m\u00e1s de seis d\u00e9cadas bajo una dictadura que mantiene a su pueblo en la miseria mientras la casta dirigente vive en mansiones cerradas al p\u00fablico.<\/p>\n\n\n\n<p><strong>\u00bfVen el patr\u00f3n?<\/strong> Todos llegan con el mismo discurso: justicia social, soberan\u00eda, lucha contra el imperialismo, redistribuci\u00f3n de la riqueza, defensa de los pobres. Y todos terminan igual: con cuentas millonarias, propiedades inexplicables, familiares enriquecidos y pueblos m\u00e1s pobres que antes.<\/p>\n\n\n\n<h2 class=\"wp-block-heading\">Los n\u00fameros de Bolivia<\/h2>\n\n\n\n<p>Mientras los hijos de Luis Arce compraban tierras millonarias y sacaban pr\u00e9stamos por nueve millones de d\u00f3lares, <strong>Bolivia atravesaba la peor crisis econ\u00f3mica en d\u00e9cadas:<\/strong><\/p>\n\n\n\n<ul class=\"wp-block-list\">\n<li>Las reservas internacionales del Banco Central se desplomaron de m\u00e1s de 15.000 millones de d\u00f3lares en su pico a niveles cr\u00edticos.<\/li>\n\n\n\n<li>La escasez de d\u00f3lares gener\u00f3 un mercado paralelo con brechas cambiarias enormes.<\/li>\n\n\n\n<li>Se registraron colas interminables para conseguir combustible.<\/li>\n\n\n\n<li>La deuda p\u00fablica creci\u00f3 exponencialmente.<\/li>\n\n\n\n<li>El actual presidente, Rodrigo Paz, denunci\u00f3 que la administraci\u00f3n de Arce dej\u00f3\u00a0<strong>\u00abun mar de deudas\u00bb.<\/strong><\/li>\n<\/ul>\n\n\n\n<p>Mientras el pueblo boliviano hac\u00eda cola para comprar gasolina, Marcelo Arce se mov\u00eda por la zona m\u00e1s exclusiva de Santa Cruz con miles de d\u00f3lares en efectivo. Mientras familias bolivianas no pod\u00edan acceder a divisas, Rafael Arce compraba 2.100 hect\u00e1reas por 3,3 millones de d\u00f3lares.<\/p>\n\n\n\n<p><strong>Eso es la \u00abPatria Grande\u00bb en estado puro: miseria para el pueblo, millones para la casta gobernante.<\/strong><\/p>\n","protected":false},"excerpt":{"rendered":"<p>La escena se repite como un disco rayado: un l\u00edder de la izquierda latinoamericana que lleg\u00f3 al poder prometiendo \u00abjusticia social\u00bb y termina con toda su familia investigada por robarle al pueblo que jur\u00f3 defender. Esta vez le toca a la familia Arce, en Bolivia. Pero el gui\u00f3n ya lo conocemos de memoria.<\/p>\n","protected":false},"author":2,"featured_media":7752,"comment_status":"open","ping_status":"open","sticky":false,"template":"","format":"standard","meta":{"_acf_changed":false,"advanced_seo_description":"","jetpack_seo_html_title":"","jetpack_seo_noindex":false,"_jetpack_memberships_contains_paid_content":false,"footnotes":""},"categories":[10],"tags":[88,1234,633,20,694,56],"class_list":["post-7750","post","type-post","status-publish","format-standard","has-post-thumbnail","hentry","category-internacionales","tag-bolivia","tag-corrupcion-2","tag-cristina-kirchner","tag-destacados","tag-donald-trump","tag-milei"],"acf":[],"jetpack_featured_media_url":"https:\/\/elliberador.com\/wp-content\/uploads\/2026\/03\/Captura-de-pantalla-2026-03-20-111207.webp","jetpack_sharing_enabled":true,"_links":{"self":[{"href":"https:\/\/elliberador.com\/index.php\/wp-json\/wp\/v2\/posts\/7750","targetHints":{"allow":["GET"]}}],"collection":[{"href":"https:\/\/elliberador.com\/index.php\/wp-json\/wp\/v2\/posts"}],"about":[{"href":"https:\/\/elliberador.com\/index.php\/wp-json\/wp\/v2\/types\/post"}],"author":[{"embeddable":true,"href":"https:\/\/elliberador.com\/index.php\/wp-json\/wp\/v2\/users\/2"}],"replies":[{"embeddable":true,"href":"https:\/\/elliberador.com\/index.php\/wp-json\/wp\/v2\/comments?post=7750"}],"version-history":[{"count":1,"href":"https:\/\/elliberador.com\/index.php\/wp-json\/wp\/v2\/posts\/7750\/revisions"}],"predecessor-version":[{"id":7754,"href":"https:\/\/elliberador.com\/index.php\/wp-json\/wp\/v2\/posts\/7750\/revisions\/7754"}],"wp:featuredmedia":[{"embeddable":true,"href":"https:\/\/elliberador.com\/index.php\/wp-json\/wp\/v2\/media\/7752"}],"wp:attachment":[{"href":"https:\/\/elliberador.com\/index.php\/wp-json\/wp\/v2\/media?parent=7750"}],"wp:term":[{"taxonomy":"category","embeddable":true,"href":"https:\/\/elliberador.com\/index.php\/wp-json\/wp\/v2\/categories?post=7750"},{"taxonomy":"post_tag","embeddable":true,"href":"https:\/\/elliberador.com\/index.php\/wp-json\/wp\/v2\/tags?post=7750"}],"curies":[{"name":"wp","href":"https:\/\/api.w.org\/{rel}","templated":true}]}}