{"id":7772,"date":"2026-03-26T08:03:55","date_gmt":"2026-03-26T11:03:55","guid":{"rendered":"https:\/\/elliberador.com\/?p=7772"},"modified":"2026-03-30T11:48:31","modified_gmt":"2026-03-30T14:48:31","slug":"escandalo-en-santa-fe-denuncian-al-gobernador-pullaro-por-abuso-de-autoridad-violencia-institucional-y-muerte-civil-de-una-escribana","status":"publish","type":"post","link":"https:\/\/elliberador.com\/index.php\/2026\/03\/26\/escandalo-en-santa-fe-denuncian-al-gobernador-pullaro-por-abuso-de-autoridad-violencia-institucional-y-muerte-civil-de-una-escribana\/","title":{"rendered":"Esc\u00e1ndalo en Santa Fe: denuncian al gobernador Pullaro por abuso de autoridad, \u00abviolencia institucional\u00bb y \u00abmuerte civil\u00bb de una escribana"},"content":{"rendered":"\n<p>La abogada y escribana Mar\u00eda Covadonga Susana Marcuzzi present\u00f3 una denuncia penal contra la c\u00fapula del poder provincial de Santa Fe y las autoridades del Colegio de Escribanos de la Primera Circunscripci\u00f3n. La causa, que ya fue elevada a la Comisi\u00f3n Interamericana de Derechos Humanos (CIDH) bajo la petici\u00f3n P-2324-25, est\u00e1 caratulada por Abuso de Autoridad, Violencia Institucional, violaci\u00f3n de Derechos Humanos y Muerte civil.<\/p>\n\n\n\n<p>Entre los denunciados se encuentran el gobernador Maximiliano Pullaro, el ministro de Gobierno Fabi\u00e1n Bastia, el secretario de Registros Notariales Mat\u00edas Figueroa y directivos del Colegio de Escribanos.<\/p>\n\n\n\n<div data-wp-interactive=\"core\/file\" class=\"wp-block-file\"><object data-wp-bind--hidden=\"!state.hasPdfPreview\" hidden class=\"wp-block-file__embed\" data=\"https:\/\/elliberador.com\/wp-content\/uploads\/2026\/03\/DENUNCIA-COVITA.pdf\" type=\"application\/pdf\" style=\"width:100%;height:600px\" aria-label=\"Incrustado de DENUNCIA COVITA.\"><\/object><a id=\"wp-block-file--media-4553163a-bcb3-467b-8be8-186960d1da4d\" href=\"https:\/\/elliberador.com\/wp-content\/uploads\/2026\/03\/DENUNCIA-COVITA.pdf\">DENUNCIA COVITA<\/a><a href=\"https:\/\/elliberador.com\/wp-content\/uploads\/2026\/03\/DENUNCIA-COVITA.pdf\" class=\"wp-block-file__button wp-element-button\" download aria-describedby=\"wp-block-file--media-4553163a-bcb3-467b-8be8-186960d1da4d\">Descarga<\/a><\/div>\n\n\n\n<h3 class=\"wp-block-heading\"><strong>EL N\u00daCLEO DEL CONFLICTO: UNA SANCI\u00d3N QUE SE VOLVI\u00d3 CONDENA PERPETUA<\/strong><\/h3>\n\n\n\n<p>El eje central del caso es la denuncia de que el Estado provincial est\u00e1 aplicando una sanci\u00f3n de car\u00e1cter perpetuo, algo prohibido por la Constituci\u00f3n Nacional y por tratados internacionales como el Pacto de San Jos\u00e9 de Costa Rica.<\/p>\n\n\n\n<p>Marcuzzi fue destituida en 2010 por una falta administrativa leve. Sin embargo, sostiene que dicha destituci\u00f3n fue nula, ya que no se respetaron los plazos legales y los sumarios se realizaron fuera de t\u00e9rmino, vulnerando el debido proceso.<\/p>\n\n\n\n<figure class=\"wp-block-image size-full\"><img fetchpriority=\"high\" decoding=\"async\" width=\"390\" height=\"261\" src=\"https:\/\/elliberador.com\/wp-content\/uploads\/2026\/03\/image-30.png\" alt=\"\" class=\"wp-image-7780\" srcset=\"https:\/\/elliberador.com\/wp-content\/uploads\/2026\/03\/image-30.png 390w, https:\/\/elliberador.com\/wp-content\/uploads\/2026\/03\/image-30-300x201.png 300w\" sizes=\"(max-width: 390px) 100vw, 390px\" \/><\/figure>\n\n\n\n<p>A 16 a\u00f1os de esa decisi\u00f3n, la profesional contin\u00faa impedida de ejercer. Seg\u00fan su planteo, ninguna sanci\u00f3n administrativa puede ser indefinida. La imposibilidad de trabajar durante m\u00e1s de una d\u00e9cada configura lo que define como una \u201cmuerte civil\u201d, es decir, la anulaci\u00f3n total de su capacidad de ejercer su profesi\u00f3n y quita de sus derechos civiles.<\/p>\n\n\n\n<p><em>\u00abMe tratan en peores condiciones que a un penado por delitos graves\u00bb<\/em>, sostiene Marcuzzi en su denuncia. La profesional argumenta que ninguna sanci\u00f3n administrativa puede ser perpetua, y que el impedimento <em>sine die<\/em> para ejercer su derecho constitucional al trabajo constituye una violaci\u00f3n directa a los Derechos Humanos.<\/p>\n\n\n\n<p>Este argumento se apoya en dict\u00e1menes de Fiscal\u00eda de Estado que establecen que las sanciones no pueden ser perpetuas, as\u00ed como en <strong>el art\u00edculo 21 de la constituci\u00f3n<\/strong>, que contempla el principio de rehabilitaci\u00f3n.<\/p>\n\n\n\n<figure class=\"wp-block-image size-full\"><img decoding=\"async\" width=\"634\" height=\"244\" src=\"https:\/\/elliberador.com\/wp-content\/uploads\/2026\/03\/image-26.png\" alt=\"\" class=\"wp-image-7773\" srcset=\"https:\/\/elliberador.com\/wp-content\/uploads\/2026\/03\/image-26.png 634w, https:\/\/elliberador.com\/wp-content\/uploads\/2026\/03\/image-26-300x115.png 300w\" sizes=\"(max-width: 634px) 100vw, 634px\" \/><\/figure>\n\n\n\n<p>Adem\u00e1s, se invoca el criterio de que <strong>cualquier sanci\u00f3n por tiempo indeterminado debe poder revisarse a partir de los 10 a\u00f1os<\/strong>, algo que en este caso no se estar\u00eda cumpliendo.<\/p>\n\n\n\n<p><strong>REHABILITACI\u00d3N NEGADA Y BLOQUEO SISTEM\u00c1TICO<\/strong><\/p>\n\n\n\n<p>El reclamo principal de Marcuzzi no se centra \u00fanicamente en la destituci\u00f3n original, sino en la negativa constante a permitirle reinsertarse profesionalmente.<\/p>\n\n\n\n<p>La escribana cuenta con certificados de reincidencia limpios y actualizados (2024 y 2025) que acreditan que no posee antecedentes penales, ni deudas ni causas judiciales. Sin embargo, el Colegio de Escribanos y el Gobierno provincial le impiden sistem\u00e1ticamente acceder a concursos o recuperar su matr\u00edcula.<\/p>\n\n\n\n<div class=\"wp-block-jetpack-slideshow aligncenter\" data-effect=\"slide\"><div class=\"wp-block-jetpack-slideshow_container swiper\"><ul class=\"wp-block-jetpack-slideshow_swiper-wrapper swiper-wrapper\"><li class=\"wp-block-jetpack-slideshow_slide swiper-slide\"><figure><img decoding=\"async\" width=\"458\" height=\"572\" alt=\"\" class=\"wp-block-jetpack-slideshow_image wp-image-7777\" data-id=\"7777\" src=\"https:\/\/elliberador.com\/wp-content\/uploads\/2026\/03\/image-29.png\" srcset=\"https:\/\/elliberador.com\/wp-content\/uploads\/2026\/03\/image-29.png 458w, https:\/\/elliberador.com\/wp-content\/uploads\/2026\/03\/image-29-240x300.png 240w\" sizes=\"(max-width: 458px) 100vw, 458px\" \/><figcaption class=\"wp-block-jetpack-slideshow_caption gallery-caption\"><\/figcaption><\/figure><\/li><li class=\"wp-block-jetpack-slideshow_slide swiper-slide\"><figure><img loading=\"lazy\" decoding=\"async\" width=\"418\" height=\"572\" alt=\"\" class=\"wp-block-jetpack-slideshow_image wp-image-7778\" data-id=\"7778\" data-aspect-ratio=\"418 \/ 572\" src=\"https:\/\/elliberador.com\/wp-content\/uploads\/2026\/03\/image.jpg\" srcset=\"https:\/\/elliberador.com\/wp-content\/uploads\/2026\/03\/image.jpg 418w, https:\/\/elliberador.com\/wp-content\/uploads\/2026\/03\/image-219x300.jpg 219w\" sizes=\"(max-width: 418px) 100vw, 418px\" \/><\/figure><\/li><\/ul><a class=\"wp-block-jetpack-slideshow_button-prev swiper-button-prev swiper-button-white\" role=\"button\"><\/a><a class=\"wp-block-jetpack-slideshow_button-next swiper-button-next swiper-button-white\" role=\"button\"><\/a><a aria-label=\"Pause Slideshow\" class=\"wp-block-jetpack-slideshow_button-pause\" role=\"button\"><\/a><div class=\"wp-block-jetpack-slideshow_pagination swiper-pagination swiper-pagination-white\"><\/div><\/div><\/div>\n\n\n\n<p>Incluso, sostiene que no se le permite rendir concursos por el solo hecho de haber pasado m\u00e1s de 10 a\u00f1os desde su destituci\u00f3n, lo que considera un argumento arbitrario.<\/p>\n\n\n\n<p>A pesar de haber presentado m\u00faltiples recursos administrativos y <strong>cinco pedidos de pronto despacho<\/strong> (Expte. N\u00b0 00101-0330037-8), no obtuvo respuestas favorables. El Ministerio de Justicia, por su parte, se declar\u00f3 incompetente, derivando el caso al Ministerio P\u00fablico de la Acusaci\u00f3n.<\/p>\n\n\n\n<h3 class=\"wp-block-heading\"><strong>LA DOBLE VARA DEL COLEGIO DE ESCRIBANOS<\/strong><\/h3>\n\n\n\n<p>Uno de los puntos m\u00e1s graves de la denuncia es la existencia de un presunto doble est\u00e1ndar dentro del Colegio de Escribanos.<\/p>\n\n\n\n<p>Marcuzzi afirma que <strong>existen profesionales con antecedentes penales graves, incluso con per\u00edodos de detenci\u00f3n, que no fueron suspendidos ni excluidos del ejercicio profesional<\/strong>.&nbsp;<\/p>\n\n\n\n<p><em>\u00abHay escribanos amigos del gobernador que estuvieron presos y denunciados y no tuvieron ni un d\u00eda de suspensi\u00f3n, mientras yo llevo 16 a\u00f1os sin poder trabajar\u00bb<\/em>. Afirm\u00f3<\/p>\n\n\n\n<p>En contraste, a ella se le impide trabajar por una falta administrativa leve de hace m\u00e1s de una d\u00e9cada.<\/p>\n\n\n\n<p>Tambi\u00e9n denuncia <strong>falta de transparencia estructural, concursos \u201cdigitados\u201d y arbitrariedad en la selecci\u00f3n de postulantes.<\/strong><\/p>\n\n\n\n<figure class=\"wp-block-image size-full\"><img loading=\"lazy\" decoding=\"async\" width=\"398\" height=\"464\" src=\"https:\/\/elliberador.com\/wp-content\/uploads\/2026\/03\/image-28-edited.png\" alt=\"\" class=\"wp-image-7776\" srcset=\"https:\/\/elliberador.com\/wp-content\/uploads\/2026\/03\/image-28-edited.png 398w, https:\/\/elliberador.com\/wp-content\/uploads\/2026\/03\/image-28-edited-257x300.png 257w\" sizes=\"(max-width: 398px) 100vw, 398px\" \/><\/figure>\n\n\n\n<p>En particular, se\u00f1ala que fue excluida del concurso de registros notariales de octubre de 2024, a pesar de cumplir con todos los requisitos legales y presentar documentaci\u00f3n respaldatoria. Esta exclusi\u00f3n es interpretada como un<strong> bloqueo selectivo para impedir su rehabilitaci\u00f3n, encajonan sus expedientes.<\/strong><\/p>\n\n\n\n<h3 class=\"wp-block-heading\"><strong>RESPONSABILIDAD DEL PODER EJECUTIVO PROVINCIAL<\/strong><\/h3>\n\n\n\n<p>La denuncia escala hasta el nivel pol\u00edtico al involucrar directamente al gobernador Pullaro y al ministro Bastia.<\/p>\n\n\n\n<p>Se los acusa de:<\/p>\n\n\n\n<ul class=\"wp-block-list\">\n<li><strong>Ratificar el perjuicio<\/strong> mediante la firma de decretos que rechazan recursos administrativos, ignorando incluso dict\u00e1menes de Fiscal\u00eda de Estado favorables a la denunciante.<\/li>\n\n\n\n<li><strong>Omisi\u00f3n de auxilio institucional<\/strong>, al no intervenir para resolver la situaci\u00f3n.<\/li>\n\n\n\n<li><strong>Cajoneo de expedientes<\/strong>, utilizando la burocracia para dilatar decisiones.<\/li>\n\n\n\n<li><strong>Negativa sistem\u00e1tica de audiencia<\/strong>, pese a reiterados pedidos urgentes.<\/li>\n\n\n\n<li><strong>Abuso de autoridad<\/strong><\/li>\n\n\n\n<li><strong>Violencia institucional<\/strong><\/li>\n<\/ul>\n\n\n\n<p>Marcuzzi solicit\u00f3 una audiencia formal el 29 de octubre de 2024, poco despu\u00e9s de la asunci\u00f3n del gobernador, quien hab\u00eda manifestado p\u00fablicamente estar \u201ca disposici\u00f3n de la gente\u201d. Sin embargo, nunca fue recibida y sus pedidos fueron rechazados en un contexto de excesiva burocracia a pesar de que hayan sido presentados en caracter de urgencia e importante.<\/p>\n\n\n\n<figure class=\"wp-block-image size-full\"><img loading=\"lazy\" decoding=\"async\" width=\"376\" height=\"538\" src=\"https:\/\/elliberador.com\/wp-content\/uploads\/2026\/03\/image-32.png\" alt=\"\" class=\"wp-image-7782\" srcset=\"https:\/\/elliberador.com\/wp-content\/uploads\/2026\/03\/image-32.png 376w, https:\/\/elliberador.com\/wp-content\/uploads\/2026\/03\/image-32-210x300.png 210w\" sizes=\"(max-width: 376px) 100vw, 376px\" \/><\/figure>\n\n\n\n<h3 class=\"wp-block-heading\"><strong>IRREGULARIDADES EN EL ORIGEN DE LA SANCI\u00d3N<\/strong><\/h3>\n\n\n\n<p>La denunciante tambi\u00e9n cuestiona el origen mismo de la destituci\u00f3n:<\/p>\n\n\n\n<ul class=\"wp-block-list\">\n<li>Afirma que los sumarios fueron realizados fuera de t\u00e9rmino.<\/li>\n\n\n\n<li>Se\u00f1ala que no hubo perjuicio patrimonial ni escrituras anuladas.<\/li>\n\n\n\n<li>Sostiene que <strong>la sanci\u00f3n se bas\u00f3 en fallos administrativos menores y en un protocolo administrativo de 1999.<\/strong><\/li>\n\n\n\n<li>Denuncia que ni siquiera se analiza ni contempla el motivo real de la destituci\u00f3n en las decisiones actuales.<\/li>\n<\/ul>\n\n\n\n<p>Incluso menciona una contradicci\u00f3n judicial: <strong>camaristas que afirmaron que \u201cen Argentina nadie es muerto civilmente\u201d<\/strong> habr\u00edan sido los mismos que firmaron su destituci\u00f3n con fundamentos m\u00ednimos.<\/p>\n\n\n\n<h3 class=\"wp-block-heading\"><strong>ABUSO DE PODER Y FUNCIONAMIENTO DISCRECIONAL DEL ESTADO<\/strong><\/h3>\n\n\n\n<p>El caso tambi\u00e9n expone, seg\u00fan la denunciante, un patr\u00f3n de:<\/p>\n\n\n\n<ul class=\"wp-block-list\">\n<li>Abuso de poder<\/li>\n\n\n\n<li>Inoperancia e ineficiencia estatal<\/li>\n\n\n\n<li>Uso discrecional de las normas<\/li>\n\n\n\n<li>Beneficios selectivos dentro del sistema<\/li>\n<\/ul>\n\n\n\n<figure class=\"wp-block-image size-full is-resized\"><img loading=\"lazy\" decoding=\"async\" width=\"765\" height=\"381\" src=\"https:\/\/elliberador.com\/wp-content\/uploads\/2026\/03\/image-31.png\" alt=\"\" class=\"wp-image-7781\" style=\"width:544px;height:auto\" srcset=\"https:\/\/elliberador.com\/wp-content\/uploads\/2026\/03\/image-31.png 765w, https:\/\/elliberador.com\/wp-content\/uploads\/2026\/03\/image-31-300x149.png 300w\" sizes=\"(max-width: 765px) 100vw, 765px\" \/><\/figure>\n\n\n\n<p>Como ejemplo de \u201cdoble vara\u201d, menciona un episodio en el que una agresi\u00f3n menor contra el ministro Bastia fue r\u00e1pidamente escalada a delitos complejos, contrastando con la falta de respuesta en su caso y dejando a la vista los privilegios que sostienen los del poder por sobre el ciudadano com\u00fan.<\/p>\n\n\n\n<h3 class=\"wp-block-heading\"><strong>INTERNACIONALIZACI\u00d3N: INTERVENCI\u00d3N DE LA CIDH<\/strong><\/h3>\n\n\n\n<p>Ante la falta de respuestas a nivel provincial, el caso fue llevado a la Comisi\u00f3n Interamericana de Derechos Humanos.<\/p>\n\n\n\n<p>La petici\u00f3n P-2324-25 plantea:<\/p>\n\n\n\n<ul class=\"wp-block-list\">\n<li>Violencia institucional<\/li>\n\n\n\n<li>Violaci\u00f3n del derecho al trabajo<\/li>\n\n\n\n<li>Violaci\u00f3n del debido proceso<\/li>\n\n\n\n<li>Discriminaci\u00f3n y violencia de g\u00e9nero<\/li>\n<\/ul>\n\n\n\n<p><strong>Se argumenta que el Estado santafesino utiliza su estructura para impedir el ejercicio profesional de una persona, aplicando una sanci\u00f3n que en la pr\u00e1ctica es vitalicia y degradante.<\/strong><\/p>\n\n\n\n<h3 class=\"wp-block-heading\"><strong>UN CASO DE GRAVEDAD INSTITUCIONAL<\/strong><\/h3>\n\n\n\n<p>El caso Marcuzzi deja de ser un conflicto administrativo individual para convertirse en un posible precedente de persecuci\u00f3n institucional.<\/p>\n\n\n\n<p>La prolongaci\u00f3n de una sanci\u00f3n durante 15 a\u00f1os, la exclusi\u00f3n sistem\u00e1tica de concursos p\u00fablicos, la falta de respuesta del Poder Ejecutivo y las denuncias de arbitrariedad dentro del Colegio de Escribanos configuran un escenario de alta gravedad institucional.<\/p>\n\n\n\n<p>El eje de la controversia es claro: si el Estado puede, en la pr\u00e1ctica, imponer una pena perpetua fuera del \u00e1mbito penal, anulando el derecho al trabajo y vulnerando garant\u00edas constitucionales.<\/p>\n\n\n\n<p>Ahora, la definici\u00f3n ya no depende \u00fanicamente de la justicia provincial. La CIDH y el sistema interamericano de derechos humanos tendr\u00e1n la \u00faltima palabra sobre si en Santa Fe se configur\u00f3 un caso de violencia institucional y violaci\u00f3n de derechos fundamentales.<\/p>\n","protected":false},"excerpt":{"rendered":"<p>La abogada y escribana Mar\u00eda Covadonga Susana Marcuzzi elev\u00f3 una denuncia penal contra la c\u00fapula del poder provincial y el Colegio de Escribanos. El caso ya lleg\u00f3 a la CIDH bajo la car\u00e1tula de violaci\u00f3n de Derechos Humanos y Abuso de Autoridad.<br \/>\nTras ser destituida en 2010 por una falta administrativa leve, Marcuzzi lleva una d\u00e9cada y media intentando reinsertarse profesionalmente. A pesar de contar con certificados de reincidencia limpios (2024-2025) y de no tener deudas ni causas penales, el Colegio de Escribanos y el Gobierno Provincial le cierran sistem\u00e1ticamente las puertas, ignorando incluso dict\u00e1menes de la propia Fiscal\u00eda de Estado y la constituci\u00f3n.<\/p>\n","protected":false},"author":2,"featured_media":7783,"comment_status":"open","ping_status":"open","sticky":false,"template":"","format":"standard","meta":{"_acf_changed":false,"advanced_seo_description":"","jetpack_seo_html_title":"","jetpack_seo_noindex":false,"_jetpack_memberships_contains_paid_content":false,"footnotes":""},"categories":[598],"tags":[20,99,66],"class_list":["post-7772","post","type-post","status-publish","format-standard","has-post-thumbnail","hentry","category-santa-fe","tag-destacados","tag-pullaro","tag-santa-fe"],"acf":[],"jetpack_featured_media_url":"https:\/\/elliberador.com\/wp-content\/uploads\/2026\/03\/WhatsApp-Image-2026-03-25-at-11.43.51-PM.jpeg","jetpack_sharing_enabled":true,"_links":{"self":[{"href":"https:\/\/elliberador.com\/index.php\/wp-json\/wp\/v2\/posts\/7772","targetHints":{"allow":["GET"]}}],"collection":[{"href":"https:\/\/elliberador.com\/index.php\/wp-json\/wp\/v2\/posts"}],"about":[{"href":"https:\/\/elliberador.com\/index.php\/wp-json\/wp\/v2\/types\/post"}],"author":[{"embeddable":true,"href":"https:\/\/elliberador.com\/index.php\/wp-json\/wp\/v2\/users\/2"}],"replies":[{"embeddable":true,"href":"https:\/\/elliberador.com\/index.php\/wp-json\/wp\/v2\/comments?post=7772"}],"version-history":[{"count":4,"href":"https:\/\/elliberador.com\/index.php\/wp-json\/wp\/v2\/posts\/7772\/revisions"}],"predecessor-version":[{"id":7804,"href":"https:\/\/elliberador.com\/index.php\/wp-json\/wp\/v2\/posts\/7772\/revisions\/7804"}],"wp:featuredmedia":[{"embeddable":true,"href":"https:\/\/elliberador.com\/index.php\/wp-json\/wp\/v2\/media\/7783"}],"wp:attachment":[{"href":"https:\/\/elliberador.com\/index.php\/wp-json\/wp\/v2\/media?parent=7772"}],"wp:term":[{"taxonomy":"category","embeddable":true,"href":"https:\/\/elliberador.com\/index.php\/wp-json\/wp\/v2\/categories?post=7772"},{"taxonomy":"post_tag","embeddable":true,"href":"https:\/\/elliberador.com\/index.php\/wp-json\/wp\/v2\/tags?post=7772"}],"curies":[{"name":"wp","href":"https:\/\/api.w.org\/{rel}","templated":true}]}}