{"id":7794,"date":"2026-03-30T11:23:31","date_gmt":"2026-03-30T14:23:31","guid":{"rendered":"https:\/\/elliberador.com\/?p=7794"},"modified":"2026-03-30T11:23:58","modified_gmt":"2026-03-30T14:23:58","slug":"blackrock-reconoce-que-la-agenda-woke-fue-un-experimento-mundial-fallido","status":"publish","type":"post","link":"https:\/\/elliberador.com\/index.php\/2026\/03\/30\/blackrock-reconoce-que-la-agenda-woke-fue-un-experimento-mundial-fallido\/","title":{"rendered":"BlackRock reconoce que la \u00abagenda woke\u00bb fue un experimento mundial fallido"},"content":{"rendered":"\n<p>Hubo un tiempo, no hace mucho, en que cuestionar las pol\u00edticas de Diversidad, Equidad e Inclusi\u00f3n (DEI), los criterios ambientales, sociales y de gobernanza (ESG) o cualquier aspecto de la llamada \u00abagenda woke\u00bb era motivo suficiente para ser cancelado, despedido, silenciado o se\u00f1alado como enemigo del progreso. Millones de personas en todo el mundo fueron tratadas como retr\u00f3gradas, fascistas o negacionistas por atreverse a decir lo que ahora reconoce abiertamente el hombre m\u00e1s poderoso de las finanzas globales: que todo fue un experimento. Y que fracas\u00f3.<\/p>\n\n\n\n<p>Larry Fink, fundador, presidente y CEO de BlackRock \u2014el mayor fondo de inversi\u00f3n del planeta\u2014, concedi\u00f3 el pasado 11 de marzo una entrevista al presentador Bret Baier en Fox News en la que, con una naturalidad que resulta insultante para quienes sufrieron las consecuencias de sus pol\u00edticas, admiti\u00f3 que la era woke \u00abfue demasiado lejos\u00bb y que tanto \u00e9l como la sociedad se encuentran ahora en \u00abuna posici\u00f3n mejor, m\u00e1s pragm\u00e1tica\u00bb.<\/p>\n\n\n\n<p>Cuando Baier le pregunt\u00f3 directamente si cre\u00eda que la era woke hab\u00eda sido \u00abun experimento fallido\u00bb, Fink respondi\u00f3 sin rodeos: \u00abLa sociedad se mueve. El p\u00e9ndulo se mueve todo el tiempo. \u00bfCreo que el p\u00e9ndulo hace cinco a\u00f1os estaba demasiado lejos? S\u00ed. Creo que somos m\u00e1s pragm\u00e1ticos. Personalmente, yo tambi\u00e9n soy m\u00e1s pragm\u00e1tico\u00bb.<\/p>\n\n\n\n<figure class=\"wp-block-video\"><video height=\"1080\" style=\"aspect-ratio: 1920 \/ 1080;\" width=\"1920\" controls src=\"https:\/\/elliberador.com\/wp-content\/uploads\/2026\/03\/Home-_-X-Google-Chrome-2026-03-30-10-40-17-Google-Chrome-2026-03-30-11-08-15.mp4\"><\/video><\/figure>\n\n\n\n<h2 class=\"wp-block-heading\">El arquitecto del experimento ahora dice que fue un error<\/h2>\n\n\n\n<p>Conviene entender qui\u00e9n es Larry Fink y por qu\u00e9 sus palabras tienen un peso que va mucho m\u00e1s all\u00e1 de una opini\u00f3n personal. BlackRock no es simplemente una empresa de inversiones. Es el accionista principal o uno de los mayores accionistas de pr\u00e1cticamente todas las grandes corporaciones del mundo: Apple, Microsoft, Amazon, ExxonMobil, Coca-Cola, bancos, farmac\u00e9uticas, medios de comunicaci\u00f3n. Cuando BlackRock hablaba, las juntas directivas obedec\u00edan.<\/p>\n\n\n\n<p>Y durante a\u00f1os, lo que BlackRock dijo fue muy claro: si las empresas quer\u00edan acceso a capital, deb\u00edan adoptar pol\u00edticas DEI, cumplir criterios ESG, incorporar cuotas de diversidad en sus directorios, comprometerse con la \u00abtransici\u00f3n energ\u00e9tica verde\u00bb y alinearse p\u00fablicamente con la agenda progresista. No era una sugerencia. Era una condici\u00f3n.<\/p>\n\n\n\n<p>Ahora Fink dice que \u00abnunca fue su intenci\u00f3n\u00bb empujar a las empresas hacia la izquierda. Cuando Baier le pregunt\u00f3 \u00ab\u00bfCree usted que BlackRock empuj\u00f3 a algunas empresas un poco m\u00e1s a la izquierda de lo que pensaba?\u00bb, el CEO respondi\u00f3: \u00abNunca fue nuestra intenci\u00f3n, porque nuestro trabajo es ser&#8230; Tengo que ser fiduciario de todos los que nos dan dinero\u00bb.<\/p>\n\n\n\n<p>La respuesta es tan c\u00ednica como reveladora. Durante una d\u00e9cada, BlackRock utiliz\u00f3 su posici\u00f3n dominante para imponer una agenda ideol\u00f3gica a escala planetaria. Ahora que el viento pol\u00edtico cambi\u00f3, que Trump est\u00e1 en la Casa Blanca, que los consumidores est\u00e1n hartos y que las acciones se desploman, el mismo hombre que dise\u00f1\u00f3 el experimento pretende lavarse las manos.<\/p>\n\n\n\n<p>La propia BlackRock comenz\u00f3 a desmantelar sus pol\u00edticas DEI el pasado febrero, citando textualmente \u00abcambios significativos en el entorno legal y pol\u00edtico de Estados Unidos relacionados con la Diversidad, la Equidad y la Inclusi\u00f3n que aplican a muchas empresas, incluida BlackRock\u00bb. La compa\u00f1\u00eda tambi\u00e9n se retir\u00f3 del Climate Action 100+, elimin\u00f3 las referencias al DEI de sus informes corporativos y redirigi\u00f3 su atenci\u00f3n hacia \u00abriesgos y rendimientos financieros espec\u00edficos de cada empresa\u00bb.<\/p>\n\n\n\n<h2 class=\"wp-block-heading\">El feminismo corporativo: una herramienta de las \u00e9lites, no de las mujeres<\/h2>\n\n\n\n<figure class=\"wp-block-image size-full\"><img fetchpriority=\"high\" decoding=\"async\" width=\"695\" height=\"424\" src=\"https:\/\/elliberador.com\/wp-content\/uploads\/2026\/03\/Captura-de-pantalla-2026-03-30-111604.png\" alt=\"\" class=\"wp-image-7798\" srcset=\"https:\/\/elliberador.com\/wp-content\/uploads\/2026\/03\/Captura-de-pantalla-2026-03-30-111604.png 695w, https:\/\/elliberador.com\/wp-content\/uploads\/2026\/03\/Captura-de-pantalla-2026-03-30-111604-300x183.png 300w\" sizes=\"(max-width: 695px) 100vw, 695px\" \/><\/figure>\n\n\n\n<p>Quiz\u00e1s el aspecto m\u00e1s amargo de esta confesi\u00f3n es lo que implica para los millones de personas \u2014especialmente mujeres\u2014 que creyeron genuinamente en las banderas que estas \u00e9lites financieras agitaban.<\/p>\n\n\n\n<p>El feminismo corporativo que promovieron BlackRock, JP Morgan y el resto de gigantes financieros nunca fue un movimiento aut\u00e9ntico de liberaci\u00f3n de la mujer. Fue una herramienta de ingenier\u00eda social dise\u00f1ada en despachos de Manhattan y presentada en foros como Davos. Las mujeres que marcharon, que repitieron consignas, que atacaron a quien cuestionara la narrativa, que exigieron cuotas y lenguaje inclusivo en cada rinc\u00f3n de la sociedad, estaban sirviendo \u2014sin saberlo en la mayor\u00eda de los casos\u2014 a los intereses de un pu\u00f1ado de multimillonarios que ve\u00edan en la fragmentaci\u00f3n social un negocio extraordinario.<\/p>\n\n\n\n<p>Cada programa de \u00abformaci\u00f3n en sesgos inconscientes\u00bb, cada cuota de diversidad que prioriz\u00f3 la identidad sobre el m\u00e9rito, cada campa\u00f1a ESG que encareci\u00f3 la energ\u00eda y los productos b\u00e1sicos, fue dise\u00f1ado y financiado desde arriba. No naci\u00f3 en las calles. Naci\u00f3 en las salas de juntas de BlackRock, en los despachos de JP Morgan, en los paneles del Foro Econ\u00f3mico Mundial.<\/p>\n\n\n\n<p>Y ahora que el experimento ha fracasado \u2014porque eso es lo que fue, un experimento con sociedades enteras como cobayas\u2014, los arquitectos se desmarcan con la misma facilidad con la que lo impusieron.<\/p>\n\n\n\n<h2 class=\"wp-block-heading\">El experimento verde: otro pilar que se derrumba<\/h2>\n\n\n\n<figure class=\"wp-block-image size-full\"><img decoding=\"async\" width=\"701\" height=\"319\" src=\"https:\/\/elliberador.com\/wp-content\/uploads\/2026\/03\/Captura-de-pantalla-2026-03-30-111637.png\" alt=\"\" class=\"wp-image-7799\" srcset=\"https:\/\/elliberador.com\/wp-content\/uploads\/2026\/03\/Captura-de-pantalla-2026-03-30-111637.png 701w, https:\/\/elliberador.com\/wp-content\/uploads\/2026\/03\/Captura-de-pantalla-2026-03-30-111637-300x137.png 300w\" sizes=\"(max-width: 701px) 100vw, 701px\" \/><\/figure>\n\n\n\n<p>La confesi\u00f3n de Fink no se limita al DEI. En el Foro de Davos, el CEO de BlackRock ya hab\u00eda dado un giro radical en materia energ\u00e9tica al reconocer que \u00abno se puede depender exclusivamente de fuentes intermitentes como la e\u00f3lica y la solar\u00bb y que \u00abesos centros de datos no pueden simplemente encenderse y apagarse\u00bb. La referencia era directa: la explosi\u00f3n de la inteligencia artificial requiere cantidades masivas de energ\u00eda estable, algo que las renovables no pueden garantizar.<\/p>\n\n\n\n<p>En la entrevista con Baier, Fink fue a\u00fan m\u00e1s expl\u00edcito sobre su nuevo posicionamiento: \u00abSi uno de nuestros inversores quiere invertir el cien por ciento en hidrocarburos en Texas, voy a invertir el cien por ciento del dinero en Texas. Pero si otro fondo soberano quiere que invirtamos en energ\u00eda verde, vamos a hacer eso. Es su dinero\u00bb.<\/p>\n\n\n\n<p>Y a\u00f1adi\u00f3, citando el caso de China: \u00abMiren lo que est\u00e1 haciendo China ahora mismo. Est\u00e1 construyendo m\u00e1s energ\u00eda nuclear que cualquier otro pa\u00eds del mundo. Tiene los campos solares m\u00e1s grandes del mundo, y sin embargo es el mayor importador de gas y petr\u00f3leo. Hoy, por la inteligencia artificial y la necesidad abrumadora de energ\u00eda y electricidad, no puede ser solo de una manera\u00bb.<\/p>\n\n\n\n<p>BlackRock trabaja actualmente con Occidental Petroleum en la construcci\u00f3n de plantas de captura de carbono en Texas. La misma BlackRock que durante a\u00f1os presion\u00f3 para que las petroleras fueran tratadas como parias del sistema financiero global.<\/p>\n\n\n\n<p>El caso de Alemania ilustra las consecuencias devastadoras de este \u00abexperimento verde\u00bb que las mismas \u00e9lites impulsaron. La desindustrializaci\u00f3n provocada por la transici\u00f3n energ\u00e9tica acelerada ha destruido la industria y la econom\u00eda alemana. Las automotrices alemanas est\u00e1n volviendo a los motores de combusti\u00f3n interna despu\u00e9s de que los consumidores rechazaran masivamente los veh\u00edculos el\u00e9ctricos impuestos por regulaciones ideol\u00f3gicas. Los opositores pol\u00edticos exigen responsabilidades judiciales para quienes dise\u00f1aron esas pol\u00edticas, y algunos analistas advierten que los responsables podr\u00edan enfrentar d\u00e9cadas de prisi\u00f3n si se demuestra que actuaron con conocimiento del da\u00f1o que causaban.<\/p>\n\n\n\n<h2 class=\"wp-block-heading\">Lo que realmente estaba en juego: la familia, la libertad y el sentido com\u00fan<\/h2>\n\n\n\n<figure class=\"wp-block-image size-full\"><img decoding=\"async\" width=\"520\" height=\"421\" src=\"https:\/\/elliberador.com\/wp-content\/uploads\/2026\/03\/Captura-de-pantalla-2026-03-30-112041.png\" alt=\"\" class=\"wp-image-7800\" srcset=\"https:\/\/elliberador.com\/wp-content\/uploads\/2026\/03\/Captura-de-pantalla-2026-03-30-112041.png 520w, https:\/\/elliberador.com\/wp-content\/uploads\/2026\/03\/Captura-de-pantalla-2026-03-30-112041-300x243.png 300w\" sizes=\"(max-width: 520px) 100vw, 520px\" \/><\/figure>\n\n\n\n<p>Detr\u00e1s de las siglas \u2014DEI, ESG, SDG, Agenda 2030\u2014 hab\u00eda algo mucho m\u00e1s profundo que pol\u00edticas corporativas. Lo que se atacaba sistem\u00e1ticamente eran los pilares de la civilizaci\u00f3n occidental: la familia tradicional, la meritocracia, la libertad individual, la soberan\u00eda energ\u00e9tica de las naciones y el derecho de las personas a vivir seg\u00fan sus valores sin ser adoctrinadas por corporaciones multinacionales.<\/p>\n\n\n\n<p>La imposici\u00f3n de una ideolog\u00eda de g\u00e9nero radical en las escuelas, la penalizaci\u00f3n social de quienes defend\u00edan la familia natural, la criminalizaci\u00f3n moral de los combustibles f\u00f3siles que sostienen la econom\u00eda mundial, la creaci\u00f3n de burocracias corporativas dedicadas exclusivamente a vigilar el cumplimiento ideol\u00f3gico dentro de las empresas: todo esto fue parte del mismo experimento que ahora Larry Fink califica de exceso.<\/p>\n\n\n\n<p>Y las v\u00edctimas de ese experimento \u2014los trabajadores despedidos por no usar los pronombres correctos, las empresas peque\u00f1as aplastadas por regulaciones verdes imposibles de cumplir, las familias que pagaron facturas energ\u00e9ticas disparatadas por la transici\u00f3n forzada, los profesionales que vieron c\u00f3mo candidatos menos cualificados les pasaban por delante gracias a cuotas de diversidad\u2014 no van a recibir una disculpa. Porque para las \u00e9lites, ellos nunca fueron personas. Fueron datos en un experimento fallido.<\/p>\n\n\n\n<h2 class=\"wp-block-heading\">El p\u00e9ndulo regresa: \u00bfjusticia o simplemente otro c\u00e1lculo de poder?<\/h2>\n\n\n\n<figure class=\"wp-block-image size-full\"><img loading=\"lazy\" decoding=\"async\" width=\"621\" height=\"219\" src=\"https:\/\/elliberador.com\/wp-content\/uploads\/2026\/03\/Captura-de-pantalla-2026-03-30-112139.png\" alt=\"\" class=\"wp-image-7801\" srcset=\"https:\/\/elliberador.com\/wp-content\/uploads\/2026\/03\/Captura-de-pantalla-2026-03-30-112139.png 621w, https:\/\/elliberador.com\/wp-content\/uploads\/2026\/03\/Captura-de-pantalla-2026-03-30-112139-300x106.png 300w\" sizes=\"(max-width: 621px) 100vw, 621px\" \/><\/figure>\n\n\n\n<p>La gran pregunta que queda es si este giro representa un verdadero cambio de conciencia o simplemente otra maniobra oportunista de las mismas \u00e9lites que crearon el problema.<\/p>\n\n\n\n<p>Fink no abandon\u00f3 la agenda woke porque descubri\u00f3 que estaba mal. La abandon\u00f3 porque dej\u00f3 de ser rentable. Porque Trump gan\u00f3 las elecciones. Porque los estados republicanos empezaron a retirar fondos de pensiones de BlackRock. Porque las demandas judiciales se multiplicaron. Porque los consumidores votaron con su billetera.<\/p>\n\n\n\n<p>Como se\u00f1al\u00f3 el propio Fink: \u00abLo que est\u00e1n escuchando de m\u00ed es que estoy haci\u00e9ndome eco de lo que escuchamos de nuestros clientes\u00bb. Es decir, ni siquiera pretende que se trate de una convicci\u00f3n. Es puro negocio. Siempre lo fue.<\/p>\n\n\n\n<p>Los Fink y los Dimon del mundo \u2014y las familias que est\u00e1n detr\u00e1s como principales accionistas: los Rockefeller, los Rothschild, los Cabot y un pu\u00f1ado m\u00e1s\u2014 se encuentran al final de un ciclo. Sus acciones est\u00e1n en ca\u00edda, JP Morgan arrastra la sombra de su relaci\u00f3n de 15 a\u00f1os con Jeffrey Epstein, y el entorno pol\u00edtico les exige un cambio de piel. As\u00ed que se la cambian. Como siempre.<\/p>\n\n\n\n<p>Pero al menos, por ahora, la verdad ha quedado expuesta con una claridad brutal. El mayor fondo de inversi\u00f3n del mundo reconoce que la agenda woke fue un experimento fallido. Las feministas corporativas respond\u00edan a las \u00e9lites internacionales, no a las mujeres reales. Los programas DEI no buscaban equidad sino control. Los criterios ESG no proteg\u00edan el planeta sino los m\u00e1rgenes de beneficio de quienes los impon\u00edan.<\/p>\n\n\n\n<p>Y los millones de personas que lo dijeron desde el principio, las que fueron ridiculizadas, canceladas y marginadas, ten\u00edan raz\u00f3n.<\/p>\n\n\n\n<p>El p\u00e9ndulo, como dice Fink, se mueve todo el tiempo. Pero las vidas que destruy\u00f3 en su camino no se recuperan con una entrevista en Fox News.<\/p>\n","protected":false},"excerpt":{"rendered":"<p>Las \u00e9lites internacionales usaron el feminismo, el DEI y el ESG como herramientas de control<\/p>\n","protected":false},"author":2,"featured_media":7802,"comment_status":"open","ping_status":"open","sticky":false,"template":"","format":"standard","meta":{"_acf_changed":false,"advanced_seo_description":"","jetpack_seo_html_title":"","jetpack_seo_noindex":false,"_jetpack_memberships_contains_paid_content":false,"footnotes":""},"categories":[5],"tags":[1240,20,1241,1243],"class_list":["post-7794","post","type-post","status-publish","format-standard","has-post-thumbnail","hentry","category-sociedad","tag-blackrock","tag-destacados","tag-fink","tag-larry-fink"],"acf":[],"jetpack_featured_media_url":"https:\/\/elliberador.com\/wp-content\/uploads\/2026\/03\/ChatGPT-Image-30-mar-2026-11_20_11-a.m.webp","jetpack_sharing_enabled":true,"_links":{"self":[{"href":"https:\/\/elliberador.com\/index.php\/wp-json\/wp\/v2\/posts\/7794","targetHints":{"allow":["GET"]}}],"collection":[{"href":"https:\/\/elliberador.com\/index.php\/wp-json\/wp\/v2\/posts"}],"about":[{"href":"https:\/\/elliberador.com\/index.php\/wp-json\/wp\/v2\/types\/post"}],"author":[{"embeddable":true,"href":"https:\/\/elliberador.com\/index.php\/wp-json\/wp\/v2\/users\/2"}],"replies":[{"embeddable":true,"href":"https:\/\/elliberador.com\/index.php\/wp-json\/wp\/v2\/comments?post=7794"}],"version-history":[{"count":1,"href":"https:\/\/elliberador.com\/index.php\/wp-json\/wp\/v2\/posts\/7794\/revisions"}],"predecessor-version":[{"id":7803,"href":"https:\/\/elliberador.com\/index.php\/wp-json\/wp\/v2\/posts\/7794\/revisions\/7803"}],"wp:featuredmedia":[{"embeddable":true,"href":"https:\/\/elliberador.com\/index.php\/wp-json\/wp\/v2\/media\/7802"}],"wp:attachment":[{"href":"https:\/\/elliberador.com\/index.php\/wp-json\/wp\/v2\/media?parent=7794"}],"wp:term":[{"taxonomy":"category","embeddable":true,"href":"https:\/\/elliberador.com\/index.php\/wp-json\/wp\/v2\/categories?post=7794"},{"taxonomy":"post_tag","embeddable":true,"href":"https:\/\/elliberador.com\/index.php\/wp-json\/wp\/v2\/tags?post=7794"}],"curies":[{"name":"wp","href":"https:\/\/api.w.org\/{rel}","templated":true}]}}