{"id":7811,"date":"2026-03-30T12:54:30","date_gmt":"2026-03-30T15:54:30","guid":{"rendered":"https:\/\/elliberador.com\/?p=7811"},"modified":"2026-03-30T12:54:32","modified_gmt":"2026-03-30T15:54:32","slug":"el-gobierno-de-sanchez-destruye-espana-con-una-invasion-migratoria-sin-control","status":"publish","type":"post","link":"https:\/\/elliberador.com\/index.php\/2026\/03\/30\/el-gobierno-de-sanchez-destruye-espana-con-una-invasion-migratoria-sin-control\/","title":{"rendered":"El Gobierno de S\u00e1nchez destruye Espa\u00f1a con una invasi\u00f3n migratoria sin control"},"content":{"rendered":"\n<p>Los datos son demoledores y pintan el retrato de una naci\u00f3n bajo asedio. Seg\u00fan informes internos de la Comisar\u00eda General de Extranjer\u00eda y Fronteras, <strong>m\u00e1s de 1.5 millones de inmigrantes irregulares<\/strong> llegaron a Espa\u00f1a por v\u00eda a\u00e9rea durante 2025. El aeropuerto Adolfo Su\u00e1rez Madrid-Barajas se ha convertido en el epicentro de esta invasi\u00f3n silenciosa, donde el 60-65% de toda la inmigraci\u00f3n ilegal ahora entra por los pasillos de terminales que deber\u00edan ser seguras.<\/p>\n\n\n\n<p>El modus operandi es sencillo gracias a las pol\u00edticas permisivas del Gobierno: entran con visados de turista desde Latinoam\u00e9rica \u2014colombianos, venezolanos y peruanos lideran las estad\u00edsticas\u2014 y simplemente <strong>se quedan cuando expira su plazo legal<\/strong>. La Polic\u00eda deniega m\u00e1s de la mitad de las entradas, pero las cifras demuestran que el sistema est\u00e1 colapsado. Mientras S\u00e1nchez y sus ministros hablan de \u00abintegraci\u00f3n\u00bb y \u00abdiversidad\u00bb, las mafias internacionales de tr\u00e1fico de personas han convertido Espa\u00f1a en su destino preferido, explotando deliberadamente la debilidad institucional que este Ejecutivo ha cultivado.<\/p>\n\n\n\n<h2 class=\"wp-block-heading\" id=\"la-bomba-de-tiempo-yihadista-30000-entradas-desde-zonas-de-alto-riesgo\"><strong>La bomba de tiempo yihadista: 30.000 entradas desde Zonas de Alto Riesgo<\/strong><\/h2>\n\n\n\n<p>Pero hay un dato a\u00fan m\u00e1s alarmante que el Gobierno intenta ocultar. Informes de FRONTEX revelan que <strong>m\u00e1s de 30.000 inmigrantes irregulares procedentes de zonas con alta presencia yihadista<\/strong> han entrado en Espa\u00f1a entre 2020 y 2025. Hablamos de Mali, donde Al Qaeda en el Magreb Isl\u00e1mico controla territorios; Somalia, basti\u00f3n de Al Shabaab; Afganist\u00e1n, ahora bajo el r\u00e9gimen talib\u00e1n; Pakist\u00e1n, Siria, Yemen, Ir\u00e1n.<\/p>\n\n\n\n<p>La evoluci\u00f3n es terror\u00edfica: en 2020, 1 de cada 9 ilegales ven\u00eda de estas zonas de riesgo. En 2024, la proporci\u00f3n escal\u00f3 a <strong>1 de cada 3<\/strong>. En 2025, aunque el Gobierno manipula las cifras totales a la baja, sigue siendo 1 de cada 4. Estas no son personas que huyen de la pobreza: son flujos que incluyen individuos radicalizados que aprovechan la pol\u00edtica de fronteras abiertas de S\u00e1nchez para infiltrarse en Europa. Las mafias no hacen filtros: quien paga, pasa. Y Espa\u00f1a, bajo el socialismo woke, paga las consecuencias.<\/p>\n\n\n\n<h2 class=\"wp-block-heading\" id=\"ceuta-y-baleares-fronteras-colapsadas-respuesta-cero\"><strong>Ceuta y Baleares: fronteras colapsadas, respuesta cero<\/strong><\/h2>\n\n\n\n<figure class=\"wp-block-image size-full\"><img fetchpriority=\"high\" decoding=\"async\" width=\"735\" height=\"433\" src=\"https:\/\/elliberador.com\/wp-content\/uploads\/2026\/03\/Captura-de-pantalla-2026-03-30-125225.png\" alt=\"\" class=\"wp-image-7813\" srcset=\"https:\/\/elliberador.com\/wp-content\/uploads\/2026\/03\/Captura-de-pantalla-2026-03-30-125225.png 735w, https:\/\/elliberador.com\/wp-content\/uploads\/2026\/03\/Captura-de-pantalla-2026-03-30-125225-300x177.png 300w\" sizes=\"(max-width: 735px) 100vw, 735px\" \/><\/figure>\n\n\n\n<p>La crisis se multiplica en todos los frentes. Ceuta sufre una presi\u00f3n insostenible, con entradas que se han quintuplicado. Baleares registra incrementos del 200% en llegadas desde Argelia, donde las mafias utilizan narcolanchas que cruzan en apenas 10 horas. Canarias, aunque temporalmente aliviada por desv\u00edos de rutas, sigue siendo un coladero.<\/p>\n\n\n\n<p>Y mientras nuestras fronteras se derrumban, <strong>el Gobierno de Pedro S\u00e1nchez anuncia regularizaciones masivas<\/strong> que beneficiar\u00e1n a alrededor de un mill\u00f3n de irregulares. Es el colmo de la irresponsabilidad: en lugar de proteger a los ciudadanos espa\u00f1oles, premian la ilegalidad. En lugar de fortalecer los controles, los debilitan en nombre de una \u00abjusticia social\u00bb que solo existe en los esl\u00f3ganes de sus ministros ideologizados.<\/p>\n\n\n\n<h2 class=\"wp-block-heading\" id=\"la-traici\u00f3n-a-los-espa\u00f1oles-prioridad-woke-sobre-seguridad\"><strong>La traici\u00f3n a los espa\u00f1oles: prioridad woke sobre seguridad<\/strong><\/h2>\n\n\n\n<p>Esta es la cruda realidad que los medios afines al Gobierno ocultan: <strong>Espa\u00f1a est\u00e1 siendo destruida sistem\u00e1ticamente<\/strong> por unas pol\u00edticas migratorias suicidas. Mientras las familias espa\u00f1olas luchan con una vivienda inasequible, salarios estancados y servicios p\u00fablicos colapsados, el Ejecutivo gasta miles de millones en acoger a millones de reci\u00e9n llegados, muchos de los cuales nunca se integrar\u00e1n.<\/p>\n\n\n\n<p>Priorizan la correcci\u00f3n pol\u00edtica sobre el sentido com\u00fan. Hablan de \u00abIslamofobia\u00bb mientras permiten la entrada de quienes vienen de culturas donde la mujer es apedreada por adulterio y los homosexuales son ejecutados. Promueven el \u00abfeminismo isl\u00e1mico\u00bb mientras ignoran que en muchos pa\u00edses de origen de estos inmigrantes, las ni\u00f1as son casadas a los 9 a\u00f1os. Es una contradicci\u00f3n moral grotesca.<\/p>\n\n\n\n<h2 class=\"wp-block-heading\" id=\"conclusi\u00f3n-espa\u00f1a-merece-un-gobierno-que-la-ponga-primero\"><strong>Espa\u00f1a merece un Gobierno que la ponga primero<\/strong><\/h2>\n\n\n\n<p>Los datos policiales no mienten: <strong>1.5 millones de ilegales por avi\u00f3n, 30.000 desde zonas yihadistas, fronteras colapsadas, mafias envalentonadas<\/strong>. Esta es la herencia de Pedro S\u00e1nchez. Un legado de inseguridad, de desprecio a la ley, de traici\u00f3n a los ciudadanos que trabajan, pagan impuestos y cumplen las normas.<\/p>\n\n\n\n<p>Espa\u00f1a necesita urgentemente un gobierno que ponga a los espa\u00f1oles primero. Que restaure el control fronterizo. Que deporte a los ilegales. Que priorice la seguridad nacional sobre las agendas globalistas. Que detenga esta invasi\u00f3n antes de que sea demasiado tarde. El tiempo se acaba, y cada d\u00eda de gobierno socialista es un d\u00eda m\u00e1s de destrucci\u00f3n nacional.<\/p>\n\n\n\n<p><\/p>\n","protected":false},"excerpt":{"rendered":"<p>M\u00e1s de 1.5 millones de ilegales entraron por avi\u00f3n en 2025 mientras el Ejecutivo socialista desmantela las fronteras y prioriza la ideolog\u00eda woke sobre la seguridad de los espa\u00f1oles<\/p>\n","protected":false},"author":2,"featured_media":7812,"comment_status":"open","ping_status":"open","sticky":false,"template":"","format":"standard","meta":{"_acf_changed":false,"advanced_seo_description":"","jetpack_seo_html_title":"","jetpack_seo_noindex":false,"_jetpack_memberships_contains_paid_content":false,"footnotes":""},"categories":[10],"tags":[20,750,1246,1228,982],"class_list":["post-7811","post","type-post","status-publish","format-standard","has-post-thumbnail","hentry","category-internacionales","tag-destacados","tag-espana","tag-ilegales","tag-inmigracion-2","tag-pedro-sanchez-2"],"acf":[],"jetpack_featured_media_url":"https:\/\/elliberador.com\/wp-content\/uploads\/2026\/03\/ChatGPT-Image-30-mar-2026-12_51_04-p.m.webp","jetpack_sharing_enabled":true,"_links":{"self":[{"href":"https:\/\/elliberador.com\/index.php\/wp-json\/wp\/v2\/posts\/7811","targetHints":{"allow":["GET"]}}],"collection":[{"href":"https:\/\/elliberador.com\/index.php\/wp-json\/wp\/v2\/posts"}],"about":[{"href":"https:\/\/elliberador.com\/index.php\/wp-json\/wp\/v2\/types\/post"}],"author":[{"embeddable":true,"href":"https:\/\/elliberador.com\/index.php\/wp-json\/wp\/v2\/users\/2"}],"replies":[{"embeddable":true,"href":"https:\/\/elliberador.com\/index.php\/wp-json\/wp\/v2\/comments?post=7811"}],"version-history":[{"count":1,"href":"https:\/\/elliberador.com\/index.php\/wp-json\/wp\/v2\/posts\/7811\/revisions"}],"predecessor-version":[{"id":7814,"href":"https:\/\/elliberador.com\/index.php\/wp-json\/wp\/v2\/posts\/7811\/revisions\/7814"}],"wp:featuredmedia":[{"embeddable":true,"href":"https:\/\/elliberador.com\/index.php\/wp-json\/wp\/v2\/media\/7812"}],"wp:attachment":[{"href":"https:\/\/elliberador.com\/index.php\/wp-json\/wp\/v2\/media?parent=7811"}],"wp:term":[{"taxonomy":"category","embeddable":true,"href":"https:\/\/elliberador.com\/index.php\/wp-json\/wp\/v2\/categories?post=7811"},{"taxonomy":"post_tag","embeddable":true,"href":"https:\/\/elliberador.com\/index.php\/wp-json\/wp\/v2\/tags?post=7811"}],"curies":[{"name":"wp","href":"https:\/\/api.w.org\/{rel}","templated":true}]}}