{"id":7831,"date":"2026-04-01T08:48:02","date_gmt":"2026-04-01T11:48:02","guid":{"rendered":"https:\/\/elliberador.com\/?p=7831"},"modified":"2026-04-01T08:48:04","modified_gmt":"2026-04-01T11:48:04","slug":"el-rotundo-exito-del-modelo-de-milei-desploma-la-pobreza-al-282-la-cifra-mas-baja-en-siete-anos","status":"publish","type":"post","link":"https:\/\/elliberador.com\/index.php\/2026\/04\/01\/el-rotundo-exito-del-modelo-de-milei-desploma-la-pobreza-al-282-la-cifra-mas-baja-en-siete-anos\/","title":{"rendered":"El rotundo \u00e9xito del modelo de Milei desploma la pobreza al 28,2%, la cifra m\u00e1s baja en siete a\u00f1os"},"content":{"rendered":"\n<p>En lo que representa una victoria inobjetable para el programa econ\u00f3mico del Gobierno Nacional, el Instituto Nacional de Estad\u00edstica y Censos (INDEC) confirm\u00f3 que la pobreza en la Argentina experiment\u00f3 una ca\u00edda estrepitosa durante el segundo semestre de 2025. Los n\u00fameros son contundentes y no dejan lugar a dudas: el \u00edndice se ubic\u00f3 en <strong>28,2%<\/strong>, marcando <strong>el nivel m\u00e1s bajo desde la primera mitad de 2018<\/strong>.<\/p>\n\n\n\n<p>Proyectando las cifras de la Encuesta Permanente de Hogares (EPH) al total de la poblaci\u00f3n de 47,9 millones de habitantes, esto significa que hay 13,5 millones de argentinos en situaci\u00f3n de pobreza y 3 millones en la indigencia. Si bien el camino por recorrer a\u00fan es largo, la velocidad de la recuperaci\u00f3n es in\u00e9dita en la historia econ\u00f3mica reciente del pa\u00eds.<\/p>\n\n\n\n<figure class=\"wp-block-image size-full\"><img fetchpriority=\"high\" decoding=\"async\" width=\"595\" height=\"375\" src=\"https:\/\/elliberador.com\/wp-content\/uploads\/2026\/04\/Captura-de-pantalla-2026-04-01-081847.png\" alt=\"\" class=\"wp-image-7832\" srcset=\"https:\/\/elliberador.com\/wp-content\/uploads\/2026\/04\/Captura-de-pantalla-2026-04-01-081847.png 595w, https:\/\/elliberador.com\/wp-content\/uploads\/2026\/04\/Captura-de-pantalla-2026-04-01-081847-300x189.png 300w, https:\/\/elliberador.com\/wp-content\/uploads\/2026\/04\/Captura-de-pantalla-2026-04-01-081847-540x340.png 540w\" sizes=\"(max-width: 595px) 100vw, 595px\" \/><\/figure>\n\n\n\n<h2 class=\"wp-block-heading\">Millones de argentinos rescatados<\/h2>\n\n\n\n<p>La magnitud del \u00e9xito de las pol\u00edticas implementadas por el equipo de La Libertad Avanza se dimensiona al observar de d\u00f3nde ven\u00edamos. Atr\u00e1s qued\u00f3 el pico del <strong>52,9% de pobreza y 18,1% de indigencia<\/strong> registrado en el primer semestre de 2024, producto de la sinceraci\u00f3n de la econom\u00eda y la bomba inflacionaria heredada.<\/p>\n\n\n\n<p>En comparaci\u00f3n con aquel momento cr\u00edtico, el gobierno logr\u00f3 una haza\u00f1a: <strong>la pobreza se redujo en 24,7 puntos porcentuales (p.p.) y la indigencia en 11,8 p.p.<\/strong> Esto se traduce en que <strong>11,4 millones de personas dejaron de ser pobres<\/strong> y <strong>5,5 millones salieron de la indigencia<\/strong> desde el momento m\u00e1s duro del ajuste.<\/p>\n\n\n\n<p>La tendencia a la baja es sostenida y se consolida mes a mes:<\/p>\n\n\n\n<ul class=\"wp-block-list\">\n<li><strong>Comparativa Interanual (vs. 2do semestre 2024):<\/strong> La pobreza baj\u00f3 <strong>9,9 puntos<\/strong> (desde el 38,1%) y la indigencia cay\u00f3 <strong>1,9 puntos<\/strong> (desde el 8,2%). En tan solo un a\u00f1o, <strong>4,5 millones de personas abandonaron la pobreza y 875 mil dejaron de ser indigentes.<\/strong><\/li>\n\n\n\n<li><strong>Comparativa Semestral (vs. 1er semestre 2025):<\/strong> Se registr\u00f3 una ca\u00edda desde el 31,6% de pobreza y 6,9% de indigencia. Esto implica que 1,54 millones de personas superaron la barrera de la Canasta B\u00e1sica Total (CBT) y 269 mil lograron acceder a la Canasta B\u00e1sica Alimentaria (CBA).<\/li>\n\n\n\n<li><strong>Frente a la gesti\u00f3n anterior:<\/strong> Si se compara con el segundo semestre de 2023 (el \u00faltimo tramo del gobierno de Alberto Fern\u00e1ndez), hoy la Argentina tiene <strong>6,2 millones de pobres menos y 2,5 millones de indigentes menos<\/strong>.<\/li>\n<\/ul>\n\n\n\n<p>A nivel de hogares, la pobreza afect\u00f3 al <strong>21%<\/strong> de las familias, lo que representa una brutal reducci\u00f3n de 7,6 puntos porcentuales respecto al semestre anterior.<\/p>\n\n\n\n<h2 class=\"wp-block-heading\">Los ingresos finalmente le ganaron a la inflaci\u00f3n<\/h2>\n\n\n\n<figure class=\"wp-block-image size-full\"><img decoding=\"async\" width=\"599\" height=\"709\" src=\"https:\/\/elliberador.com\/wp-content\/uploads\/2026\/04\/Captura-de-pantalla-2026-04-01-081759.png\" alt=\"\" class=\"wp-image-7833\" srcset=\"https:\/\/elliberador.com\/wp-content\/uploads\/2026\/04\/Captura-de-pantalla-2026-04-01-081759.png 599w, https:\/\/elliberador.com\/wp-content\/uploads\/2026\/04\/Captura-de-pantalla-2026-04-01-081759-253x300.png 253w\" sizes=\"(max-width: 599px) 100vw, 599px\" \/><\/figure>\n\n\n\n<p>El verdadero motor de este milagro econ\u00f3mico fue la recuperaci\u00f3n del poder adquisitivo. Seg\u00fan detalla el informe del INDEC, durante el semestre analizado, <strong>los ingresos familiares crecieron en promedio un 18,3%<\/strong>, superando holgadamente el aumento del costo de la vida. En el mismo per\u00edodo, la Canasta B\u00e1sica Alimentaria (CBA) subi\u00f3 un <strong>11,9%<\/strong> y la Canasta B\u00e1sica Total (CBT), un <strong>11,3%<\/strong>.<\/p>\n\n\n\n<p>Al respecto, Facundo Beltramone, economista de la Fundaci\u00f3n Libertad, explic\u00f3 que aunque los alimentos no jugaron tan a favor como en el semestre anterior (avanzaron un 32,2% frente a una inflaci\u00f3n general del 31,5%), el fuerte impulso de los ingresos no registrados (38,2%) y el sostenimiento de las transferencias sociales directas como la AUH fueron claves.<\/p>\n\n\n\n<ul class=\"wp-block-list\">\n<li><strong>Brecha de pobreza (35,7%):<\/strong> En promedio, un hogar pobre (de 3,9 personas) tuvo ingresos por <strong>$783.493<\/strong>, frente a una CBT de <strong>$1.219.130<\/strong>. Esta distancia se acort\u00f3 significativamente respecto a la primera mitad del a\u00f1o.<\/li>\n\n\n\n<li><strong>Hogares indigentes:<\/strong> Para familias de 3,8 personas en promedio, el ingreso fue de <strong>$354.134<\/strong>, mientras que la CBA ascendi\u00f3 a <strong>$535.991<\/strong>.<\/li>\n<\/ul>\n\n\n\n<h2 class=\"wp-block-heading\">Radiograf\u00eda de la recuperaci\u00f3n<\/h2>\n\n\n\n<p>El impacto positivo del modelo se sinti\u00f3 en todas las franjas etarias, destac\u00e1ndose un alivio crucial en los m\u00e1s chicos:<\/p>\n\n\n\n<ul class=\"wp-block-list\">\n<li><strong>0 a 14 a\u00f1os:<\/strong> La pobreza infantil perfor\u00f3 el piso hist\u00f3rico reciente y cay\u00f3 al <strong>41,3%<\/strong> (con un 8,6% de indigencia), lo que significa una baja interanual impresionante de <strong>10,6 puntos<\/strong> en pobreza y 2,9 puntos en indigencia.<\/li>\n\n\n\n<li><strong>15 a 29 a\u00f1os:<\/strong> 32,6% de pobreza (8,4% indigencia).<\/li>\n\n\n\n<li><strong>30 a 64 a\u00f1os:<\/strong> 24,6% de pobreza (5,4% indigencia).<\/li>\n\n\n\n<li><strong>65 a\u00f1os o m\u00e1s:<\/strong> 9,7% de pobreza (1,4% indigencia).<\/li>\n<\/ul>\n","protected":false},"excerpt":{"rendered":"<p>La gesti\u00f3n del presidente Javier Milei logra un hito hist\u00f3rico: en el segundo semestre de 2025, la pobreza cay\u00f3 dr\u00e1sticamente al 28,2% y la indigencia se redujo al 6,3%. Gracias a la desaceleraci\u00f3n de la inflaci\u00f3n, el crecimiento econ\u00f3mico y la eliminaci\u00f3n de intermediarios en los planes sociales, m\u00e1s de 4,5 millones de argentinos salieron de la pobreza en el \u00faltimo a\u00f1o.<\/p>\n","protected":false},"author":2,"featured_media":7834,"comment_status":"open","ping_status":"open","sticky":false,"template":"","format":"standard","meta":{"_acf_changed":false,"advanced_seo_description":"","jetpack_seo_html_title":"","jetpack_seo_noindex":false,"_jetpack_memberships_contains_paid_content":false,"footnotes":""},"categories":[2],"tags":[20,346,73,119,47,56,310],"class_list":["post-7831","post","type-post","status-publish","format-standard","has-post-thumbnail","hentry","category-economia","tag-destacados","tag-indec","tag-inflacion","tag-javier-milei","tag-la-libertad-avanza","tag-milei","tag-pobreza"],"acf":[],"jetpack_featured_media_url":"https:\/\/elliberador.com\/wp-content\/uploads\/2026\/04\/ChatGPT-Image-1-abr-2026-08_46_39-a.m.webp","jetpack_sharing_enabled":true,"_links":{"self":[{"href":"https:\/\/elliberador.com\/index.php\/wp-json\/wp\/v2\/posts\/7831","targetHints":{"allow":["GET"]}}],"collection":[{"href":"https:\/\/elliberador.com\/index.php\/wp-json\/wp\/v2\/posts"}],"about":[{"href":"https:\/\/elliberador.com\/index.php\/wp-json\/wp\/v2\/types\/post"}],"author":[{"embeddable":true,"href":"https:\/\/elliberador.com\/index.php\/wp-json\/wp\/v2\/users\/2"}],"replies":[{"embeddable":true,"href":"https:\/\/elliberador.com\/index.php\/wp-json\/wp\/v2\/comments?post=7831"}],"version-history":[{"count":1,"href":"https:\/\/elliberador.com\/index.php\/wp-json\/wp\/v2\/posts\/7831\/revisions"}],"predecessor-version":[{"id":7835,"href":"https:\/\/elliberador.com\/index.php\/wp-json\/wp\/v2\/posts\/7831\/revisions\/7835"}],"wp:featuredmedia":[{"embeddable":true,"href":"https:\/\/elliberador.com\/index.php\/wp-json\/wp\/v2\/media\/7834"}],"wp:attachment":[{"href":"https:\/\/elliberador.com\/index.php\/wp-json\/wp\/v2\/media?parent=7831"}],"wp:term":[{"taxonomy":"category","embeddable":true,"href":"https:\/\/elliberador.com\/index.php\/wp-json\/wp\/v2\/categories?post=7831"},{"taxonomy":"post_tag","embeddable":true,"href":"https:\/\/elliberador.com\/index.php\/wp-json\/wp\/v2\/tags?post=7831"}],"curies":[{"name":"wp","href":"https:\/\/api.w.org\/{rel}","templated":true}]}}