{"id":7839,"date":"2026-04-01T10:37:22","date_gmt":"2026-04-01T13:37:22","guid":{"rendered":"https:\/\/elliberador.com\/?p=7839"},"modified":"2026-04-01T10:38:39","modified_gmt":"2026-04-01T13:38:39","slug":"urgente-trump-anuncio-que-iran-ha-solicitado-un-alto-al-fuego","status":"publish","type":"post","link":"https:\/\/elliberador.com\/index.php\/2026\/04\/01\/urgente-trump-anuncio-que-iran-ha-solicitado-un-alto-al-fuego\/","title":{"rendered":"Urgente! Trump anunci\u00f3 que Ir\u00e1n ha solicitado un alto al fuego"},"content":{"rendered":"\n<p>La estrategia de paz a trav\u00e9s de la fuerza del presidente Donald Trump est\u00e1 dando resultados hist\u00f3ricos. Acorralados por el implacable poder\u00edo militar estadounidense, el r\u00e9gimen iran\u00ed ha tenido que agachar la cabeza y solicitar un cese de hostilidades, confirmando que la pol\u00edtica de mano dura de la actual administraci\u00f3n es la \u00fanica v\u00eda efectiva para someter a los promotores del terror y garantizar la seguridad global.<\/p>\n\n\n\n<p>A trav\u00e9s de su plataforma <em>Truth Social<\/em>, el mandatario estadounidense anunci\u00f3 este mi\u00e9rcoles por la ma\u00f1ana la inminente victoria estrat\u00e9gica de su gesti\u00f3n, dejando en claro que es Estados Unidos quien dicta las condiciones en el tablero internacional.<\/p>\n\n\n\n<blockquote class=\"wp-block-quote is-layout-flow wp-block-quote-is-layout-flow\">\n<p>\u201cEl nuevo presidente del r\u00e9gimen iran\u00ed, mucho menos radicalizado y mucho m\u00e1s inteligente que sus predecesores, \u00a1acaba de pedir a los Estados Unidos de Am\u00e9rica un ALTO EL FUEGO!\u201d, revel\u00f3 el presidente Trump, marcando un giro sin precedentes en el conflicto.<\/p>\n<\/blockquote>\n\n\n\n<figure class=\"wp-block-image size-large\"><img fetchpriority=\"high\" decoding=\"async\" width=\"1024\" height=\"720\" src=\"https:\/\/elliberador.com\/wp-content\/uploads\/2026\/04\/Captura-de-pantalla-2026-04-01-102855-1024x720.png\" alt=\"\" class=\"wp-image-7840\" srcset=\"https:\/\/elliberador.com\/wp-content\/uploads\/2026\/04\/Captura-de-pantalla-2026-04-01-102855-1024x720.png 1024w, https:\/\/elliberador.com\/wp-content\/uploads\/2026\/04\/Captura-de-pantalla-2026-04-01-102855-300x211.png 300w, https:\/\/elliberador.com\/wp-content\/uploads\/2026\/04\/Captura-de-pantalla-2026-04-01-102855-768x540.png 768w, https:\/\/elliberador.com\/wp-content\/uploads\/2026\/04\/Captura-de-pantalla-2026-04-01-102855.png 1208w\" sizes=\"(max-width: 1024px) 100vw, 1024px\" \/><\/figure>\n\n\n\n<p>Lejos de mostrar la debilidad de administraciones pasadas, Trump fue categ\u00f3rico al establecer las condiciones bajo las cuales Estados Unidos aceptar\u00eda detener la ofensiva. La prioridad del presidente es absoluta: garantizar el libre comercio mundial y la seguridad de la navegaci\u00f3n.<\/p>\n\n\n\n<h2 class=\"wp-block-heading\">El \u00e9xito de una ofensiva implacable<\/h2>\n\n\n\n<p>Esta desesperada petici\u00f3n de paz por parte de Teher\u00e1n es el resultado directo de la aplastante y coordinada respuesta militar iniciada el pasado 28 de febrero por las fuerzas de Estados Unidos e Israel. Bajo la orden de Trump, los ataques iniciales fueron devastadores y precisos, logrando neutralizar objetivos clave del liderazgo y la infraestructura militar iran\u00ed, incluyendo la eliminaci\u00f3n del mism\u00edsimo l\u00edder supremo, el ayatol\u00e1 Al\u00ed Jamenei.<\/p>\n\n\n\n<p>Mientras que otras naciones e iniciativas \u2014como la propuesta recientemente presentada por China y Pakist\u00e1n\u2014 buscan intervenir en el conflicto, queda demostrado que solo el m\u00fasculo militar estadounidense y la determinaci\u00f3n de su Comandante en Jefe han logrado doblegar la hostilidad iran\u00ed.<\/p>\n\n\n\n<p>La Casa Blanca ha confirmado que el presidente Trump se dirigir\u00e1 a la naci\u00f3n esta noche a las <strong>21:00 horas (01:00 GMT)<\/strong> para brindar una actualizaci\u00f3n crucial sobre este monumental avance en Medio Oriente. El mundo entero estar\u00e1 atento al mensaje del l\u00edder que, una vez m\u00e1s, demuestra que a Estados Unidos se lo respeta.<\/p>\n","protected":false},"excerpt":{"rendered":"<p>Bajo la doctrina de \u00abpaz a trav\u00e9s de la fuerza\u00bb, el presidente Donald Trump ha logrado que el r\u00e9gimen de Ir\u00e1n suplique un alto el fuego, demostrando que solo la determinaci\u00f3n inquebrantable de Estados Unidos puede doblegar a los tiranos y restaurar el orden global.<\/p>\n","protected":false},"author":2,"featured_media":7841,"comment_status":"open","ping_status":"open","sticky":false,"template":"","format":"standard","meta":{"_acf_changed":false,"advanced_seo_description":"","jetpack_seo_html_title":"","jetpack_seo_noindex":false,"_jetpack_memberships_contains_paid_content":false,"footnotes":""},"categories":[10],"tags":[20,694,928,84],"class_list":["post-7839","post","type-post","status-publish","format-standard","has-post-thumbnail","hentry","category-internacionales","tag-destacados","tag-donald-trump","tag-iran-2","tag-trump"],"acf":[],"jetpack_featured_media_url":"https:\/\/elliberador.com\/wp-content\/uploads\/2026\/04\/Captura-de-pantalla-2026-04-01-103509.webp","jetpack_sharing_enabled":true,"_links":{"self":[{"href":"https:\/\/elliberador.com\/index.php\/wp-json\/wp\/v2\/posts\/7839","targetHints":{"allow":["GET"]}}],"collection":[{"href":"https:\/\/elliberador.com\/index.php\/wp-json\/wp\/v2\/posts"}],"about":[{"href":"https:\/\/elliberador.com\/index.php\/wp-json\/wp\/v2\/types\/post"}],"author":[{"embeddable":true,"href":"https:\/\/elliberador.com\/index.php\/wp-json\/wp\/v2\/users\/2"}],"replies":[{"embeddable":true,"href":"https:\/\/elliberador.com\/index.php\/wp-json\/wp\/v2\/comments?post=7839"}],"version-history":[{"count":1,"href":"https:\/\/elliberador.com\/index.php\/wp-json\/wp\/v2\/posts\/7839\/revisions"}],"predecessor-version":[{"id":7842,"href":"https:\/\/elliberador.com\/index.php\/wp-json\/wp\/v2\/posts\/7839\/revisions\/7842"}],"wp:featuredmedia":[{"embeddable":true,"href":"https:\/\/elliberador.com\/index.php\/wp-json\/wp\/v2\/media\/7841"}],"wp:attachment":[{"href":"https:\/\/elliberador.com\/index.php\/wp-json\/wp\/v2\/media?parent=7839"}],"wp:term":[{"taxonomy":"category","embeddable":true,"href":"https:\/\/elliberador.com\/index.php\/wp-json\/wp\/v2\/categories?post=7839"},{"taxonomy":"post_tag","embeddable":true,"href":"https:\/\/elliberador.com\/index.php\/wp-json\/wp\/v2\/tags?post=7839"}],"curies":[{"name":"wp","href":"https:\/\/api.w.org\/{rel}","templated":true}]}}