{"id":7866,"date":"2026-04-05T00:24:41","date_gmt":"2026-04-05T03:24:41","guid":{"rendered":"https:\/\/elliberador.com\/?p=7866"},"modified":"2026-04-05T00:25:03","modified_gmt":"2026-04-05T03:25:03","slug":"el-diplomatico-irani-dejo-el-pais-tras-el-ultimatum-de-48hs-la-cronologia-de-una-decision-que-marca-un-punto-de-inflexion-en-la-politica-exterior-argentina","status":"publish","type":"post","link":"https:\/\/elliberador.com\/index.php\/2026\/04\/05\/el-diplomatico-irani-dejo-el-pais-tras-el-ultimatum-de-48hs-la-cronologia-de-una-decision-que-marca-un-punto-de-inflexion-en-la-politica-exterior-argentina\/","title":{"rendered":"El diplom\u00e1tico iran\u00ed dej\u00f3 el pa\u00eds tras el ultim\u00e1tum de 48hs: la cronolog\u00eda de una decisi\u00f3n que marca un punto de inflexi\u00f3n en la Pol\u00edtica Exterior Argentina"},"content":{"rendered":"\n<p>El encargado de negocios de Ir\u00e1n en Argentina, Mohsen Soltani Tehrani, abandon\u00f3 el territorio nacional en las \u00faltimas horas, cumpliendo con el ultim\u00e1tum impuesto por el Gobierno argentino luego de ser declarado <em>persona non grata<\/em>. La salida se produjo dentro del plazo de 48 horas establecido por la Canciller\u00eda, cerrando as\u00ed un episodio de alta tensi\u00f3n diplom\u00e1tica.<\/p>\n\n\n\n<p>La decisi\u00f3n de expulsar al diplom\u00e1tico fue comunicada oficialmente d\u00edas antes por el canciller Pablo Quirno, quien confirm\u00f3 que la medida ya hab\u00eda sido notificada a la representaci\u00f3n iran\u00ed en Buenos Aires. Seg\u00fan trascendi\u00f3, la determinaci\u00f3n se enmarca en una evaluaci\u00f3n pol\u00edtica y estrat\u00e9gica del v\u00ednculo bilateral, en un contexto internacional delicado.<\/p>\n\n\n\n<p>El primer paso en esta secuencia fue precisamente la declaraci\u00f3n de<strong> <em>persona non grata<\/em><\/strong>, un mecanismo contemplado en la diplomacia internacional que permite a un Estado exigir la salida inmediata de un representante extranjero sin necesidad de brindar explicaciones p\u00fablicas detalladas. A partir de ese momento, comenz\u00f3 a correr el plazo formal para que Soltani Tehrani organizara su partida.<\/p>\n\n\n\n<figure class=\"wp-block-image size-large\"><img fetchpriority=\"high\" decoding=\"async\" width=\"725\" height=\"1024\" src=\"https:\/\/elliberador.com\/wp-content\/uploads\/2026\/04\/image-3-725x1024.png\" alt=\"\" class=\"wp-image-7867\" srcset=\"https:\/\/elliberador.com\/wp-content\/uploads\/2026\/04\/image-3-725x1024.png 725w, https:\/\/elliberador.com\/wp-content\/uploads\/2026\/04\/image-3-212x300.png 212w, https:\/\/elliberador.com\/wp-content\/uploads\/2026\/04\/image-3-768x1085.png 768w, https:\/\/elliberador.com\/wp-content\/uploads\/2026\/04\/image-3.png 853w\" sizes=\"(max-width: 725px) 100vw, 725px\" \/><\/figure>\n\n\n\n<p>La expulsi\u00f3n se produce en el contexto del conflicto armado que Ir\u00e1n mantiene, desde el 28 de febrero, con Israel y Estados Unidos ,aliados estrat\u00e9gicos del gobierno de Javier Milei, quien desde el inicio de las hostilidades adopt\u00f3 una postura de respaldo hacia ambos pa\u00edses.<br><br>Finalmente, con la salida del diplom\u00e1tico iran\u00ed, se concreta el desenlace de una decisi\u00f3n que, si bien se ejecut\u00f3 con rapidez, responde a tensiones m\u00e1s profundas en materia de pol\u00edtica exterior. Este tipo de episodios suele derivar en respuestas rec\u00edprocas o en un enfriamiento prolongado de las relaciones bilaterales.<\/p>\n\n\n\n<p><\/p>\n","protected":false},"excerpt":{"rendered":"<p>Luego de ser declarado persona no grata, se concreta la expulsi\u00f3n del diplom\u00e1tico Iran\u00ed del suelo argentino<\/p>\n","protected":false},"author":2,"featured_media":7868,"comment_status":"open","ping_status":"open","sticky":false,"template":"","format":"standard","meta":{"_acf_changed":false,"advanced_seo_description":"","jetpack_seo_html_title":"","jetpack_seo_noindex":false,"_jetpack_memberships_contains_paid_content":false,"footnotes":""},"categories":[4],"tags":[20,119,56],"class_list":["post-7866","post","type-post","status-publish","format-standard","has-post-thumbnail","hentry","category-politica","tag-destacados","tag-javier-milei","tag-milei"],"acf":[],"jetpack_featured_media_url":"https:\/\/elliberador.com\/wp-content\/uploads\/2026\/04\/74Y1fkF4.jpg","jetpack_sharing_enabled":true,"_links":{"self":[{"href":"https:\/\/elliberador.com\/index.php\/wp-json\/wp\/v2\/posts\/7866","targetHints":{"allow":["GET"]}}],"collection":[{"href":"https:\/\/elliberador.com\/index.php\/wp-json\/wp\/v2\/posts"}],"about":[{"href":"https:\/\/elliberador.com\/index.php\/wp-json\/wp\/v2\/types\/post"}],"author":[{"embeddable":true,"href":"https:\/\/elliberador.com\/index.php\/wp-json\/wp\/v2\/users\/2"}],"replies":[{"embeddable":true,"href":"https:\/\/elliberador.com\/index.php\/wp-json\/wp\/v2\/comments?post=7866"}],"version-history":[{"count":2,"href":"https:\/\/elliberador.com\/index.php\/wp-json\/wp\/v2\/posts\/7866\/revisions"}],"predecessor-version":[{"id":7870,"href":"https:\/\/elliberador.com\/index.php\/wp-json\/wp\/v2\/posts\/7866\/revisions\/7870"}],"wp:featuredmedia":[{"embeddable":true,"href":"https:\/\/elliberador.com\/index.php\/wp-json\/wp\/v2\/media\/7868"}],"wp:attachment":[{"href":"https:\/\/elliberador.com\/index.php\/wp-json\/wp\/v2\/media?parent=7866"}],"wp:term":[{"taxonomy":"category","embeddable":true,"href":"https:\/\/elliberador.com\/index.php\/wp-json\/wp\/v2\/categories?post=7866"},{"taxonomy":"post_tag","embeddable":true,"href":"https:\/\/elliberador.com\/index.php\/wp-json\/wp\/v2\/tags?post=7866"}],"curies":[{"name":"wp","href":"https:\/\/api.w.org\/{rel}","templated":true}]}}