{"id":7876,"date":"2026-04-06T12:04:24","date_gmt":"2026-04-06T15:04:24","guid":{"rendered":"https:\/\/elliberador.com\/?p=7876"},"modified":"2026-04-06T12:23:49","modified_gmt":"2026-04-06T15:23:49","slug":"pullaro-no-quiere-estar-expuesto-y-creo-un-nuevo-cargo-debuto-su-vocera-provincial","status":"publish","type":"post","link":"https:\/\/elliberador.com\/index.php\/2026\/04\/06\/pullaro-no-quiere-estar-expuesto-y-creo-un-nuevo-cargo-debuto-su-vocera-provincial\/","title":{"rendered":"Pullaro no quiere estar expuesto y cre\u00f3 un nuevo cargo: debut\u00f3 su \u00abvocera provincial\u00bb"},"content":{"rendered":"\n<p>Virginia Coudannes fue presentada oficialmente como vocera del gobierno de Santa Fe. Hasta hace apenas unos d\u00edas se desempe\u00f1aba como secretaria de Gesti\u00f3n Institucional del Ministerio de Justicia y Seguridad, y ahora debut\u00f3 en su nuevo rol dentro del \u00e1mbito del Ministerio de Gobierno, con la tarea de comunicar en nombre de toda la gesti\u00f3n provincial.<\/p>\n\n\n\n<p>Sin embargo, la decisi\u00f3n de otorgarle un rol que trasciende la mera vocer\u00eda del gobernador Maximiliano Pullaro y la posiciona como portavoz integral del gobierno no solo genera malestar:<strong> profundiza una cr\u00edtica estructural cada vez m\u00e1s extendida.<\/strong>&nbsp;<\/p>\n\n\n\n<p>En un contexto de fuerte tensi\u00f3n fiscal, ca\u00edda de recursos y reclamos sociales en aumento, la creaci\u00f3n de nuevos cargos pol\u00edticos aumenta sin importar las consecuencias y crear una vocera es claramente una se\u00f1al de desconexi\u00f3n con la realidad. Mientras se exige austeridad hacia afuera ,especialmente a trabajadores estatales y sectores productivos, hacia adentro el Estado provincial sigue expandiendo su estructura con funciones que muchos consideran superpuestas o prescindibles.<\/p>\n\n\n\n<p>No se trata \u00fanicamente de comunicaci\u00f3n. La designaci\u00f3n de una vocera con injerencia transversal en toda la administraci\u00f3n implica sumar <strong>otro nivel burocr\u00e1tico<\/strong>, con costos asociados, en un momento donde la provincia enfrenta serias dificultades financieras. El contraste es evidente: mientras se habla de ordenar las cuentas p\u00fablicas, se multiplican los cargos pol\u00edticos; mientras se niega la realidad de los problemas de la provincia, el gobierno ensancha su propio aparato y mientras mucha gente busca respuestas en el gobernador a\u00f1aden otro intermediario.<\/p>\n\n\n\n<p>El nuevo esquema, adem\u00e1s, le otorga a Coudannes un <strong>protagonismo inusual<\/strong>: no solo participar\u00e1 de las reuniones de gabinete convocadas por el gobernador, sino tambi\u00e9n de los encuentros de trabajo de cada ministerio. Esto no solo centraliza el discurso oficial, sino que tambi\u00e9n diluye responsabilidades pol\u00edticas. En lugar de dar la cara, los ministros quedan relegados y el mensaje se filtra a trav\u00e9s de una figura intermedia, lo que <strong>debilita la transparencia y la rendici\u00f3n de cuentas.<\/strong><\/p>\n\n\n\n<p>Desde el gobierno justifican la incorporaci\u00f3n bajo el argumento de aportar \u201cfrescura y renovaci\u00f3n\u201d a la comunicaci\u00f3n. Pero esa explicaci\u00f3n resulta dif\u00edcil de sostener frente a la gravedad del contexto.&nbsp;<\/p>\n\n\n\n<p>La provincia no enfrenta un problema de \u201cestilo comunicacional\u201d, es deber del gobernador salir a dar la cara las veces que fuere necesario, cosa que no sucedia y ahora a\u00fan menos, se suma la situaci\u00f3n de seguridad, educaci\u00f3n y salud que atraviesan situaciones cr\u00edticas, con indicadores preocupantes y respuestas que no logran estar a la altura de las circunstancias.<\/p>\n\n\n\n<p>Este giro en la estrategia ya se hab\u00eda empezado a ver en las \u00faltimas discusiones paritarias, donde los voceros tradicionales ,los ministros, fueron reemplazados por funcionarias de segunda l\u00ednea, como la secretaria de Funci\u00f3n P\u00fablica, Malena Azario. Lejos de aportar claridad, ese cambio dej\u00f3 la sensaci\u00f3n de <strong>un gobierno que evita exponerse y que opta por intermediarios en momentos donde se requiere liderazgo directo.<\/strong><\/p>\n\n\n\n<p>A esto se suma un dato a\u00fan m\u00e1s preocupante:<strong> la recomendaci\u00f3n del propio Ministerio de Seguridad de reducir la exposici\u00f3n p\u00fablica del gobernador. <\/strong>En una provincia atravesada por problemas estructurales y urgencias cotidianas, la decisi\u00f3n de que el <strong>principal responsable pol\u00edtico se muestre menos <\/strong>no solo es cuestionable, sino contraproducente. Cuando la situaci\u00f3n exige presencia, conducci\u00f3n y respuestas, el repliegue del gobernador y la delegaci\u00f3n de la palabra en nuevas figuras refuerzan la percepci\u00f3n de <strong>vac\u00edo pol\u00edtico.<\/strong><\/p>\n\n\n\n<p>En definitiva, la creaci\u00f3n de esta vocer\u00eda no parece responder a una necesidad real de gesti\u00f3n, sino a una<strong> l\u00f3gica de construcci\u00f3n discursiva que prioriza el control del mensaje por sobre la resoluci\u00f3n de los problemas.<\/strong>&nbsp;<\/p>\n\n\n\n<p>Y en un escenario donde la provincia atraviesa una situaci\u00f3n cr\u00edtica, sumar cargos, ampliar la estructura estatal y reducir la exposici\u00f3n del liderazgo pol\u00edtico no solo resulta inoportuno: expone con mayor claridad las prioridades de un gobierno que parece m\u00e1s enfocado en administrar su imagen que en transformar la realidad.<\/p>\n\n\n\n<p>\u00bfEs conveniente que el principal responsable pol\u00edtico se repliegue en un momento cr\u00edtico?<\/p>\n\n\n\n<p><\/p>\n","protected":false},"excerpt":{"rendered":"<p>Lejos de acercar la gesti\u00f3n a la ciudadan\u00eda, la medida de agregar una \u201cvocera\u201d parece profundizar la distancia entre el poder pol\u00edtico y las demandas sociales, queda a la vista un gobierno que evita exponerse y que opta por intermediarios en lugar de dar la cara ante la situaci\u00f3n que atraviesa la provincia.<\/p>\n","protected":false},"author":2,"featured_media":7894,"comment_status":"open","ping_status":"open","sticky":false,"template":"","format":"standard","meta":{"_acf_changed":false,"advanced_seo_description":"","jetpack_seo_html_title":"","jetpack_seo_noindex":false,"_jetpack_memberships_contains_paid_content":false,"footnotes":""},"categories":[4,598],"tags":[20,99,66],"class_list":["post-7876","post","type-post","status-publish","format-standard","has-post-thumbnail","hentry","category-politica","category-santa-fe","tag-destacados","tag-pullaro","tag-santa-fe"],"acf":[],"jetpack_featured_media_url":"https:\/\/elliberador.com\/wp-content\/uploads\/2026\/04\/imagen_exportada.webp","jetpack_sharing_enabled":true,"_links":{"self":[{"href":"https:\/\/elliberador.com\/index.php\/wp-json\/wp\/v2\/posts\/7876","targetHints":{"allow":["GET"]}}],"collection":[{"href":"https:\/\/elliberador.com\/index.php\/wp-json\/wp\/v2\/posts"}],"about":[{"href":"https:\/\/elliberador.com\/index.php\/wp-json\/wp\/v2\/types\/post"}],"author":[{"embeddable":true,"href":"https:\/\/elliberador.com\/index.php\/wp-json\/wp\/v2\/users\/2"}],"replies":[{"embeddable":true,"href":"https:\/\/elliberador.com\/index.php\/wp-json\/wp\/v2\/comments?post=7876"}],"version-history":[{"count":2,"href":"https:\/\/elliberador.com\/index.php\/wp-json\/wp\/v2\/posts\/7876\/revisions"}],"predecessor-version":[{"id":7886,"href":"https:\/\/elliberador.com\/index.php\/wp-json\/wp\/v2\/posts\/7876\/revisions\/7886"}],"wp:featuredmedia":[{"embeddable":true,"href":"https:\/\/elliberador.com\/index.php\/wp-json\/wp\/v2\/media\/7894"}],"wp:attachment":[{"href":"https:\/\/elliberador.com\/index.php\/wp-json\/wp\/v2\/media?parent=7876"}],"wp:term":[{"taxonomy":"category","embeddable":true,"href":"https:\/\/elliberador.com\/index.php\/wp-json\/wp\/v2\/categories?post=7876"},{"taxonomy":"post_tag","embeddable":true,"href":"https:\/\/elliberador.com\/index.php\/wp-json\/wp\/v2\/tags?post=7876"}],"curies":[{"name":"wp","href":"https:\/\/api.w.org\/{rel}","templated":true}]}}