{"id":7895,"date":"2026-04-06T12:57:24","date_gmt":"2026-04-06T15:57:24","guid":{"rendered":"https:\/\/elliberador.com\/?p=7895"},"modified":"2026-04-06T12:57:26","modified_gmt":"2026-04-06T15:57:26","slug":"nacion-sale-al-rescate-120mil-millones-llegaran-para-la-provincia-de-santa-fe","status":"publish","type":"post","link":"https:\/\/elliberador.com\/index.php\/2026\/04\/06\/nacion-sale-al-rescate-120mil-millones-llegaran-para-la-provincia-de-santa-fe\/","title":{"rendered":"Naci\u00f3n sale al rescate: $120mil millones llegar\u00e1n para la provincia de Santa Fe"},"content":{"rendered":"\n<p>La cr\u00edtica situaci\u00f3n econ\u00f3mica de la provincia de Santa Fe vuelve a exponer a\u00f1os de desorden, falta de planificaci\u00f3n y un manejo deficitario de sus cuentas p\u00fablicas que nunca mejora.&nbsp; El sistema previsional provincial, uno de los m\u00e1s golpeados, refleja con claridad el peso de una deuda acumulada que la propia administraci\u00f3n local no logr\u00f3 resolver.<\/p>\n\n\n\n<p>En este escenario, es el gobierno nacional encabezado por Javier Milei el que termina haci\u00e9ndose cargo de una problem\u00e1tica que la provincia arrastra desde hace a\u00f1os. Lejos de desentenderse, la Naci\u00f3n decidi\u00f3 avanzar con un acuerdo concreto que garantiza el env\u00edo de $120.000 millones en 12 cuotas mensuales, con el objetivo de sostener la Caja de Jubilaciones y comenzar a ordenar el frente fiscal.<\/p>\n\n\n\n<p>La  medida fue respaldada p\u00fablicamente por Romina Diez, quien destac\u00f3 el rol del gobierno nacional: \u201cNosotros saldamos deudas hist\u00f3ricas que gobiernos anteriores le negaban a todos los santafesinos. Un gran esfuerzo del gobierno nacional. Nosotros no hacemos campa\u00f1as, acompa\u00f1amos lo que es justo para los santafesinos\u201d.<\/p>\n\n\n\n<figure class=\"wp-block-image size-large\"><img fetchpriority=\"high\" decoding=\"async\" width=\"1024\" height=\"968\" src=\"https:\/\/elliberador.com\/wp-content\/uploads\/2026\/04\/WhatsApp-Image-2026-04-06-at-12.41.36-PM-1024x968.jpeg\" alt=\"\" class=\"wp-image-7896\" srcset=\"https:\/\/elliberador.com\/wp-content\/uploads\/2026\/04\/WhatsApp-Image-2026-04-06-at-12.41.36-PM-1024x968.jpeg 1024w, https:\/\/elliberador.com\/wp-content\/uploads\/2026\/04\/WhatsApp-Image-2026-04-06-at-12.41.36-PM-300x283.jpeg 300w, https:\/\/elliberador.com\/wp-content\/uploads\/2026\/04\/WhatsApp-Image-2026-04-06-at-12.41.36-PM-768x726.jpeg 768w, https:\/\/elliberador.com\/wp-content\/uploads\/2026\/04\/WhatsApp-Image-2026-04-06-at-12.41.36-PM.jpeg 1179w\" sizes=\"(max-width: 1024px) 100vw, 1024px\" \/><\/figure>\n\n\n\n<p>El contraste es evidente.<strong> Mientras la provincia contin\u00faa arrastrando d\u00e9ficits estructurales y una administraci\u00f3n cuestionada por la falta de soluciones de fondo, la Naci\u00f3n interviene para garantizar previsibilidad y cumplimiento, haci\u00e9ndose cargo de una deuda que impacta directamente en miles de jubilados<\/strong>.<\/p>\n\n\n\n<p>Adem\u00e1s de representar un alivio inmediato, el acuerdo marca un cambio en la l\u00f3gica de gesti\u00f3n: se pasa de la dilaci\u00f3n y el conflicto a una respuesta concreta que ordena la relaci\u00f3n financiera entre Naci\u00f3n y provincia. En un contexto econ\u00f3mico complejo, esta decisi\u00f3n refuerza la idea de un<strong> Estado nacional activo, dispuesto a resolver problemas estructurales que otras gestiones dejaron pendientes.<\/strong>En definitiva, el gobierno de Javier Milei no solo aporta los recursos necesarios para sostener un sistema en crisis, sino que tambi\u00e9n <strong>asume la responsabilidad de encauzar una deuda hist\u00f3rica<\/strong>, dejando en evidencia las falencias de la administraci\u00f3n provincial y marcando un nuevo rumbo en la gesti\u00f3n p\u00fablica.<\/p>\n","protected":false},"excerpt":{"rendered":"<p>El gobierno de Javier Milei enviar\u00e1 $10 mil millones mensuales a la provincia en medio de la crisis financiera de Santa Fe marcada por desorden y d\u00e9ficit estructural.<\/p>\n","protected":false},"author":2,"featured_media":7898,"comment_status":"open","ping_status":"open","sticky":false,"template":"","format":"standard","meta":{"_acf_changed":false,"advanced_seo_description":"","jetpack_seo_html_title":"","jetpack_seo_noindex":false,"_jetpack_memberships_contains_paid_content":false,"footnotes":""},"categories":[2,598],"tags":[20,119,47,66],"class_list":["post-7895","post","type-post","status-publish","format-standard","has-post-thumbnail","hentry","category-economia","category-santa-fe","tag-destacados","tag-javier-milei","tag-la-libertad-avanza","tag-santa-fe"],"acf":[],"jetpack_featured_media_url":"https:\/\/elliberador.com\/wp-content\/uploads\/2026\/04\/Captura-de-pantalla-2026-04-06-125601.png","jetpack_sharing_enabled":true,"_links":{"self":[{"href":"https:\/\/elliberador.com\/index.php\/wp-json\/wp\/v2\/posts\/7895","targetHints":{"allow":["GET"]}}],"collection":[{"href":"https:\/\/elliberador.com\/index.php\/wp-json\/wp\/v2\/posts"}],"about":[{"href":"https:\/\/elliberador.com\/index.php\/wp-json\/wp\/v2\/types\/post"}],"author":[{"embeddable":true,"href":"https:\/\/elliberador.com\/index.php\/wp-json\/wp\/v2\/users\/2"}],"replies":[{"embeddable":true,"href":"https:\/\/elliberador.com\/index.php\/wp-json\/wp\/v2\/comments?post=7895"}],"version-history":[{"count":1,"href":"https:\/\/elliberador.com\/index.php\/wp-json\/wp\/v2\/posts\/7895\/revisions"}],"predecessor-version":[{"id":7899,"href":"https:\/\/elliberador.com\/index.php\/wp-json\/wp\/v2\/posts\/7895\/revisions\/7899"}],"wp:featuredmedia":[{"embeddable":true,"href":"https:\/\/elliberador.com\/index.php\/wp-json\/wp\/v2\/media\/7898"}],"wp:attachment":[{"href":"https:\/\/elliberador.com\/index.php\/wp-json\/wp\/v2\/media?parent=7895"}],"wp:term":[{"taxonomy":"category","embeddable":true,"href":"https:\/\/elliberador.com\/index.php\/wp-json\/wp\/v2\/categories?post=7895"},{"taxonomy":"post_tag","embeddable":true,"href":"https:\/\/elliberador.com\/index.php\/wp-json\/wp\/v2\/tags?post=7895"}],"curies":[{"name":"wp","href":"https:\/\/api.w.org\/{rel}","templated":true}]}}