{"id":7900,"date":"2026-04-06T13:44:29","date_gmt":"2026-04-06T16:44:29","guid":{"rendered":"https:\/\/elliberador.com\/?p=7900"},"modified":"2026-04-06T13:44:32","modified_gmt":"2026-04-06T16:44:32","slug":"el-delirio-exterior-de-pedro-sanchez-25-millones-para-promover-ideologia-de-genero-en-el-salvador","status":"publish","type":"post","link":"https:\/\/elliberador.com\/index.php\/2026\/04\/06\/el-delirio-exterior-de-pedro-sanchez-25-millones-para-promover-ideologia-de-genero-en-el-salvador\/","title":{"rendered":"El delirio exterior de Pedro S\u00e1nchez: 2,5 millones para promover ideolog\u00eda de g\u00e9nero en El Salvador"},"content":{"rendered":"\n<p>El Bolet\u00edn Oficial del Estado no miente, aunque el Gobierno intente camuflar sus prioridades bajo eufemismos de \u00abcooperaci\u00f3n al desarrollo\u00bb. La \u00faltima resoluci\u00f3n de la <strong>Agencia Espa\u00f1ola de Cooperaci\u00f3n Internacional para el Desarrollo (AECID)<\/strong> ha encendido todas las alarmas: el Ejecutivo de Pedro S\u00e1nchez ha concedido una subvenci\u00f3n de <strong>2.503.550 euros<\/strong> al <strong>Instituto Salvadore\u00f1o para el Desarrollo de la Mujer (ISDEMU)<\/strong>.<\/p>\n\n\n\n<p>Esta asignaci\u00f3n, enmarcada en la \u00abConvocatoria instrumental El Salvador 2025 CD Empoderamiento de g\u00e9nero\u00bb, no es una ayuda m\u00e1s. Se trata de una transferencia dineraria sin contraprestaci\u00f3n que, por su cuant\u00eda y destino, rompe con todos los protocolos habituales de la administraci\u00f3n p\u00fablica. Mientras las familias espa\u00f1olas ven c\u00f3mo su poder adquisitivo se diluye, el sanchismo decide que la prioridad nacional es financiar cursos de caf\u00e9 y \u00ablatte art\u00bb en Centroam\u00e9rica.<\/p>\n\n\n\n<h2 class=\"wp-block-heading\">Opacidad y caf\u00e9: \u00bfA d\u00f3nde van realmente los impuestos de los espa\u00f1oles?<\/h2>\n\n\n\n<p>Lo que hace que esta subvenci\u00f3n de m\u00e1s de <strong>2,5 millones de euros<\/strong> sea especialmente sangrante es la absoluta falta de trazabilidad. Expertos en cooperaci\u00f3n internacional se\u00f1alan que este tipo de montos suelen reservarse para organismos de la ONU o la Cruz Roja, entidades con mecanismos de auditor\u00eda consolidados. Sin embargo, S\u00e1nchez ha elegido a un ente p\u00fablico salvadore\u00f1o que, a d\u00eda de hoy, carece de un portal de transparencia accesible para el contribuyente espa\u00f1ol.<\/p>\n\n\n\n<p>Al indagar en las actividades del ISDEMU, el organismo receptor de la millonaria ayuda, la realidad roza lo esperp\u00e9ntico. Entre sus \u00abhitos\u00bb publicitados se encuentran:<\/p>\n\n\n\n<ul class=\"wp-block-list\">\n<li><strong>Servicios de asistencia telef\u00f3nica<\/strong> (L\u00ednea 126).<\/li>\n\n\n\n<li><strong>Programas de orientaci\u00f3n para denuncias de soborno.<\/strong><\/li>\n\n\n\n<li><strong>Cursos de barismo en \u00abLes Arts Culinaires\u00bb<\/strong>: formaci\u00f3n acad\u00e9mica para aprender a servir caf\u00e9 y realizar dibujos con leche (<em>latte art<\/em>).<\/li>\n<\/ul>\n\n\n\n<p>Resulta un insulto a la inteligencia del ciudadano espa\u00f1ol que, bajo el r\u00f3tulo de \u00abempoderamiento de g\u00e9nero\u00bb, el Ministerio de Asuntos Exteriores valide el uso de fondos p\u00fablicos para que una instituci\u00f3n extranjera ense\u00f1e a hacer corazones en la espuma del caf\u00e9, mientras la seguridad en las calles de Madrid, Barcelona o Valencia se degrada a pasos agigantados.<\/p>\n\n\n\n<h2 class=\"wp-block-heading\">El contraste de la verg\u00fcenza: El fracaso del modelo en casa<\/h2>\n\n\n\n<p>La cr\u00edtica no es solo por el gasto superfluo, sino por la hipocres\u00eda de un modelo que se exporta como \u00abexitoso\u00bb cuando los datos internos son aterradores. Bajo el mandato de Pedro S\u00e1nchez y sus ministerios de corte ideol\u00f3gico, Espa\u00f1a ha experimentado un aumento alarmante en los delitos contra la libertad sexual.<\/p>\n\n\n\n<p>Seg\u00fan fuentes de seguridad y an\u00e1lisis de datos de criminalidad, las violaciones y agresiones sexuales en territorio espa\u00f1ol han mostrado incrementos porcentuales que en algunas zonas y tipolog\u00edas rozan niveles catastr\u00f3ficos, con aumentos denunciados de hasta el <strong>288%<\/strong> en ciertos indicadores de violencia grupal o agresiones espec\u00edficas desde la implementaci\u00f3n de las leyes estrella del sanchismo. El modelo feminista de S\u00e1nchez, lejos de proteger a la mujer espa\u00f1ola, parece haber incentivado una sensaci\u00f3n de impunidad y una degradaci\u00f3n del orden p\u00fablico.<\/p>\n\n\n\n<p>\u00bfC\u00f3mo puede el Gobierno justificar el env\u00edo de millones de euros para \u00absensibilizaci\u00f3n\u00bb en el extranjero cuando sus propias pol\u00edticas en Espa\u00f1a han fracasado en garantizar la integridad f\u00edsica de las mujeres? La respuesta es sencilla: la <strong>Estrategia de Cooperaci\u00f3n Feminista 2024-2027<\/strong> no busca resultados, busca propaganda y el mantenimiento de una red clientelar internacional de entidades afines.<\/p>\n\n\n\n<h2 class=\"wp-block-heading\">Un cheque en blanco sin rendici\u00f3n de cuentas<\/h2>\n\n\n\n<p>La subvenci\u00f3n al ISDEMU se suma al llamado <strong>Proyecto de Empoderamiento Econ\u00f3mico de las Mujeres (PEEM)<\/strong>, que ya cuenta con una inversi\u00f3n global superior a los <strong>10 millones de euros<\/strong> cofinanciados con la Uni\u00f3n Europea. La maquinaria de gasto no se detiene, pero la transparencia es inexistente. No hay facturas p\u00fablicas, no hay informes de resultados palpables y no hay indicadores que midan si esos 2,5 millones de euros realmente mejoran la vida de alguien o simplemente terminan sufragando estructuras burocr\u00e1ticas y propaganda ideol\u00f3gica.<\/p>\n\n\n\n<p>Como bien se\u00f1ala el analista Pablo Cambronero, \u00abes en la oscuridad donde m\u00e1s y peor se cometen ilegalidades\u00bb. El hecho de que el Gobierno de Espa\u00f1a entregue estas cantidades a un pa\u00eds dirigido por un presidente como Nayib Bukele \u2014quien, a pesar de sus \u00e9xitos en seguridad, mantiene una relaci\u00f3n tensa con el progresismo internacional\u2014 solo a\u00f1ade una capa de desconcierto: S\u00e1nchez prefiere financiar la agenda de g\u00e9nero en cualquier rinc\u00f3n del mundo antes que invertir ese dinero en reforzar las fuerzas y cuerpos de seguridad del Estado espa\u00f1ol.<\/p>\n\n\n\n<h2 class=\"wp-block-heading\">Conclusi\u00f3n: Las prioridades invertidas del Sanchismo<\/h2>\n\n\n\n<p>Mientras Pedro S\u00e1nchez se fotograf\u00eda como el palad\u00edn del feminismo global, la realidad de su gesti\u00f3n es un rastro de dinero p\u00fablico desperdiciado y una sociedad espa\u00f1ola cada vez m\u00e1s vulnerable.<\/p>\n\n\n\n<ul class=\"wp-block-list\">\n<li><strong>En El Salvador:<\/strong> 2,5 millones para dibujos en el caf\u00e9 y tel\u00e9fonos de atenci\u00f3n.<\/li>\n\n\n\n<li><strong>En Espa\u00f1a:<\/strong> Inseguridad creciente, r\u00e9cords de agresiones sexuales y un sistema judicial desbordado por leyes mal redactadas.<\/li>\n<\/ul>\n\n\n\n<p>Esta subvenci\u00f3n es el ejemplo perfecto de la pol\u00edtica sanchista: <strong>lejos de los problemas reales, cerca del gasto ideol\u00f3gico y siempre de espaldas al contribuyente<\/strong>. Occidente se construye con seguridad y respeto al esfuerzo ciudadano, no con la exportaci\u00f3n de un modelo que ya ha demostrado su ineficacia en su propio lugar de origen. Los 2,5 millones de euros que hoy se van a El Salvador son el precio de una foto y de una agenda que, mientras \u00abempodera\u00bb con caf\u00e9 en el extranjero, deja desprotegidas a las mujeres en las calles de Espa\u00f1a.<\/p>\n","protected":false},"excerpt":{"rendered":"<p>En un nuevo despliegue de gasto ideol\u00f3gico, la AECID riega con fondos p\u00fablicos a un instituto salvadore\u00f1o sin portal de transparencia. Mientras el Gobierno de Pedro S\u00e1nchez exporta su \u00abagenda feminista\u00bb a golpe de talonario, los datos de criminalidad en Espa\u00f1a revelan el fracaso estrepitoso de sus pol\u00edticas de protecci\u00f3n interna.<\/p>\n","protected":false},"author":2,"featured_media":7901,"comment_status":"open","ping_status":"open","sticky":false,"template":"","format":"standard","meta":{"_acf_changed":false,"advanced_seo_description":"","jetpack_seo_html_title":"","jetpack_seo_noindex":false,"_jetpack_memberships_contains_paid_content":false,"footnotes":""},"categories":[10],"tags":[20,750,884],"class_list":["post-7900","post","type-post","status-publish","format-standard","has-post-thumbnail","hentry","category-internacionales","tag-destacados","tag-espana","tag-pedro-sanchez"],"acf":[],"jetpack_featured_media_url":"https:\/\/elliberador.com\/wp-content\/uploads\/2026\/04\/Captura-de-pantalla-2026-04-06-134243.webp","jetpack_sharing_enabled":true,"_links":{"self":[{"href":"https:\/\/elliberador.com\/index.php\/wp-json\/wp\/v2\/posts\/7900","targetHints":{"allow":["GET"]}}],"collection":[{"href":"https:\/\/elliberador.com\/index.php\/wp-json\/wp\/v2\/posts"}],"about":[{"href":"https:\/\/elliberador.com\/index.php\/wp-json\/wp\/v2\/types\/post"}],"author":[{"embeddable":true,"href":"https:\/\/elliberador.com\/index.php\/wp-json\/wp\/v2\/users\/2"}],"replies":[{"embeddable":true,"href":"https:\/\/elliberador.com\/index.php\/wp-json\/wp\/v2\/comments?post=7900"}],"version-history":[{"count":1,"href":"https:\/\/elliberador.com\/index.php\/wp-json\/wp\/v2\/posts\/7900\/revisions"}],"predecessor-version":[{"id":7902,"href":"https:\/\/elliberador.com\/index.php\/wp-json\/wp\/v2\/posts\/7900\/revisions\/7902"}],"wp:featuredmedia":[{"embeddable":true,"href":"https:\/\/elliberador.com\/index.php\/wp-json\/wp\/v2\/media\/7901"}],"wp:attachment":[{"href":"https:\/\/elliberador.com\/index.php\/wp-json\/wp\/v2\/media?parent=7900"}],"wp:term":[{"taxonomy":"category","embeddable":true,"href":"https:\/\/elliberador.com\/index.php\/wp-json\/wp\/v2\/categories?post=7900"},{"taxonomy":"post_tag","embeddable":true,"href":"https:\/\/elliberador.com\/index.php\/wp-json\/wp\/v2\/tags?post=7900"}],"curies":[{"name":"wp","href":"https:\/\/api.w.org\/{rel}","templated":true}]}}