{"id":7903,"date":"2026-04-06T13:57:58","date_gmt":"2026-04-06T16:57:58","guid":{"rendered":"https:\/\/elliberador.com\/?p=7903"},"modified":"2026-04-06T13:58:01","modified_gmt":"2026-04-06T16:58:01","slug":"el-pozo-sin-fondo-de-la-cooperacion-espana-regala-1-300-millones-a-bolivia-mientras-el-subdesarrollo-se-perpetua","status":"publish","type":"post","link":"https:\/\/elliberador.com\/index.php\/2026\/04\/06\/el-pozo-sin-fondo-de-la-cooperacion-espana-regala-1-300-millones-a-bolivia-mientras-el-subdesarrollo-se-perpetua\/","title":{"rendered":"El pozo sin fondo de la cooperaci\u00f3n: Espa\u00f1a \u00abregala\u00bb 1.300 millones a Bolivia mientras el subdesarrollo se perpet\u00faa"},"content":{"rendered":"\n<p>La Agencia Espa\u00f1ola de Cooperaci\u00f3n Internacional para el Desarrollo (AECID) y el Ejecutivo de Pedro S\u00e1nchez est\u00e1n de celebraci\u00f3n. El motivo: cuatro d\u00e9cadas de enviar dinero a Bolivia. Sin embargo, detr\u00e1s del triunfalismo diplom\u00e1tico y las fotos oficiales, las cifras revelan una realidad desoladora. Espa\u00f1a ha donado al pa\u00eds andino m\u00e1s de <strong>1.300 millones de euros<\/strong> (1.500 millones de d\u00f3lares) sin que Bolivia haya logrado salir del t\u00fanel del subdesarrollo, la inestabilidad pol\u00edtica y la dependencia externa.<\/p>\n\n\n\n<p>Bajo el lema \u00abLa vida que nos une\u00bb, el embajador espa\u00f1ol en La Paz, Fernando Garc\u00eda Casas, confirm\u00f3 que Espa\u00f1a se mantiene como uno de los principales donantes bilaterales. Pero lo que para el sanchismo es un \u00abhito de solidaridad\u00bb, para muchos analistas es un ejemplo de <strong>ineficiencia sist\u00e9mica<\/strong> y de c\u00f3mo el dinero p\u00fablico espa\u00f1ol sirve para apuntalar gestiones cuestionables a cambio de la exportaci\u00f3n de dogmas ideol\u00f3gicos.<\/p>\n\n\n\n<h2 class=\"wp-block-heading\">El legado de Evo y la herencia del despilfarro<\/h2>\n\n\n\n<p>Es imposible entender el destino de estos fondos sin mirar hacia atr\u00e1s, espec\u00edficamente hacia la era de <strong>Evo Morales<\/strong>. Durante casi 14 a\u00f1os de hegemon\u00eda del MAS (Movimiento al Socialismo), Bolivia recibi\u00f3 flujos constantes de ayuda espa\u00f1ola. A pesar de contar con una bonanza gas\u00edstica hist\u00f3rica y el apoyo incondicional de los gobiernos de izquierda en Espa\u00f1a (primero Zapatero y ahora S\u00e1nchez), el pa\u00eds sigue presentando indicadores de pobreza y debilidad institucional alarmantes.<\/p>\n\n\n\n<p>La pregunta que el contribuyente espa\u00f1ol se hace es: <strong>\u00bfA d\u00f3nde fueron esos 1.300 millones?<\/strong> Mientras el discurso oficial habla de \u00abfortalecimiento judicial y electoral\u00bb, la realidad boliviana ha estado marcada por la erosi\u00f3n de la democracia y la persecuci\u00f3n pol\u00edtica. Parece que el dinero espa\u00f1ol, lejos de fomentar instituciones s\u00f3lidas, ha servido para financiar una burocracia estatal que ha permitido al populismo atrincherarse en el poder durante d\u00e9cadas.<\/p>\n\n\n\n<h2 class=\"wp-block-heading\">Del agua al \u00abg\u00e9nero\u00bb: La nueva prioridad del Sanchismo<\/h2>\n\n\n\n<p>En el marco actual (2022-2026), el Gobierno de S\u00e1nchez ha destinado espec\u00edficamente <strong>100 millones de euros<\/strong> para reforzar \u00e1reas sociales. Pero el enfoque ha mutado. Seg\u00fan las declaraciones oficiales, los \u00abs\u00edmbolos\u00bb de la cooperaci\u00f3n ahora son la <strong>igualdad de g\u00e9nero y el empoderamiento femenino<\/strong>.<\/p>\n\n\n\n<p>Resulta parad\u00f3jico que en un pa\u00eds donde las infraestructuras b\u00e1sicas son deficientes y la seguridad jur\u00eddica es inexistente, el Gobierno de Espa\u00f1a priorice la financiaci\u00f3n de la \u00abCoordinadora de la Mujer\u00bb o la formaci\u00f3n en \u00abperspectiva de g\u00e9nero\u00bb. Mientras S\u00e1nchez env\u00eda millones para estos fines, el subdesarrollo en las zonas rurales de Bolivia es total. La narrativa del \u00absaneamiento\u00bb (que supuestamente ha beneficiado a 602.000 personas en 15 a\u00f1os) choca con la realidad de miles de bolivianos que carecen de servicios b\u00e1sicos dignos, lo que sugiere una falta de trazabilidad y de auditor\u00eda real sobre los resultados de las obras.<\/p>\n\n\n\n<p>El modelo de cooperaci\u00f3n de S\u00e1nchez no parece buscar que Bolivia sea un pa\u00eds autosuficiente, sino mantenerlo en un estado de <strong>asistencia perpetua<\/strong>. El hecho de que Espa\u00f1a siga siendo la \u00abprincipal fuente de cooperaci\u00f3n\u00bb despu\u00e9s de 40 a\u00f1os no es un \u00e9xito, es la confirmaci\u00f3n de un fracaso: el dinero no ha generado desarrollo real, sino una dependencia que el sanchismo utiliza para lavar su imagen internacional y colocar sus piezas en el tablero iberoamericano.<\/p>\n\n\n\n<p>Mientras otras potencias reducen sus presupuestos de ayuda ante la crisis econ\u00f3mica global, S\u00e1nchez presume de que para Espa\u00f1a esta es una \u00abprioridad\u00bb. No es dif\u00edcil entender por qu\u00e9: en la opacidad de las subvenciones internacionales es donde mejor florecen las agendas que no pasan el filtro del sentido com\u00fan nacional.<\/p>\n\n\n\n<p>Los <strong>1.300 millones de euros<\/strong> que han salido de las arcas espa\u00f1olas hacia Bolivia en estas cuatro d\u00e9cadas representan un sacrificio enorme para los espa\u00f1oles, que ven c\u00f3mo sus servicios p\u00fablicos se deterioran mientras su dinero financia \u00abmarcos de asociaci\u00f3n\u00bb en el extranjero.<\/p>\n\n\n\n<p>Bolivia sigue siendo el ejemplo vivo de que el dinero, sin libertad econ\u00f3mica y sin instituciones transparentes, solo sirve para alimentar la maquinaria del Estado receptor y la propaganda del donante. S\u00e1nchez y el legado del populismo andino celebran 40 a\u00f1os de una relaci\u00f3n que ha costado una fortuna y que, a juzgar por el estado del pa\u00eds beneficiario, sigue sin dar los frutos que la verdadera dignidad humana requiere.<\/p>\n","protected":false},"excerpt":{"rendered":"<p>Tras 40 a\u00f1os de inyecciones millonarias de dinero p\u00fablico espa\u00f1ol, Bolivia sigue sumida en la precariedad estructural. Mientras tanto, Pedro S\u00e1nchez redobla la apuesta financiando agendas de g\u00e9nero y \u00absaneamiento\u00bb que no se ven en las estad\u00edsticas de progreso<\/p>\n","protected":false},"author":2,"featured_media":7904,"comment_status":"open","ping_status":"open","sticky":false,"template":"","format":"standard","meta":{"_acf_changed":false,"advanced_seo_description":"","jetpack_seo_html_title":"","jetpack_seo_noindex":false,"_jetpack_memberships_contains_paid_content":false,"footnotes":""},"categories":[10],"tags":[88,20,1253,982],"class_list":["post-7903","post","type-post","status-publish","format-standard","has-post-thumbnail","hentry","category-internacionales","tag-bolivia","tag-destacados","tag-evo","tag-pedro-sanchez-2"],"acf":[],"jetpack_featured_media_url":"https:\/\/elliberador.com\/wp-content\/uploads\/2026\/04\/Captura-de-pantalla-2026-04-06-135656.webp","jetpack_sharing_enabled":true,"_links":{"self":[{"href":"https:\/\/elliberador.com\/index.php\/wp-json\/wp\/v2\/posts\/7903","targetHints":{"allow":["GET"]}}],"collection":[{"href":"https:\/\/elliberador.com\/index.php\/wp-json\/wp\/v2\/posts"}],"about":[{"href":"https:\/\/elliberador.com\/index.php\/wp-json\/wp\/v2\/types\/post"}],"author":[{"embeddable":true,"href":"https:\/\/elliberador.com\/index.php\/wp-json\/wp\/v2\/users\/2"}],"replies":[{"embeddable":true,"href":"https:\/\/elliberador.com\/index.php\/wp-json\/wp\/v2\/comments?post=7903"}],"version-history":[{"count":1,"href":"https:\/\/elliberador.com\/index.php\/wp-json\/wp\/v2\/posts\/7903\/revisions"}],"predecessor-version":[{"id":7905,"href":"https:\/\/elliberador.com\/index.php\/wp-json\/wp\/v2\/posts\/7903\/revisions\/7905"}],"wp:featuredmedia":[{"embeddable":true,"href":"https:\/\/elliberador.com\/index.php\/wp-json\/wp\/v2\/media\/7904"}],"wp:attachment":[{"href":"https:\/\/elliberador.com\/index.php\/wp-json\/wp\/v2\/media?parent=7903"}],"wp:term":[{"taxonomy":"category","embeddable":true,"href":"https:\/\/elliberador.com\/index.php\/wp-json\/wp\/v2\/categories?post=7903"},{"taxonomy":"post_tag","embeddable":true,"href":"https:\/\/elliberador.com\/index.php\/wp-json\/wp\/v2\/tags?post=7903"}],"curies":[{"name":"wp","href":"https:\/\/api.w.org\/{rel}","templated":true}]}}