{"id":7906,"date":"2026-04-06T14:17:26","date_gmt":"2026-04-06T17:17:26","guid":{"rendered":"https:\/\/elliberador.com\/?p=7906"},"modified":"2026-04-06T14:17:28","modified_gmt":"2026-04-06T17:17:28","slug":"milei-recibio-a-kast-alianza-estrategica-en-el-cono-sur","status":"publish","type":"post","link":"https:\/\/elliberador.com\/index.php\/2026\/04\/06\/milei-recibio-a-kast-alianza-estrategica-en-el-cono-sur\/","title":{"rendered":"Milei recibi\u00f3 a Kast: Alianza estrat\u00e9gica en el Cono Sur"},"content":{"rendered":"\n<p>El presidente <strong>Javier Milei<\/strong> recibi\u00f3 este lunes en la Casa Rosada a su par chileno, <strong>Jos\u00e9 Antonio Kast<\/strong>, en una jornada que ratifica la sinton\u00eda pol\u00edtica entre ambas administraciones. Siguiendo la tradici\u00f3n diplom\u00e1tica de elegir a la Argentina como primer destino internacional tras su asunci\u00f3n el pasado 11 de marzo, el l\u00edder del Partido Republicano chileno arrib\u00f3 a Buenos Aires para una reuni\u00f3n de trabajo que se extendi\u00f3 por m\u00e1s de una hora y media.<\/p>\n\n\n\n<p>El encuentro, que incluy\u00f3 una reuni\u00f3n privada y otra ampliada con ministros de ambos gabinetes, se centr\u00f3 en la creaci\u00f3n de un marco de colaboraci\u00f3n estable en \u00e1reas cr\u00edticas como la infraestructura, la seguridad y el intercambio comercial.<\/p>\n\n\n\n<h2 class=\"wp-block-heading\">Seguridad y el caso Apablaza: Un compromiso de justicia<\/h2>\n\n\n\n<p>Uno de los ejes centrales de la agenda fue la cooperaci\u00f3n judicial. La reuni\u00f3n se produjo en un contexto de tensi\u00f3n tras la reciente fuga del exguerrillero <strong>Galvarino Sergio Apablaza<\/strong>, cuya extradici\u00f3n a Chile fue firmada por la administraci\u00f3n de Milei tras a\u00f1os de asilo en el pa\u00eds.<\/p>\n\n\n\n<p>Durante la conferencia de prensa en la Embajada de Chile, Kast destac\u00f3 el cambio de postura del gobierno argentino:<\/p>\n\n\n\n<blockquote class=\"wp-block-quote is-layout-flow wp-block-quote-is-layout-flow\">\n<p>\u201cLe agradecimos al Presidente, que ha hecho por este caso mucho m\u00e1s que en a\u00f1os anteriores. Tarde o temprano, el pr\u00f3fugo Apablaza va a rendir cuentas ante la Justicia\u201d.<\/p>\n<\/blockquote>\n\n\n\n<p>Ambos mandatarios coincidieron en la necesidad de reforzar la seguridad regional y la lucha contra el crimen organizado transnacional, estableciendo una hoja de ruta para la coordinaci\u00f3n entre la ministra de Seguridad argentina, <strong>Alejandra Monteoliva<\/strong>, y su par chilena, <strong>Trinidad Steinert<\/strong>.<\/p>\n\n\n\n<h2 class=\"wp-block-heading\">Cifras en ascenso: El dinamismo del comercio bilateral<\/h2>\n\n\n\n<figure class=\"wp-block-image size-full\"><img fetchpriority=\"high\" decoding=\"async\" width=\"737\" height=\"474\" src=\"https:\/\/elliberador.com\/wp-content\/uploads\/2026\/04\/Captura-de-pantalla-2026-04-06-141705.png\" alt=\"\" class=\"wp-image-7909\" srcset=\"https:\/\/elliberador.com\/wp-content\/uploads\/2026\/04\/Captura-de-pantalla-2026-04-06-141705.png 737w, https:\/\/elliberador.com\/wp-content\/uploads\/2026\/04\/Captura-de-pantalla-2026-04-06-141705-300x193.png 300w\" sizes=\"(max-width: 737px) 100vw, 737px\" \/><\/figure>\n\n\n\n<p>La reuni\u00f3n tambi\u00e9n sirvi\u00f3 para analizar la s\u00f3lida relaci\u00f3n econ\u00f3mica entre ambos pa\u00edses. Los datos oficiales reflejan un crecimiento constante del intercambio comercial en el \u00faltimo lustro:<\/p>\n\n\n\n<ul class=\"wp-block-list\">\n<li><strong>Crecimiento promedio anual:<\/strong> 15,2% en los \u00faltimos cinco a\u00f1os.<\/li>\n\n\n\n<li><strong>Volumen de intercambio:<\/strong> Pas\u00f3 de <strong>3.926 millones de d\u00f3lares<\/strong> en 2020 a <strong>7.931 millones<\/strong> en 2025.<\/li>\n\n\n\n<li><strong>Exportaciones argentinas a Chile:<\/strong> Registraron un incremento promedio anual del <strong>15,7%<\/strong>, alcanzando los <strong>6.865 millones de d\u00f3lares<\/strong> en el \u00faltimo periodo.<\/li>\n<\/ul>\n\n\n\n<p>Este dinamismo econ\u00f3mico busca ser potenciado mediante proyectos conjuntos en miner\u00eda y energ\u00eda, sectores considerados estrat\u00e9gicos para la atracci\u00f3n de inversiones extranjeras en el Cono Sur.<\/p>\n\n\n\n<h2 class=\"wp-block-heading\">Coordinaci\u00f3n regional y el \u00abEscudo de las Am\u00e9ricas\u00bb<\/h2>\n\n\n\n<p>En el plano geopol\u00edtico, Milei y Kast reafirmaron su alineamiento con los valores de la libertad y la seguridad en el continente. Ambos mandatarios participaron recientemente en la cumbre liderada por <strong>Donald Trump<\/strong>, donde se present\u00f3 el proyecto <strong>\u00abShield of the Americas\u00bb (Escudo de las Am\u00e9ricas)<\/strong>. Esta iniciativa busca conformar un bloque de pa\u00edses con econom\u00edas liberales y pol\u00edticas de seguridad compartidas para contrapesar la influencia de potencias extrarregionales y fortalecer el eje democr\u00e1tico en Am\u00e9rica Latina.<\/p>\n\n\n\n<p>La afinidad entre los equipos t\u00e9cnicos tambi\u00e9n qued\u00f3 de manifiesto. Durante la visita, se record\u00f3 la estrecha relaci\u00f3n entre el actual viceministro de Econom\u00eda argentino, <strong>Jos\u00e9 Luis Daza<\/strong>, y el equipo de Kast, lo que facilita una comunicaci\u00f3n fluida en materia de reformas estructurales y estabilidad macroecon\u00f3mica.<\/p>\n\n\n\n<h2 class=\"wp-block-heading\">Participantes de la cumbre bilateral<\/h2>\n\n\n\n<figure class=\"wp-block-image size-full\"><img decoding=\"async\" width=\"822\" height=\"541\" src=\"https:\/\/elliberador.com\/wp-content\/uploads\/2026\/04\/Captura-de-pantalla-2026-04-06-141642.png\" alt=\"\" class=\"wp-image-7908\" srcset=\"https:\/\/elliberador.com\/wp-content\/uploads\/2026\/04\/Captura-de-pantalla-2026-04-06-141642.png 822w, https:\/\/elliberador.com\/wp-content\/uploads\/2026\/04\/Captura-de-pantalla-2026-04-06-141642-300x197.png 300w, https:\/\/elliberador.com\/wp-content\/uploads\/2026\/04\/Captura-de-pantalla-2026-04-06-141642-768x505.png 768w\" sizes=\"(max-width: 822px) 100vw, 822px\" \/><\/figure>\n\n\n\n<p>La delegaci\u00f3n argentina estuvo integrada por figuras clave del gabinete:<\/p>\n\n\n\n<ul class=\"wp-block-list\">\n<li><strong>Karina Milei<\/strong> (Secretaria General de la Presidencia).<\/li>\n\n\n\n<li><strong>Manuel Adorni<\/strong> (Jefe de Gabinete).<\/li>\n\n\n\n<li><strong>Luis Caputo<\/strong> (Ministro de Econom\u00eda).<\/li>\n\n\n\n<li><strong>Pablo Quirno<\/strong> (Canciller).<\/li>\n<\/ul>\n\n\n\n<p>Por parte de la delegaci\u00f3n chilena, acompa\u00f1aron a Kast:<\/p>\n\n\n\n<ul class=\"wp-block-list\">\n<li><strong>Francisco P\u00e9rez Mackenna<\/strong> (Relaciones Exteriores).<\/li>\n\n\n\n<li><strong>Gonzalo Uriarte<\/strong> (Embajador en Argentina).<\/li>\n\n\n\n<li><strong>Mart\u00edn Arrau<\/strong> (Obras P\u00fablicas).<\/li>\n<\/ul>\n\n\n\n<p>Con este encuentro, Argentina y Chile abren una etapa de cooperaci\u00f3n pragm\u00e1tica y alineamiento ideol\u00f3gico que promete resultados concretos en la integraci\u00f3n f\u00edsica y econ\u00f3mica del Cono Sur. La jornada concluy\u00f3 con un gesto de unidad en la explanada de la Casa Rosada, marcando el inicio de una relaci\u00f3n bilateral que prioriza el orden, el mercado y la seguridad jur\u00eddica.<\/p>\n","protected":false},"excerpt":{"rendered":"<p>En el primer viaje oficial de Jos\u00e9 Antonio Kast como presidente de Chile, ambos mandatarios se reunieron en la Casa Rosada para coordinar pol\u00edticas de seguridad, energ\u00eda y comercio. El encuentro marca la consolidaci\u00f3n de un eje pol\u00edtico de centroderecha que busca dinamizar la econom\u00eda regional y fortalecer la seguridad fronteriza.<\/p>\n","protected":false},"author":2,"featured_media":7907,"comment_status":"open","ping_status":"open","sticky":false,"template":"","format":"standard","meta":{"_acf_changed":false,"advanced_seo_description":"","jetpack_seo_html_title":"","jetpack_seo_noindex":false,"_jetpack_memberships_contains_paid_content":false,"footnotes":""},"categories":[10],"tags":[325,20,119,326,47,56],"class_list":["post-7906","post","type-post","status-publish","format-standard","has-post-thumbnail","hentry","category-internacionales","tag-chile","tag-destacados","tag-javier-milei","tag-kast","tag-la-libertad-avanza","tag-milei"],"acf":[],"jetpack_featured_media_url":"https:\/\/elliberador.com\/wp-content\/uploads\/2026\/04\/Captura-de-pantalla-2026-04-06-141510.webp","jetpack_sharing_enabled":true,"_links":{"self":[{"href":"https:\/\/elliberador.com\/index.php\/wp-json\/wp\/v2\/posts\/7906","targetHints":{"allow":["GET"]}}],"collection":[{"href":"https:\/\/elliberador.com\/index.php\/wp-json\/wp\/v2\/posts"}],"about":[{"href":"https:\/\/elliberador.com\/index.php\/wp-json\/wp\/v2\/types\/post"}],"author":[{"embeddable":true,"href":"https:\/\/elliberador.com\/index.php\/wp-json\/wp\/v2\/users\/2"}],"replies":[{"embeddable":true,"href":"https:\/\/elliberador.com\/index.php\/wp-json\/wp\/v2\/comments?post=7906"}],"version-history":[{"count":1,"href":"https:\/\/elliberador.com\/index.php\/wp-json\/wp\/v2\/posts\/7906\/revisions"}],"predecessor-version":[{"id":7910,"href":"https:\/\/elliberador.com\/index.php\/wp-json\/wp\/v2\/posts\/7906\/revisions\/7910"}],"wp:featuredmedia":[{"embeddable":true,"href":"https:\/\/elliberador.com\/index.php\/wp-json\/wp\/v2\/media\/7907"}],"wp:attachment":[{"href":"https:\/\/elliberador.com\/index.php\/wp-json\/wp\/v2\/media?parent=7906"}],"wp:term":[{"taxonomy":"category","embeddable":true,"href":"https:\/\/elliberador.com\/index.php\/wp-json\/wp\/v2\/categories?post=7906"},{"taxonomy":"post_tag","embeddable":true,"href":"https:\/\/elliberador.com\/index.php\/wp-json\/wp\/v2\/tags?post=7906"}],"curies":[{"name":"wp","href":"https:\/\/api.w.org\/{rel}","templated":true}]}}