{"id":7914,"date":"2026-04-09T07:13:00","date_gmt":"2026-04-09T10:13:00","guid":{"rendered":"https:\/\/elliberador.com\/?p=7914"},"modified":"2026-04-09T07:13:03","modified_gmt":"2026-04-09T10:13:03","slug":"ley-de-glaciares-el-congreso-aprobo-la-reforma-y-milei-suma-otra-victoria-para-destrabar-inversiones-y-abrir-la-economia","status":"publish","type":"post","link":"https:\/\/elliberador.com\/index.php\/2026\/04\/09\/ley-de-glaciares-el-congreso-aprobo-la-reforma-y-milei-suma-otra-victoria-para-destrabar-inversiones-y-abrir-la-economia\/","title":{"rendered":"Ley de Glaciares: el Congreso aprob\u00f3 la reforma y Milei suma otra victoria para destrabar inversiones y abrir la econom\u00eda"},"content":{"rendered":"\n<p>El gobierno de Javier Milei consigui\u00f3 este 8 de abril una nueva victoria legislativa de alto impacto pol\u00edtico y econ\u00f3mico. La C\u00e1mara de Diputados convirti\u00f3 en ley la modificaci\u00f3n de la Ley de Glaciares con <strong>137 votos a favor, 111 en contra y 3 abstenciones<\/strong>, coronando un tr\u00e1mite que ya hab\u00eda obtenido media sanci\u00f3n del Senado el <strong>26 de febrero<\/strong>, cuando fue aprobada por <strong>40 votos afirmativos, 31 negativos y 1 abstenci\u00f3n<\/strong>.<\/p>\n\n\n\n<p>La reforma apunta a corregir lo que la Casa Rosada, la Subsecretar\u00eda de Ambiente y los bloques oficialistas describieron como una norma con \u201cfalencias interpretativas\u201d que gener\u00f3 <strong>inseguridad jur\u00eddica<\/strong>, paraliz\u00f3 inversiones y lesion\u00f3 las competencias provinciales sobre sus recursos naturales. En la defensa oficial, el cambio no elimina la protecci\u00f3n ambiental: la redefine bajo criterios de <strong>funci\u00f3n h\u00eddrica efectiva<\/strong>, para concentrar la tutela sobre glaciares y geoformas periglaciares que realmente act\u00faan como reservas estrat\u00e9gicas de agua.<\/p>\n\n\n\n<p>Ese punto es central para entender por qu\u00e9 el oficialismo present\u00f3 la votaci\u00f3n como una victoria de fondo. La ley sancionada mantiene la protecci\u00f3n sobre los cuerpos efectivamente relevantes para el sistema h\u00eddrico, pero al mismo tiempo habilita una revisi\u00f3n m\u00e1s precisa de zonas que, seg\u00fan el Gobierno, hab\u00edan quedado bajo restricciones amplias y ambiguas aun cuando no cumpl\u00edan esa funci\u00f3n. Adem\u00e1s, fortalece el rol de las provincias en la evaluaci\u00f3n y en la determinaci\u00f3n de qu\u00e9 \u00e1reas quedan alcanzadas por el r\u00e9gimen, en l\u00ednea con el art\u00edculo 124 de la Constituci\u00f3n Nacional, que reconoce el dominio originario provincial sobre los recursos naturales.<\/p>\n\n\n\n<p>No es casual que el Gobierno haya ligado esta reforma al clima de negocios, a la miner\u00eda y a la apertura econ\u00f3mica. La Oficina del Presidente sostuvo desde diciembre de 2025 que la vieja redacci\u00f3n hab\u00eda frenado no solo la explotaci\u00f3n, sino incluso la <strong>prospecci\u00f3n y exploraci\u00f3n<\/strong> en proyectos productivos, mientras que la nueva norma busca ordenar el marco legal, dar previsibilidad y compatibilizar ambiente con desarrollo. En la misma l\u00ednea, el texto oficial difundido tras la sanci\u00f3n definitiva habl\u00f3 de \u201cseguridad jur\u00eddica\u201d, \u201cverdadero federalismo ambiental\u201d y una pol\u00edtica \u201cinteligente y soberana\u201d para el aprovechamiento de los recursos.<\/p>\n\n\n\n<p>En t\u00e9rminos pol\u00edticos, la aprobaci\u00f3n tambi\u00e9n representa una se\u00f1al de fortaleza para Milei. El proyecto fue impulsado por el Poder Ejecutivo, defendido por legisladores libertarios en ambas c\u00e1maras y acompa\u00f1ado por gobernadores y bloques aliados interesados en destrabar inversiones mineras estrat\u00e9gicas. Para la Casa Rosada, se trata de otro paso concreto en la hoja de ruta que combina desregulaci\u00f3n, reducci\u00f3n de obst\u00e1culos regulatorios y mayor protagonismo provincial en actividades econ\u00f3micas vinculadas a exportaciones y generaci\u00f3n de divisas.<\/p>\n\n\n\n<p>Desde el oficialismo insistieron en que la reforma no supone una renuncia a la protecci\u00f3n ambiental, sino el fin de una utilizaci\u00f3n ideol\u00f3gica de la ley anterior. El comunicado presidencial sostuvo que la redacci\u00f3n previa hab\u00eda dado lugar a \u201cinterpretaciones absurdas\u201d que bloqueaban actividades aun en lugares \u201cdonde no hab\u00eda nada que proteger\u201d, y celebr\u00f3 que los intentos de interferencia de organizaciones extranjeras y de sectores ecologistas no lograran frenar el cambio normativo.<\/p>\n\n\n\n<p>La oposici\u00f3n, sobre todo Uni\u00f3n por la Patria y la izquierda, anticip\u00f3 cuestionamientos y judicializaci\u00f3n, pero el dato pol\u00edtico ya est\u00e1 consumado: Milei logr\u00f3 sancionar una ley que toca uno de los temas m\u00e1s sensibles del debate ambiental argentino y lo hizo con una mayor\u00eda clara en Diputados. La reforma, adem\u00e1s, llega en un momento en que el Gobierno busca mostrar que su programa no se agota en el ajuste fiscal, sino que avanza sobre los marcos normativos que, a su juicio, trababan la inversi\u00f3n y el crecimiento.<\/p>\n\n\n\n<p>Con esta votaci\u00f3n, la administraci\u00f3n libertaria suma una nueva pieza a su estrategia de apertura econ\u00f3mica: menos discrecionalidad, m\u00e1s poder para las provincias y un mensaje directo a los sectores productivos de la cordillera. Para el Gobierno, la se\u00f1al es clara: Argentina quiere dejar atr\u00e1s la par\u00e1lisis regulatoria y empezar a convertir sus recursos en inversi\u00f3n, empleo y exportaciones.<\/p>\n","protected":false},"excerpt":{"rendered":"<p>Con 137 votos afirmativos en Diputados, la C\u00e1mara baja convirti\u00f3 en ley la modificaci\u00f3n de la Ley 26.639. La norma ya hab\u00eda sido aprobada por el Senado en febrero y es celebrada por el Gobierno como un paso para dar seguridad jur\u00eddica, devolver poder a las provincias y remover trabas que durante a\u00f1os frenaron proyectos productivos en zonas cordilleranas.<\/p>\n","protected":false},"author":2,"featured_media":7915,"comment_status":"open","ping_status":"open","sticky":false,"template":"","format":"standard","meta":{"_acf_changed":false,"advanced_seo_description":"","jetpack_seo_html_title":"","jetpack_seo_noindex":false,"_jetpack_memberships_contains_paid_content":false,"footnotes":""},"categories":[4],"tags":[20,47,1151,56],"class_list":["post-7914","post","type-post","status-publish","format-standard","has-post-thumbnail","hentry","category-politica","tag-destacados","tag-la-libertad-avanza","tag-ley-de-glaciares","tag-milei"],"acf":[],"jetpack_featured_media_url":"https:\/\/elliberador.com\/wp-content\/uploads\/2026\/04\/milei-glaciares.webp","jetpack_sharing_enabled":true,"_links":{"self":[{"href":"https:\/\/elliberador.com\/index.php\/wp-json\/wp\/v2\/posts\/7914","targetHints":{"allow":["GET"]}}],"collection":[{"href":"https:\/\/elliberador.com\/index.php\/wp-json\/wp\/v2\/posts"}],"about":[{"href":"https:\/\/elliberador.com\/index.php\/wp-json\/wp\/v2\/types\/post"}],"author":[{"embeddable":true,"href":"https:\/\/elliberador.com\/index.php\/wp-json\/wp\/v2\/users\/2"}],"replies":[{"embeddable":true,"href":"https:\/\/elliberador.com\/index.php\/wp-json\/wp\/v2\/comments?post=7914"}],"version-history":[{"count":1,"href":"https:\/\/elliberador.com\/index.php\/wp-json\/wp\/v2\/posts\/7914\/revisions"}],"predecessor-version":[{"id":7916,"href":"https:\/\/elliberador.com\/index.php\/wp-json\/wp\/v2\/posts\/7914\/revisions\/7916"}],"wp:featuredmedia":[{"embeddable":true,"href":"https:\/\/elliberador.com\/index.php\/wp-json\/wp\/v2\/media\/7915"}],"wp:attachment":[{"href":"https:\/\/elliberador.com\/index.php\/wp-json\/wp\/v2\/media?parent=7914"}],"wp:term":[{"taxonomy":"category","embeddable":true,"href":"https:\/\/elliberador.com\/index.php\/wp-json\/wp\/v2\/categories?post=7914"},{"taxonomy":"post_tag","embeddable":true,"href":"https:\/\/elliberador.com\/index.php\/wp-json\/wp\/v2\/tags?post=7914"}],"curies":[{"name":"wp","href":"https:\/\/api.w.org\/{rel}","templated":true}]}}