{"id":7917,"date":"2026-04-09T09:45:42","date_gmt":"2026-04-09T12:45:42","guid":{"rendered":"https:\/\/elliberador.com\/?p=7917"},"modified":"2026-04-09T09:45:44","modified_gmt":"2026-04-09T12:45:44","slug":"la-mentira-del-agua-como-la-izquierda-tergiversa-la-ley-de-glaciares-para-frenar-el-desarrollo-economico-argentino","status":"publish","type":"post","link":"https:\/\/elliberador.com\/index.php\/2026\/04\/09\/la-mentira-del-agua-como-la-izquierda-tergiversa-la-ley-de-glaciares-para-frenar-el-desarrollo-economico-argentino\/","title":{"rendered":"La mentira del agua: c\u00f3mo la izquierda tergiversa la Ley de Glaciares para frenar el desarrollo econ\u00f3mico argentino"},"content":{"rendered":"\n<p><strong>La campa\u00f1a comenz\u00f3 con el mismo cuento de siempre.<\/strong> Apenas el gobierno anunci\u00f3 la modificaci\u00f3n de la ley de glaciares, la izquierda despleg\u00f3 su maquinaria de desinformaci\u00f3n: \u00abMilei va a destruir todos los glaciares\u00bb, \u00abnos vamos a quedar sin agua\u00bb, \u00abentregan el patrimonio a la megaminer\u00eda\u00bb. Frases vac\u00edas, repetidas hasta el cansancio, que buscan el efecto emocional antes que el an\u00e1lisis racional. Pero los hechos son tercos, y la ley, en su texto, desmiente a los alarmistas.<\/p>\n\n\n\n<p><strong class=\"\">Lo que realmente dice la reforma.<\/strong> El nuevo art\u00edculo 1 establece con claridad meridiana: <strong>\u00abLos glaciares se preservan como reserva estrat\u00e9gica de recursos h\u00eddricos para el consumo humano y la agricultura\u00bb<\/strong>. El art\u00edculo 6 mantiene la prohibici\u00f3n expresa de miner\u00eda y contaminaci\u00f3n en los glaciares que cumplen funci\u00f3n h\u00eddrica. Es decir: el agua no se toca, la protecci\u00f3n no desaparece, y los recursos h\u00eddricos estrat\u00e9gicos siguen blindados. \u00bfEntonces qu\u00e9 cambia? Simplemente se termina la prohibici\u00f3n absurda y generalizada que equiparaba un glaciar activo con una roca congelada sin valor h\u00eddrico alguno.<\/p>\n\n\n\n<p><strong>El federalismo constitucional recuperado.<\/strong> La Constituci\u00f3n Nacional, en su art\u00edculo 124, establece que los recursos naturales son propiedad de las provincias. La reforma devuelve esa competencia: ser\u00e1n los gobiernos provinciales, con estudios de impacto ambiental, quienes determinen si un cuerpo de hielo o permafrost cumple funci\u00f3n h\u00eddrica relevante o puede habilitarse para actividad productiva. No es que \u00abcada gobernador defina qu\u00e9 es un glaciar\u00bb \u2014como miente la oposici\u00f3n\u2014 sino que se descentraliza la decisi\u00f3n t\u00e9cnica sobre el desarrollo territorial.<\/p>\n\n\n\n<p><strong class=\"\">\u00bfPor qu\u00e9 el esc\u00e1ndalo?<\/strong> Porque provincias como Salta, Jujuy, Catamarca, San Juan y Mendoza pidieron esta reforma para desbloquear inversiones mineras paralizadas por una ley que confund\u00eda glaciares con geoformas inactivas. Si un \u00e1rea periglacial no aporta agua, ahora podr\u00e1 usarse para extraer litio y cobre, generar empleo genuino y captar divisas que el pa\u00eds necesita desesperadamente. Eso es lo que enfurece a la izquierda: no la p\u00e9rdida de protecci\u00f3n ambiental, sino la p\u00e9rdida de su poder de veto sobre el progreso ajeno.<\/p>\n\n\n\n<p><strong>Las falacias desmontadas.<\/strong> La izquierda acusa a la reforma de ser \u00abanticiencia\u00bb, pero la ciencia glaciol\u00f3gica distingue entre tipos de cuerpos de hielo con diferente sensibilidad y comportamiento h\u00eddrico. La izquierda habla de \u00ab17.000 glaciares en peligro\u00bb, pero ese n\u00famero es el inventario total, no la cantidad efectivamente amenazada por proyectos mineros. La izquierda grita \u00abley pedida por Estados Unidos\u00bb, pero ni el mensaje oficial ni los fundamentos mencionan a Washington; la justificaci\u00f3n es federalismo y pedidos de gobernadores provinciales. Cada argumento suyo se deshace al contacto con la realidad.<\/p>\n\n\n\n<p><strong>Pero hay algo m\u00e1s grave que la mentira sobre el agua.<\/strong> Esta misma izquierda que se encadena a los glaciares defendiendo supuestamente el inter\u00e9s nacional, ha defendido siempre al enemigo que derram\u00f3 sangre argentina en las calles. El r\u00e9gimen de Ir\u00e1n, responsable de los atentados a la Embajada de Israel en 1992 \u201429 muertos, 242 heridos\u2014 y a la AMIA en 1994 \u201485 muertos, cientos de heridos\u2014 cuenta con la complicidad ideol\u00f3gica de quienes hoy lloran por pedazos de hielo. Son capaces de bloquear una mina de litio en Jujuy porque una roca \u00abpodr\u00eda\u00bb tener valor h\u00eddrico, pero son incapaces de condenar al terrorismo iran\u00ed que asesin\u00f3 a sus compatriotas. Se manifiestan por la soberanidad mientras defienden al agresor extranjero que masacr\u00f3 argentinos.<\/p>\n\n\n\n<p><strong>La coherencia de la traici\u00f3n.<\/strong> Esta contradicci\u00f3n no es casual. La izquierda que defiende a Ir\u00e1n \u2014ese r\u00e9gimen teocr\u00e1tico musulm\u00e1n que financia el terrorismo global\u2014 es la misma que sirve a la Agenda 2030, otro proyecto extranjero que busca regular la producci\u00f3n y el consumo de los pa\u00edses perif\u00e9ricos. Son los primeros en exigir sacrificios ambientales que ellos no practican, los que aplauden acuerdos de Par\u00eds que benefician a China y castigan a la industria nacional, los que viajan en jets privados a conferencias clim\u00e1ticas para regresar y bloquear desarrollo en Catamarca. Su ambientalismo es selectivo: funciona contra el progreso argentino, nunca contra los intereses globales que realmente contaminan.<\/p>\n\n\n\n<p><strong>La agenda de la pobreza.<\/strong> Los \u00abcucas\u00bb \u2014como se les conoce en Argentina\u2014 prefieren que la Argentina importe litio y cobre antes de producirlos. Prefieren que San Juan permanezca pobre antes de permitir que una empresa minera genere trabajo en blanco. Prefieren el abrazo simb\u00f3lico a la monta\u00f1a antes que el abrazo real a un trabajador con sueldo digno. Y lo hacen mientras defienden a quienes mataron argentinos, demostrando que su patriotismo es de cart\u00f3n, \u00fatil solo para el relato callejero, nunca para la defensa real de la patria.<\/p>\n\n\n\n<p>La miner\u00eda necesita controles ambientales, claro est\u00e1. El Estado debe generar recursos para fiscalizar. Pero la prohibici\u00f3n total, el veto ideol\u00f3gico, la confusi\u00f3n deliberada entre protecci\u00f3n h\u00eddrica y obstrucci\u00f3n productiva, solo sirven para mantener al pa\u00eds en la pobreza estructural. La izquierda lo sabe: por eso miente sobre el agua, por eso defiende a Ir\u00e1n, por eso sirve a intereses que nada tienen que ver con el bienestar del argentino com\u00fan.<\/p>\n\n\n\n<p>La ley de glaciares reformada no es un atentado contra la naturaleza. Es un paso hacia el federalismo real, el desarrollo minero responsable y la generaci\u00f3n de riqueza en provincias postergadas. Los que lloran saben que se les acaba el negocio de la protesta permanente. Y saben, sobre todo, que ya no pueden ocultar su verdadera cara: la de quienes eligieron siempre al enemigo extranjero antes que al desarrollo nacional.<\/p>\n\n\n\n<p><\/p>\n","protected":false},"excerpt":{"rendered":"<p>La reforma no toca la protecci\u00f3n h\u00eddrica ni elimina salvaguardas ambientales, pero la izquierda prefiere defender a Ir\u00e1n \u2014enemigo de Argentina y asesino de sus ciudadanos\u2014 antes que permitir el desarrollo econ\u00f3mico nacional<\/p>\n","protected":false},"author":2,"featured_media":7918,"comment_status":"open","ping_status":"open","sticky":false,"template":"","format":"standard","meta":{"_acf_changed":false,"advanced_seo_description":"","jetpack_seo_html_title":"","jetpack_seo_noindex":false,"_jetpack_memberships_contains_paid_content":false,"footnotes":""},"categories":[4],"tags":[434,20,1254,56],"class_list":["post-7917","post","type-post","status-publish","format-standard","has-post-thumbnail","hentry","category-politica","tag-agenda-2030","tag-destacados","tag-ley-glaciares","tag-milei"],"acf":[],"jetpack_featured_media_url":"https:\/\/elliberador.com\/wp-content\/uploads\/2026\/04\/grabois-thunberg-glaciares.webp","jetpack_sharing_enabled":true,"_links":{"self":[{"href":"https:\/\/elliberador.com\/index.php\/wp-json\/wp\/v2\/posts\/7917","targetHints":{"allow":["GET"]}}],"collection":[{"href":"https:\/\/elliberador.com\/index.php\/wp-json\/wp\/v2\/posts"}],"about":[{"href":"https:\/\/elliberador.com\/index.php\/wp-json\/wp\/v2\/types\/post"}],"author":[{"embeddable":true,"href":"https:\/\/elliberador.com\/index.php\/wp-json\/wp\/v2\/users\/2"}],"replies":[{"embeddable":true,"href":"https:\/\/elliberador.com\/index.php\/wp-json\/wp\/v2\/comments?post=7917"}],"version-history":[{"count":1,"href":"https:\/\/elliberador.com\/index.php\/wp-json\/wp\/v2\/posts\/7917\/revisions"}],"predecessor-version":[{"id":7919,"href":"https:\/\/elliberador.com\/index.php\/wp-json\/wp\/v2\/posts\/7917\/revisions\/7919"}],"wp:featuredmedia":[{"embeddable":true,"href":"https:\/\/elliberador.com\/index.php\/wp-json\/wp\/v2\/media\/7918"}],"wp:attachment":[{"href":"https:\/\/elliberador.com\/index.php\/wp-json\/wp\/v2\/media?parent=7917"}],"wp:term":[{"taxonomy":"category","embeddable":true,"href":"https:\/\/elliberador.com\/index.php\/wp-json\/wp\/v2\/categories?post=7917"},{"taxonomy":"post_tag","embeddable":true,"href":"https:\/\/elliberador.com\/index.php\/wp-json\/wp\/v2\/tags?post=7917"}],"curies":[{"name":"wp","href":"https:\/\/api.w.org\/{rel}","templated":true}]}}