{"id":7920,"date":"2026-04-09T11:28:46","date_gmt":"2026-04-09T14:28:46","guid":{"rendered":"https:\/\/elliberador.com\/?p=7920"},"modified":"2026-04-09T11:28:55","modified_gmt":"2026-04-09T14:28:55","slug":"historico-la-universidad-nacional-de-rosario-ya-tiene-representantes-libertarios-en-sus-filas","status":"publish","type":"post","link":"https:\/\/elliberador.com\/index.php\/2026\/04\/09\/historico-la-universidad-nacional-de-rosario-ya-tiene-representantes-libertarios-en-sus-filas\/","title":{"rendered":"Hist\u00f3rico: la Universidad Nacional de Rosario ya tiene representantes libertarios en sus filas"},"content":{"rendered":"\n<p><strong>La violencia no pudo contra las urnas, pero lo intentaron todo.<\/strong> En la Universidad Nacional de Rosario, militantes de la izquierda intentaron impedir a golpes, destrozos y agresiones f\u00edsicas la elecci\u00f3n de consejeros y secretarios estudiantiles. Los videos virales registraron la verg\u00fcenza: la Facultad de Ciencias Pol\u00edticas \u2014esa \u00abSiberia\u00bb donde el marxismo se cultiva como religi\u00f3n teocr\u00e1tica violenta al estilo La-Shar\u00eda ayatol\u00e1\u2014 fue escenario de ataques contra las mesas electorales y brutalidades contra estudiantes libertarios que solo quer\u00edan darle una nueva propuesta a los estudiantes universitarios. Pero el miedo no vot\u00f3: Universitarios Por la Libertad (UPL) se impuso como tercera fuerza en los centros de estudio, instalando representantes propios en las filas de la casa de altos estudios.<\/p>\n\n\n\n<p>El resultado marca un punto de inflexi\u00f3n hist\u00f3rico. Por primera vez en d\u00e9cadas, el monopolio ideol\u00f3gico de los colectivos estatistas \u2014que usaron el poder de los centros de estudiantes como trampol\u00edn pol\u00edtico y caja de resonancia del socialismo acad\u00e9mico\u2014 sufre una fisura real. La irrupci\u00f3n libertaria en la UNR demuestra que los j\u00f3venes empiezan a rechazar el paquete ideol\u00f3gico de la violencia callejera y el discurso victimista.<\/p>\n\n\n\n<p>El triunfo de UPL no fue casual: cont\u00f3 con el apoyo incondicional de la presidente de La Libertad Avanza Santa Fe, la diputada Romina Diez, que entendi\u00f3 que la batalla cultural se gana en las aulas. Este respaldo local se enmarca en la agenda nacional impulsada por Karina Milei, que apuesta a las juventudes como futuro y proyecto de largo plazo para cambiar la matriz cultural de un pa\u00eds contaminado por el socialismo estructural y la pobreza que ello acarrea.<\/p>\n\n\n\n<p>La izquierda respondi\u00f3 como siempre lo hace cuando pierde el control: con pu\u00f1os y vandalismo en la Siberia. Pero esta vez no alcanz\u00f3. Que UPL haya entrado al consejo directivo y a las secretar\u00edas es una se\u00f1al de que la batalla por las ideas ya no es territorio exclusivo de quienes quieren transformar las universidades en cuarteles pol\u00edticos.<\/p>\n\n\n\n<p>Los estudiantes libertarios lograron lo que parec\u00eda imposible: sentar en la mesa acad\u00e9mica a quienes defienden la libre empresa, la propiedad privada y el m\u00e9rito, frente a quienes solo saben imponer sus ideas a trav\u00e9s del miedo y la agresi\u00f3n. Con el respaldo de Romina Diez y la visi\u00f3n de Karina Milei, la libertad conquist\u00f3 su primer basti\u00f3n en la UNR.<\/p>\n","protected":false},"excerpt":{"rendered":"<p>Pese a la violencia de la izquierda que intent\u00f3 boicotear las elecciones con ataques f\u00edsicos y destrozos contra las mesas, upl se impuso como tercera fuerza y rompi\u00f3 la hegemon\u00eda estatista en los centros de estudiantes<\/p>\n","protected":false},"author":2,"featured_media":7921,"comment_status":"open","ping_status":"open","sticky":false,"template":"","format":"standard","meta":{"_acf_changed":false,"advanced_seo_description":"","jetpack_seo_html_title":"","jetpack_seo_noindex":false,"_jetpack_memberships_contains_paid_content":false,"footnotes":""},"categories":[1110],"tags":[20,56,135,1255,1197],"class_list":["post-7920","post","type-post","status-publish","format-standard","has-post-thumbnail","hentry","category-educacion","tag-destacados","tag-milei","tag-romina-diez","tag-unr","tag-upl"],"acf":[],"jetpack_featured_media_url":"https:\/\/elliberador.com\/wp-content\/uploads\/2026\/04\/UPL-Romina.webp","jetpack_sharing_enabled":true,"_links":{"self":[{"href":"https:\/\/elliberador.com\/index.php\/wp-json\/wp\/v2\/posts\/7920","targetHints":{"allow":["GET"]}}],"collection":[{"href":"https:\/\/elliberador.com\/index.php\/wp-json\/wp\/v2\/posts"}],"about":[{"href":"https:\/\/elliberador.com\/index.php\/wp-json\/wp\/v2\/types\/post"}],"author":[{"embeddable":true,"href":"https:\/\/elliberador.com\/index.php\/wp-json\/wp\/v2\/users\/2"}],"replies":[{"embeddable":true,"href":"https:\/\/elliberador.com\/index.php\/wp-json\/wp\/v2\/comments?post=7920"}],"version-history":[{"count":1,"href":"https:\/\/elliberador.com\/index.php\/wp-json\/wp\/v2\/posts\/7920\/revisions"}],"predecessor-version":[{"id":7922,"href":"https:\/\/elliberador.com\/index.php\/wp-json\/wp\/v2\/posts\/7920\/revisions\/7922"}],"wp:featuredmedia":[{"embeddable":true,"href":"https:\/\/elliberador.com\/index.php\/wp-json\/wp\/v2\/media\/7921"}],"wp:attachment":[{"href":"https:\/\/elliberador.com\/index.php\/wp-json\/wp\/v2\/media?parent=7920"}],"wp:term":[{"taxonomy":"category","embeddable":true,"href":"https:\/\/elliberador.com\/index.php\/wp-json\/wp\/v2\/categories?post=7920"},{"taxonomy":"post_tag","embeddable":true,"href":"https:\/\/elliberador.com\/index.php\/wp-json\/wp\/v2\/tags?post=7920"}],"curies":[{"name":"wp","href":"https:\/\/api.w.org\/{rel}","templated":true}]}}