{"id":7923,"date":"2026-04-09T12:49:05","date_gmt":"2026-04-09T15:49:05","guid":{"rendered":"https:\/\/elliberador.com\/?p=7923"},"modified":"2026-04-09T12:49:08","modified_gmt":"2026-04-09T15:49:08","slug":"aleart-a-el-liberador-unidos-descubrio-el-problema-de-los-trapitos-cuando-aparecio-la-libertad-avanza","status":"publish","type":"post","link":"https:\/\/elliberador.com\/index.php\/2026\/04\/09\/aleart-a-el-liberador-unidos-descubrio-el-problema-de-los-trapitos-cuando-aparecio-la-libertad-avanza\/","title":{"rendered":"Aleart a El Liberador: \u00abUnidos descubri\u00f3 el problema de los trapitos cuando apareci\u00f3 La Libertad Avanza\u00bb"},"content":{"rendered":"\n<p>Rosario discute por estas horas algo mucho m\u00e1s profundo que un simple tema de tr\u00e1nsito. Lo que est\u00e1 en debate es si la ciudad va a seguir aceptando que el espacio p\u00fablico quede en manos de grupos que, bajo la excusa de \u201ccuidar\u201d autos, operan muchas veces como una estructura de coerci\u00f3n callejera, o si por fin se va a poner del lado del vecino que trabaja, circula y estaciona sin querer pagar un peaje del miedo.<\/p>\n\n\n\n<p>Porque \u00e9sa es la verdad que durante a\u00f1os la pol\u00edtica local prefiri\u00f3 no decir: el auto, en la enorme mayor\u00eda de los casos, estar\u00eda bien si el trapito no estuviera ah\u00ed. El riesgo aparece justamente cuando aparece \u00e9l. Cuando se niega el pago. Cuando el conductor decide no entregar plata. Ah\u00ed llega la amenaza velada, el apriete, la posibilidad de un ray\u00f3n, un espejo roto o algo peor. No es \u201ccuidado\u201d. Es extorsi\u00f3n con est\u00e9tica de informalidad.<\/p>\n\n\n\n<p>En di\u00e1logo con <em>El Liberador<\/em>, <strong>Juan Pedro Aleart<\/strong> fue directo a ese punto y tambi\u00e9n a otro que incomoda al oficialismo: durante a\u00f1os gobernaron la ciudad y tuvieron mayor\u00eda pol\u00edtica, pero nunca resolvieron el problema. Seg\u00fan plante\u00f3, reci\u00e9n ahora, con la llegada de La Libertad Avanza y con la prohibici\u00f3n de cuidacoches instalada como bandera de campa\u00f1a, el resto del sistema pol\u00edtico empez\u00f3 a moverse. Aleart remarc\u00f3 que el oficialismo \u201ctuvo mayor\u00eda durante a\u00f1os\u201d y que \u201cpodr\u00edan haberlo sacado hace un mont\u00f3n y no lo hicieron\u201d, para despu\u00e9s agregar que la reacci\u00f3n lleg\u00f3 \u201cjusto al a\u00f1o siguiente, cuando asume La Libertad Avanza en los \u00f3rganos legislativos\u201d.<\/p>\n\n\n\n<figure class=\"wp-block-image size-full\"><img fetchpriority=\"high\" decoding=\"async\" width=\"870\" height=\"580\" src=\"https:\/\/elliberador.com\/wp-content\/uploads\/2026\/04\/trapito.webp\" alt=\"\" class=\"wp-image-7927\" srcset=\"https:\/\/elliberador.com\/wp-content\/uploads\/2026\/04\/trapito.webp 870w, https:\/\/elliberador.com\/wp-content\/uploads\/2026\/04\/trapito-300x200.webp 300w, https:\/\/elliberador.com\/wp-content\/uploads\/2026\/04\/trapito-768x512.webp 768w\" sizes=\"(max-width: 870px) 100vw, 870px\" \/><\/figure>\n\n\n\n<p>Ese se\u00f1alamiento pega donde duele porque expone el oportunismo de un enjambre de partidos que no gobierna con convicciones, sino persiguiendo el clima de \u00e9poca. La Capital inform\u00f3 que hoy conviven en el Concejo al menos siete iniciativas sobre trapitos: algunas van por la prohibici\u00f3n y otras por el registro, la identificaci\u00f3n y la \u201cinserci\u00f3n sociolaboral\u201d. Es decir, Rosario todav\u00eda discute entre el orden y la administraci\u00f3n del desorden.<\/p>\n\n\n\n<p>La l\u00ednea de Aleart, en cambio, es mucho m\u00e1s clara. En la charla con <em>El Liberador<\/em> sostuvo que el actual sistema municipal fracas\u00f3 porque se limita a aplicar multas econ\u00f3micas que no cambian nada. Incluso cont\u00f3 que, ante una pregunta suya, el propio secretario de Control reconoci\u00f3 que el municipio no cobr\u00f3 ni una sola de esas multas. \u201cLo que hay hoy no sirve para nada\u201d, resumi\u00f3 Aleart, antes de insistir con que las sanciones econ\u00f3micas \u201cno sirven para nada\u201d porque \u201cno las pagan\u201d.<\/p>\n\n\n\n<p>Y ah\u00ed aparece el coraz\u00f3n de su propuesta. Aleart distingue dos planos. Cuando hay amenaza, da\u00f1o, extorsi\u00f3n o agresi\u00f3n, debe intervenir la justicia penal provincial. Pero cuando no hay delito penal consumado, aunque s\u00ed una violaci\u00f3n reiterada de la prohibici\u00f3n municipal, sostiene que Rosario tiene que darle al juez de faltas una herramienta real para actuar. Seg\u00fan explic\u00f3 a <em>El Liberador<\/em>, si el cuidacoche es retirado una y otra vez y vuelve al mismo lugar, la reiterancia no puede seguir resolvi\u00e9ndose con un simple acta. Por eso propone <strong>arresto<\/strong> como sanci\u00f3n municipal en determinados casos, con debido proceso y defensa, y adem\u00e1s reclama que el municipio no deje solo al vecino, sino que denuncie penalmente y empuje las causas cuando haya delitos.<\/p>\n\n\n\n<p>Incluso fue un paso m\u00e1s all\u00e1 frente a la objeci\u00f3n habitual de la falta de lugar en c\u00e1rceles: plante\u00f3 que esa dificultad puede resolverse con <strong>tobilleras electr\u00f3nicas<\/strong> u otras variantes de cumplimiento, y dej\u00f3 en evidencia una contradicci\u00f3n del oficialismo. Porque si desde otros sectores tambi\u00e9n piden arresto en el plano provincial, el problema log\u00edstico es exactamente el mismo para todos. La diferencia es que Aleart quiere que Rosario deje de esconderse detr\u00e1s de excusas competenciales y asuma su parte.<\/p>\n\n\n\n<figure class=\"wp-block-image size-full\"><img decoding=\"async\" width=\"850\" height=\"439\" src=\"https:\/\/elliberador.com\/wp-content\/uploads\/2026\/04\/trapitos-pelea.jpg\" alt=\"\" class=\"wp-image-7928\" srcset=\"https:\/\/elliberador.com\/wp-content\/uploads\/2026\/04\/trapitos-pelea.jpg 850w, https:\/\/elliberador.com\/wp-content\/uploads\/2026\/04\/trapitos-pelea-300x155.jpg 300w, https:\/\/elliberador.com\/wp-content\/uploads\/2026\/04\/trapitos-pelea-768x397.jpg 768w\" sizes=\"(max-width: 850px) 100vw, 850px\" \/><figcaption class=\"wp-element-caption\">Pelea entre trapitos<\/figcaption><\/figure>\n\n\n\n<p>En esa misma l\u00ednea, Aleart tambi\u00e9n fue tajante sobre la discusi\u00f3n jur\u00eddica. Dijo que Rosario <strong>debe dictar sus propias normas<\/strong> y rechaz\u00f3 la idea de que alcance con adherir a una eventual ley provincial. En sus palabras, si la ciudad se limita a adherir sin legislar por s\u00ed misma, entonces cabe preguntar \u201c\u00bfpara qu\u00e9 nos eligieron?\u201d. No es un detalle t\u00e9cnico: es una discusi\u00f3n sobre autonom\u00eda, responsabilidad pol\u00edtica y voluntad de gobernar.<\/p>\n\n\n\n<p>La referencia provincial existe y es importante. El Senado santafesino ya dio media sanci\u00f3n al proyecto impulsado por <strong>Ciro Seisas<\/strong>, que incorpora la prohibici\u00f3n de la actividad al C\u00f3digo de Convivencia y prev\u00e9 penas que pueden llegar al arresto, adem\u00e1s de habilitar la actuaci\u00f3n de oficio de polic\u00edas y municipios. El propio Seisas lo present\u00f3 como una respuesta para una sociedad \u201ccansada de ser reh\u00e9n de la extorsi\u00f3n\u201d.<\/p>\n\n\n\n<p>Pero Aleart le marc\u00f3 a <em>El Liberador<\/em> otro punto pol\u00edtico: reconoce que Seisas present\u00f3 su proyecto el a\u00f1o pasado, pero subraya que lo hizo <strong>despu\u00e9s<\/strong> de que La Libertad Avanza hubiera instalado la prohibici\u00f3n de los cuidacoches como eje de campa\u00f1a, cuando ellos todav\u00eda ni siquiera hab\u00edan asumido y por lo tanto no pod\u00edan presentar iniciativas propias. La lectura libertaria es clara: el oficialismo no lider\u00f3 la agenda, la sigui\u00f3.<\/p>\n\n\n\n<p>Ese contraste se vuelve todav\u00eda m\u00e1s fuerte cuando se revisan los antecedentes de la pol\u00edtica rosarina frente a los trapitos. En 2016, RosarioPlus reconstruy\u00f3 dos caminos opuestos: mientras sectores del PRO hablaban de prohibir, <strong>Ciudad Futura<\/strong>, con <strong>Juan Monteverde<\/strong> entre sus referentes, propon\u00eda crear un \u201cPrograma Social de Estacionamiento Cuidado\u201d para incorporar a los cuidacoches a un sistema municipalizado, con registro, monotributo social y reparto de la recaudaci\u00f3n entre el municipio y los propios trabajadores informales. No era terminar con la l\u00f3gica del trapito: era formalizarla para hacer negocio con ellos.<\/p>\n\n\n\n<figure class=\"wp-block-video\"><video height=\"1080\" style=\"aspect-ratio: 2592 \/ 1080;\" width=\"2592\" controls src=\"https:\/\/elliberador.com\/wp-content\/uploads\/2026\/04\/Monteverde-trapitos.mp4\"><\/video><\/figure>\n\n\n\n<p>Y ah\u00ed aparece la fractura ideol\u00f3gica de fondo. Para el liberalismo, la ley existe para proteger al ciudadano frente a la coacci\u00f3n, no para convertir en pol\u00edtica p\u00fablica una pr\u00e1ctica nacida de la apropiaci\u00f3n irregular del espacio p\u00fablico. En cambio, el reflejo estatista de Rosario durante a\u00f1os fue exactamente el contrario: cuando no pudo resolver el abuso, intent\u00f3 regularlo; cuando no pudo erradicar la extorsi\u00f3n informal, busc\u00f3 administrarla; cuando no supo c\u00f3mo recuperar la calle, amag\u00f3 con darle credencial, padr\u00f3n y caja.<\/p>\n\n\n\n<p>Por eso el \u201cplan Aleart\u201d incomoda tanto. Porque no ofrece una convivencia prolija con el problema, sino una impugnaci\u00f3n frontal. No acepta que el trapito sea un trabajador urbano m\u00e1s. No compra la idea rom\u00e1ntica del excluido que presta un servicio. Y no se suma al verso municipal de las mesas de di\u00e1logo eternas mientras el vecino sigue quedando a merced del miedo. Lo que propone es algo mucho m\u00e1s elemental: que la calle vuelva a ser de los rosarinos y no de quienes la ocupan para cobrar por no hacer da\u00f1o.<\/p>\n","protected":false},"excerpt":{"rendered":"<p>En di\u00e1logo con El Liberador, Juan Pedro Aleart defendi\u00f3 la prohibici\u00f3n de los cuidacoches, cuestion\u00f3 la inacci\u00f3n del oficialismo y sostuvo que las multas actuales \u201cno sirven para nada\u201d porque no se cobra ninguna. Su planteo va m\u00e1s all\u00e1 del eslogan: propone arresto para reincidentes, denuncia penal obligatoria cuando haya delito y una ordenanza propia de Rosario. Del otro lado, quedan expuestos quienes durante a\u00f1os convivieron con el problema o incluso buscaron integrar a los trapitos al sistema municipal.<\/p>\n","protected":false},"author":2,"featured_media":7925,"comment_status":"open","ping_status":"open","sticky":false,"template":"","format":"standard","meta":{"_acf_changed":false,"advanced_seo_description":"","jetpack_seo_html_title":"","jetpack_seo_noindex":false,"_jetpack_memberships_contains_paid_content":false,"footnotes":""},"categories":[4],"tags":[20,1256,56],"class_list":["post-7923","post","type-post","status-publish","format-standard","has-post-thumbnail","hentry","category-politica","tag-destacados","tag-juan-pedro-aleart","tag-milei"],"acf":[],"jetpack_featured_media_url":"https:\/\/elliberador.com\/wp-content\/uploads\/2026\/04\/Aleart-1.webp","jetpack_sharing_enabled":true,"_links":{"self":[{"href":"https:\/\/elliberador.com\/index.php\/wp-json\/wp\/v2\/posts\/7923","targetHints":{"allow":["GET"]}}],"collection":[{"href":"https:\/\/elliberador.com\/index.php\/wp-json\/wp\/v2\/posts"}],"about":[{"href":"https:\/\/elliberador.com\/index.php\/wp-json\/wp\/v2\/types\/post"}],"author":[{"embeddable":true,"href":"https:\/\/elliberador.com\/index.php\/wp-json\/wp\/v2\/users\/2"}],"replies":[{"embeddable":true,"href":"https:\/\/elliberador.com\/index.php\/wp-json\/wp\/v2\/comments?post=7923"}],"version-history":[{"count":1,"href":"https:\/\/elliberador.com\/index.php\/wp-json\/wp\/v2\/posts\/7923\/revisions"}],"predecessor-version":[{"id":7929,"href":"https:\/\/elliberador.com\/index.php\/wp-json\/wp\/v2\/posts\/7923\/revisions\/7929"}],"wp:featuredmedia":[{"embeddable":true,"href":"https:\/\/elliberador.com\/index.php\/wp-json\/wp\/v2\/media\/7925"}],"wp:attachment":[{"href":"https:\/\/elliberador.com\/index.php\/wp-json\/wp\/v2\/media?parent=7923"}],"wp:term":[{"taxonomy":"category","embeddable":true,"href":"https:\/\/elliberador.com\/index.php\/wp-json\/wp\/v2\/categories?post=7923"},{"taxonomy":"post_tag","embeddable":true,"href":"https:\/\/elliberador.com\/index.php\/wp-json\/wp\/v2\/tags?post=7923"}],"curies":[{"name":"wp","href":"https:\/\/api.w.org\/{rel}","templated":true}]}}