{"id":7924,"date":"2026-04-09T13:11:35","date_gmt":"2026-04-09T16:11:35","guid":{"rendered":"https:\/\/elliberador.com\/?p=7924"},"modified":"2026-04-09T13:39:32","modified_gmt":"2026-04-09T16:39:32","slug":"tragedia-evitable-un-nino-de-4-anos-murio-tras-ser-entregado-a-su-madre-pese-a-multiples-alertas-judiciales","status":"publish","type":"post","link":"https:\/\/elliberador.com\/index.php\/2026\/04\/09\/tragedia-evitable-un-nino-de-4-anos-murio-tras-ser-entregado-a-su-madre-pese-a-multiples-alertas-judiciales\/","title":{"rendered":"Tragedia evitable: un ni\u00f1o de 4 a\u00f1os muri\u00f3 tras ser entregado a su madre pese a m\u00faltiples alertas judiciales"},"content":{"rendered":"\n<p>Conmoci\u00f3n en Comodoro Rivadavia : la muerte de \u00c1ngel, un ni\u00f1o de apenas 4 a\u00f1os, volvi\u00f3 a poner en el centro del debate el funcionamiento del sistema judicial y de protecci\u00f3n de la infancia. El caso, atravesado por denuncias previas, advertencias ignoradas y decisiones cuestionadas, expone una cadena de fallas que termin\u00f3 de la peor manera: con la p\u00e9rdida de una vida que, seg\u00fan allegados, podr\u00eda haberse evitado.<\/p>\n\n\n\n<p>De acuerdo con el entorno familiar, <strong>el padre del menor hab\u00eda realizado reiteradas denuncias en las que advert\u00eda sobre posibles situaciones de riesgo si el ni\u00f1o quedaba bajo el cuidado de su madre<\/strong>. Estas presentaciones inclu\u00edan se\u00f1alamientos sobre el estado emocional de la mujer, posibles conductas violentas y un contexto que, a criterio del denunciante, no garantizaba la seguridad del menor.<\/p>\n\n\n\n<p>Sin embargo, pese a estas alertas, la Justicia resolvi\u00f3 otorgar la custodia a la madre. La decisi\u00f3n, que hoy genera fuertes cuestionamientos, habr\u00eda desestimado informes y advertencias previas, priorizando otros criterios que ahora son objeto de revisi\u00f3n p\u00fablica.    <\/p>\n\n\n\n<p>El desenlace fue tr\u00e1gico. \u00c1ngel muri\u00f3 en circunstancias que a\u00fan son materia de investigaci\u00f3n, pero que, seg\u00fan las primeras reconstrucciones, estar\u00edan vinculadas directamente al entorno en el que hab\u00eda sido ubicado por orden judicial, aseguran haber tenido m\u00faltiples golpes internos.<\/p>\n\n\n\n<p>La\u00a0<strong>madrastra\u00a0<\/strong>del ni\u00f1o, Lorena Andrade, realiz\u00f3 fuertes declaraciones y\u00a0<strong>apunt\u00f3 directamente contra la madre biol\u00f3gica\u00a0<\/strong>y su entorno. \u201cA \u00c1ngel lo sacaron de un lugar donde estaba bien<strong>\u00a0para llevarlo a un lugar de tortura<\/strong>. A \u00c1ngel lo mataron\u201d, afirm\u00f3.<\/p>\n\n\n\n<p>El caso gener\u00f3 conmoci\u00f3n y reaviv\u00f3 cr\u00edticas hacia los organismos encargados de proteger a ni\u00f1os, ni\u00f1as y adolescentes. Especialistas en derecho de familia advierten que no se trata de un hecho aislado, sino de una problem\u00e1tica estructural donde muchas veces las se\u00f1ales de alerta no son correctamente evaluadas o no se act\u00faa con la celeridad necesaria. <\/p>\n\n\n\n<p>\u201cCuando hay denuncias reiteradas, informes y antecedentes, el principio de prevenci\u00f3n deber\u00eda ser central. El sistema no puede permitirse errores en estos casos\u201d, se\u00f1al\u00f3 una fuente vinculada al \u00e1mbito judicial. <\/p>\n\n\n\n<p>Organizaciones que trabajan en la defensa de los derechos de la infancia tambi\u00e9n se pronunciaron, exigiendo una revisi\u00f3n profunda de los protocolos y responsabilidades. Reclaman que se determinen posibles negligencias y que se implementen cambios concretos para evitar que situaciones similares vuelvan a repetirse.<\/p>\n\n\n\n<p>Mientras tanto, la investigaci\u00f3n judicial avanza para esclarecer lo ocurrido y determinar responsabilidades. En paralelo, el dolor de una familia y la indignaci\u00f3n social crecen ante una pregunta que resuena con fuerza:<strong> \u00bfse podr\u00eda haber evitado? \u00bflas politicas de perspectiva de g\u00e9nero est\u00e1n por encima de la justicia?<\/strong><\/p>\n\n\n\n<p>La historia de \u00c1ngel no solo deja una tragedia irreparable, sino tambi\u00e9n un llamado urgente a revisar un sistema que, en este caso, fall\u00f3 en su funci\u00f3n m\u00e1s b\u00e1sica: proteger la vida de un ni\u00f1o. <\/p>\n\n\n\n<p><\/p>\n","protected":false},"excerpt":{"rendered":"<p>Pese a reiteradas denuncias y alertas que advert\u00edan sobre situaciones de riesgo y con el antecedente del Caso Lucio , la justicia decidi\u00f3 entregar el ni\u00f1o a la madre contra su voluntad y hoy \u00c1ngel ya no est\u00e1<\/p>\n","protected":false},"author":2,"featured_media":7930,"comment_status":"open","ping_status":"open","sticky":false,"template":"","format":"standard","meta":{"_acf_changed":false,"advanced_seo_description":"","jetpack_seo_html_title":"","jetpack_seo_noindex":false,"_jetpack_memberships_contains_paid_content":false,"footnotes":""},"categories":[59],"tags":[20],"class_list":["post-7924","post","type-post","status-publish","format-standard","has-post-thumbnail","hentry","category-justicia","tag-destacados"],"acf":[],"jetpack_featured_media_url":"https:\/\/elliberador.com\/wp-content\/uploads\/2026\/04\/Diseno-sin-titulo-6.jpg","jetpack_sharing_enabled":true,"_links":{"self":[{"href":"https:\/\/elliberador.com\/index.php\/wp-json\/wp\/v2\/posts\/7924","targetHints":{"allow":["GET"]}}],"collection":[{"href":"https:\/\/elliberador.com\/index.php\/wp-json\/wp\/v2\/posts"}],"about":[{"href":"https:\/\/elliberador.com\/index.php\/wp-json\/wp\/v2\/types\/post"}],"author":[{"embeddable":true,"href":"https:\/\/elliberador.com\/index.php\/wp-json\/wp\/v2\/users\/2"}],"replies":[{"embeddable":true,"href":"https:\/\/elliberador.com\/index.php\/wp-json\/wp\/v2\/comments?post=7924"}],"version-history":[{"count":4,"href":"https:\/\/elliberador.com\/index.php\/wp-json\/wp\/v2\/posts\/7924\/revisions"}],"predecessor-version":[{"id":7943,"href":"https:\/\/elliberador.com\/index.php\/wp-json\/wp\/v2\/posts\/7924\/revisions\/7943"}],"wp:featuredmedia":[{"embeddable":true,"href":"https:\/\/elliberador.com\/index.php\/wp-json\/wp\/v2\/media\/7930"}],"wp:attachment":[{"href":"https:\/\/elliberador.com\/index.php\/wp-json\/wp\/v2\/media?parent=7924"}],"wp:term":[{"taxonomy":"category","embeddable":true,"href":"https:\/\/elliberador.com\/index.php\/wp-json\/wp\/v2\/categories?post=7924"},{"taxonomy":"post_tag","embeddable":true,"href":"https:\/\/elliberador.com\/index.php\/wp-json\/wp\/v2\/tags?post=7924"}],"curies":[{"name":"wp","href":"https:\/\/api.w.org\/{rel}","templated":true}]}}