{"id":7940,"date":"2026-04-09T13:37:48","date_gmt":"2026-04-09T16:37:48","guid":{"rendered":"https:\/\/elliberador.com\/?p=7940"},"modified":"2026-04-09T13:37:49","modified_gmt":"2026-04-09T16:37:49","slug":"el-fiscal-pide-agravar-el-procesamiento-de-tapia-y-toviggino-la-afa-y-los-19-000-millones-de-pesos-que-no-llegaron-al-fisco","status":"publish","type":"post","link":"https:\/\/elliberador.com\/index.php\/2026\/04\/09\/el-fiscal-pide-agravar-el-procesamiento-de-tapia-y-toviggino-la-afa-y-los-19-000-millones-de-pesos-que-no-llegaron-al-fisco\/","title":{"rendered":"El fiscal pide agravar el procesamiento de Tapia y Toviggino: la AFA y los 19.000 millones de pesos que no llegaron al fisco"},"content":{"rendered":"\n<p><strong>La \u00abtransparencia\u00bb de tapia se derrumba en la justicia.<\/strong> El fiscal Claudio Navas Rial pidi\u00f3 agravar el procesamiento de Claudio \u00abChiqui\u00bb Tapia y Pablo Toviggino, presidente y tesorero de la AFA, por la presunta evasi\u00f3n impositiva que supera los 19.000 millones de pesos. La maniobra es simple y dolosa: actuaron como agentes de retenci\u00f3n de impuestos nacionales y recursos de la seguridad social \u2014dinero que les pagaban clubes y futbolistas\u2014 pero nunca lo depositaron en las arcas del estado, violando el plazo legal de 30 d\u00edas y qued\u00e1ndose con fondos que deb\u00edan financiar obras p\u00fablicas y jubilaciones.<\/p>\n\n\n\n<p>El juez Diego Amarante ya los hab\u00eda procesado sin prisi\u00f3n preventiva, pero con un embargo de 350 millones de pesos sobre sus bienes, prohibici\u00f3n de salir del pa\u00eds y la obligaci\u00f3n de justificar cualquier ausencia de m\u00e1s de 72 horas. En lugar de aceptar la severidad de los cargos, las defensas apelaron, buscando revertir la decisi\u00f3n. La fiscal\u00eda respondi\u00f3 con contundencia: no solo mantiene la acusaci\u00f3n, sino que exige que se reconozca la agravante por la calidad de funcionarios p\u00fablicos de los imputados, lo que podr\u00eda derivar en penas m\u00e1s duras y acelerar el camino hacia el juicio oral.<\/p>\n\n\n\n<p>La iron\u00eda es que mientras la AFA emit\u00eda comunicados celebrando \u00abnueve a\u00f1os de gesti\u00f3n transparente\u00bb, sus m\u00e1ximos dirigentes reten\u00edan indebidamente ingresos por publicidad y derechos de imagen, utilizando ese capital como caja propia. Son los mismos que lloran pobreza cuando los clubes reclaman deudas, los mismos que negocian contratos millonarios con sponsors internacionales, los mismos que pretenden viajar a la copa del mundo en primera clase mientras el fisco no recibe ni un peso de sus retenciones.<\/p>\n\n\n\n<p>El caso expone la podredumbre de un sistema donde los dirigentes deportivos act\u00faan como feudales: cobran por derecha \u2014retenciones que son obligaci\u00f3n legal\u2014 pero no cumplen con la contra parte, que es entregar ese dinero al estado. Es apropiaci\u00f3n indebida pura y dura, repetida en 34 oportunidades para tributos y 17 para aportes previsionales, seg\u00fan el procesamiento.<\/p>\n\n\n\n<p>Tapia intent\u00f3 lavarse las manos argumentando que las obligaciones impositivas las manejan \u00ab\u00e1reas t\u00e9cnicas\u00bb de la instituci\u00f3n y que la deuda ya estaba cancelada, adem\u00e1s de ampararse en una resoluci\u00f3n del ministerio de econom\u00eda que suspend\u00eda ejecuciones fiscales. El juez desestim\u00f3 todos los argumentos: la responsabilidad penal es personal y el dinero nunca lleg\u00f3 a destino.<\/p>\n\n\n\n<p>Ahora la causa est\u00e1 en la c\u00e1mara penal econ\u00f3mica, que definir\u00e1 si los procesamientos se confirman con la agravante pedida por el fiscal. Mientras tanto, el f\u00fatbol argentino sigue siendo reh\u00e9n de dirigentes que usan la pelota como negocio personal y al estado como financista cautivo de sus maniobras.<\/p>\n","protected":false},"excerpt":{"rendered":"<p>El titular de la asociaci\u00f3n del f\u00fatbol y su tesorero apelaron sus procesamientos por evasi\u00f3n, pero la fiscal\u00eda contraatac\u00f3 pidiendo endurecer la calificaci\u00f3n penal. Retuvieron impuestos y aportes jubilatorios de clubes y jugadores durante a\u00f1os, usando ese dinero como si fuera propio<\/p>\n","protected":false},"author":2,"featured_media":7941,"comment_status":"open","ping_status":"open","sticky":false,"template":"","format":"standard","meta":{"_acf_changed":false,"advanced_seo_description":"","jetpack_seo_html_title":"","jetpack_seo_noindex":false,"_jetpack_memberships_contains_paid_content":false,"footnotes":""},"categories":[59],"tags":[387,20,393],"class_list":["post-7940","post","type-post","status-publish","format-standard","has-post-thumbnail","hentry","category-justicia","tag-chiqui-tapia","tag-destacados","tag-toviggino"],"acf":[],"jetpack_featured_media_url":"https:\/\/elliberador.com\/wp-content\/uploads\/2026\/04\/600x400_procesados-claudio-tapia-pablo-toviggino-fueron-procesados-presunta-evasion-fiscal-1130493-151522.webp","jetpack_sharing_enabled":true,"_links":{"self":[{"href":"https:\/\/elliberador.com\/index.php\/wp-json\/wp\/v2\/posts\/7940","targetHints":{"allow":["GET"]}}],"collection":[{"href":"https:\/\/elliberador.com\/index.php\/wp-json\/wp\/v2\/posts"}],"about":[{"href":"https:\/\/elliberador.com\/index.php\/wp-json\/wp\/v2\/types\/post"}],"author":[{"embeddable":true,"href":"https:\/\/elliberador.com\/index.php\/wp-json\/wp\/v2\/users\/2"}],"replies":[{"embeddable":true,"href":"https:\/\/elliberador.com\/index.php\/wp-json\/wp\/v2\/comments?post=7940"}],"version-history":[{"count":1,"href":"https:\/\/elliberador.com\/index.php\/wp-json\/wp\/v2\/posts\/7940\/revisions"}],"predecessor-version":[{"id":7942,"href":"https:\/\/elliberador.com\/index.php\/wp-json\/wp\/v2\/posts\/7940\/revisions\/7942"}],"wp:featuredmedia":[{"embeddable":true,"href":"https:\/\/elliberador.com\/index.php\/wp-json\/wp\/v2\/media\/7941"}],"wp:attachment":[{"href":"https:\/\/elliberador.com\/index.php\/wp-json\/wp\/v2\/media?parent=7940"}],"wp:term":[{"taxonomy":"category","embeddable":true,"href":"https:\/\/elliberador.com\/index.php\/wp-json\/wp\/v2\/categories?post=7940"},{"taxonomy":"post_tag","embeddable":true,"href":"https:\/\/elliberador.com\/index.php\/wp-json\/wp\/v2\/tags?post=7940"}],"curies":[{"name":"wp","href":"https:\/\/api.w.org\/{rel}","templated":true}]}}