{"id":8148,"date":"2026-04-27T09:57:38","date_gmt":"2026-04-27T12:57:38","guid":{"rendered":"https:\/\/elliberador.com\/?p=8148"},"modified":"2026-04-27T09:57:41","modified_gmt":"2026-04-27T12:57:41","slug":"romina-diez-reunio-a-los-armadores-territoriales-y-politicos-de-la-libertad-avanza-y-mostro-musculo-politico-en-toda-santa-fe","status":"publish","type":"post","link":"https:\/\/elliberador.com\/index.php\/2026\/04\/27\/romina-diez-reunio-a-los-armadores-territoriales-y-politicos-de-la-libertad-avanza-y-mostro-musculo-politico-en-toda-santa-fe\/","title":{"rendered":"Romina Diez reuni\u00f3 a los armadores territoriales y pol\u00edticos de La Libertad Avanza y mostr\u00f3 m\u00fasculo pol\u00edtico en toda Santa Fe"},"content":{"rendered":"\n<p><strong>La Libertad Avanza de Santa Fe volvi\u00f3 a mostrar volumen territorial.<\/strong> En el b\u00fanker de LLA Rosario, <strong>Romina Diez<\/strong> encabez\u00f3 una reuni\u00f3n con los principales armadores y referentes del partido en la provincia, con el objetivo de <strong>afianzar el trabajo pol\u00edtico en los 19 departamentos<\/strong> y profundizar una construcci\u00f3n alineada con las ideas liberales y libertarias del <strong>presidente Javier Milei<\/strong>.<\/p>\n\n\n\n<p>El encuentro reuni\u00f3 a dirigentes con responsabilidad territorial en distintos puntos de Santa Fe y dej\u00f3 una se\u00f1al clara hacia adentro y hacia afuera del espacio: <strong>el armado libertario busca consolidarse con estructura propia, presencia provincial y una identidad pol\u00edtica definida<\/strong>, sin subordinarse a los acuerdos de la pol\u00edtica tradicional.<\/p>\n\n\n\n<p>Entre los presentes estuvieron los armadores provinciales <strong>David Malaguarnera<\/strong> y <strong>Mart\u00edn Tomassini<\/strong>,el diputado nacional <strong>Agust\u00edn Pellegrini<\/strong>, el armador <strong>Guido Orlandi<\/strong>. Participaron referentes de peso como <strong>Juan Jos\u00e9 Tagliabue<\/strong>, armador y referente de Santa Fe capital; <strong>Roberto Antinori<\/strong>, del norte provincial; <strong>Milagros Zafra<\/strong>, concejal de Rafaela a cargo del departamento Castellanos; <strong>Franco Mazzoli<\/strong>, concejal de Ca\u00f1ada de G\u00f3mez y armador del departamento Iriondo; <strong>Sebasti\u00e1n Paredes<\/strong>, coordinador del departamento Rosario; y <strong>Pablo Aquino<\/strong>, responsable del departamento San Lorenzo, <strong>Juli\u00e1n Sayago<\/strong>, armador y referente del departamento Caseros, entre otros representantes de todas las regiones de la provincia.<\/p>\n\n\n\n<figure class=\"wp-block-image size-large\"><img fetchpriority=\"high\" decoding=\"async\" width=\"1024\" height=\"768\" src=\"https:\/\/elliberador.com\/wp-content\/uploads\/2026\/04\/reunion-coord2-1024x768.jpeg\" alt=\"\" class=\"wp-image-8150\" srcset=\"https:\/\/elliberador.com\/wp-content\/uploads\/2026\/04\/reunion-coord2-1024x768.jpeg 1024w, https:\/\/elliberador.com\/wp-content\/uploads\/2026\/04\/reunion-coord2-300x225.jpeg 300w, https:\/\/elliberador.com\/wp-content\/uploads\/2026\/04\/reunion-coord2-768x576.jpeg 768w, https:\/\/elliberador.com\/wp-content\/uploads\/2026\/04\/reunion-coord2.jpeg 1280w\" sizes=\"(max-width: 1024px) 100vw, 1024px\" \/><\/figure>\n\n\n\n<p>La reuni\u00f3n tuvo como eje central la necesidad de fortalecer <strong>un armado limpio, ordenado y coherente<\/strong> con el mandato de cambio que expresa Milei a nivel nacional. La premisa compartida fue <strong>priorizar las ideas por encima de cualquier conveniencia electoral<\/strong> o acuerdo pol\u00edtico de ocasi\u00f3n.<\/p>\n\n\n\n<p>En ese sentido, el mensaje pol\u00edtico fue contundente: <strong>La Libertad Avanza pretende crecer en Santa Fe con dirigentes propios, equipos territoriales y una agenda clara<\/strong>, basada en la defensa de la libertad, la baja del gasto pol\u00edtico, la transparencia institucional y el rechazo a las pr\u00e1cticas que durante a\u00f1os dominaron la pol\u00edtica provincial.<\/p>\n\n\n\n<p>La foto del encuentro tambi\u00e9n funcion\u00f3 como una demostraci\u00f3n del <strong>m\u00fasculo pol\u00edtico<\/strong> que Romina Diez viene construyendo en toda la provincia. Con presencia en los <strong>19 departamentos<\/strong> y referentes activos en las principales ciudades y regiones santafesinas, el espacio libertario busca consolidarse como una alternativa real frente al esquema tradicional de <strong>radicales, socialistas y kirchneristas<\/strong>, distintas caras del mismo <strong>partido del Estado<\/strong>.<\/p>\n\n\n\n<p>El armado provincial de La Libertad Avanza atraviesa una etapa de <strong>crecimiento y ordenamiento interno<\/strong>. La reuni\u00f3n en Rosario marc\u00f3 un nuevo paso en ese proceso: <strong>fortalecer la presencia territorial, cuidar la identidad ideol\u00f3gica del espacio y preparar al partido para disputar poder en cada rinc\u00f3n de Santa Fe<\/strong>.<\/p>\n","protected":false},"excerpt":{"rendered":"<p>En el b\u00fanker de LLA Rosario, la referente libertaria encabez\u00f3 un encuentro con dirigentes de los 19 departamentos para consolidar un armado provincial basado en las ideas del presidente Javier Milei y alejado de los acuerdos pol\u00edticos tradicionales.<\/p>\n","protected":false},"author":2,"featured_media":8149,"comment_status":"open","ping_status":"open","sticky":false,"template":"","format":"standard","meta":{"_acf_changed":false,"advanced_seo_description":"","jetpack_seo_html_title":"","jetpack_seo_noindex":false,"_jetpack_memberships_contains_paid_content":false,"footnotes":""},"categories":[4],"tags":[20,1293,1291,56,1286,135,1292],"class_list":["post-8148","post","type-post","status-publish","format-standard","has-post-thumbnail","hentry","category-politica","tag-destacados","tag-julian-sayago","tag-martin-tomassini","tag-milei","tag-pablo-aquino","tag-romina-diez","tag-sebastian-paredes"],"acf":[],"jetpack_featured_media_url":"https:\/\/elliberador.com\/wp-content\/uploads\/2026\/04\/Reunion-coord2-e1777294358720.webp","jetpack_sharing_enabled":true,"_links":{"self":[{"href":"https:\/\/elliberador.com\/index.php\/wp-json\/wp\/v2\/posts\/8148","targetHints":{"allow":["GET"]}}],"collection":[{"href":"https:\/\/elliberador.com\/index.php\/wp-json\/wp\/v2\/posts"}],"about":[{"href":"https:\/\/elliberador.com\/index.php\/wp-json\/wp\/v2\/types\/post"}],"author":[{"embeddable":true,"href":"https:\/\/elliberador.com\/index.php\/wp-json\/wp\/v2\/users\/2"}],"replies":[{"embeddable":true,"href":"https:\/\/elliberador.com\/index.php\/wp-json\/wp\/v2\/comments?post=8148"}],"version-history":[{"count":1,"href":"https:\/\/elliberador.com\/index.php\/wp-json\/wp\/v2\/posts\/8148\/revisions"}],"predecessor-version":[{"id":8151,"href":"https:\/\/elliberador.com\/index.php\/wp-json\/wp\/v2\/posts\/8148\/revisions\/8151"}],"wp:featuredmedia":[{"embeddable":true,"href":"https:\/\/elliberador.com\/index.php\/wp-json\/wp\/v2\/media\/8149"}],"wp:attachment":[{"href":"https:\/\/elliberador.com\/index.php\/wp-json\/wp\/v2\/media?parent=8148"}],"wp:term":[{"taxonomy":"category","embeddable":true,"href":"https:\/\/elliberador.com\/index.php\/wp-json\/wp\/v2\/categories?post=8148"},{"taxonomy":"post_tag","embeddable":true,"href":"https:\/\/elliberador.com\/index.php\/wp-json\/wp\/v2\/tags?post=8148"}],"curies":[{"name":"wp","href":"https:\/\/api.w.org\/{rel}","templated":true}]}}