{"id":8153,"date":"2026-04-27T13:10:36","date_gmt":"2026-04-27T16:10:36","guid":{"rendered":"https:\/\/elliberador.com\/?p=8153"},"modified":"2026-04-27T13:10:38","modified_gmt":"2026-04-27T16:10:38","slug":"tercer-intento-de-magnicidio-contra-trump-la-izquierda-no-quiere-debatir-quiere-eliminar","status":"publish","type":"post","link":"https:\/\/elliberador.com\/index.php\/2026\/04\/27\/tercer-intento-de-magnicidio-contra-trump-la-izquierda-no-quiere-debatir-quiere-eliminar\/","title":{"rendered":"Tercer intento de magnicidio contra Trump: la izquierda no quiere debatir, quiere eliminar"},"content":{"rendered":"\n<p>La noche del s\u00e1bado 25 de abril, mientras el presidente Donald Trump cenaba en el Washington Hilton con periodistas, funcionarios y celebridades durante la Cena Anual de Corresponsales de la Casa Blanca, un hombre armado intent\u00f3 reventar el sal\u00f3n de baile a balazos. No lo logr\u00f3 gracias a la reacci\u00f3n del Servicio Secreto. Pero no fue por falta de voluntad asesina.<\/p>\n\n\n\n<p>El atacante, identificado como <strong>Cole Tomas Allen<\/strong>, de 31 a\u00f1os, residente de Torrance, California, no apareci\u00f3 por casualidad. Viaj\u00f3 en tren desde la Costa Oeste, se hosped\u00f3 en el mismo hotel donde se desarrollaba el evento \u2014el mismo Washington Hilton donde John Hinckley Jr. le dispar\u00f3 a Ronald Reagan en 1981\u2014 y cargaba con una escopeta, un arma de mano y varios cuchillos. Cuando intent\u00f3 romper el per\u00edmetro de seguridad cerca de los detectores de metales, intercambi\u00f3 disparos con un agente del Servicio Secreto, que result\u00f3 impactado en su chaleco antibalas. Allen fue reducido, esposado y arrestado en el acto. Trump, Melania, JD Vance y los miembros del gabinete fueron evacuados sin lesiones.<\/p>\n\n\n\n<figure class=\"wp-block-image size-full\"><img fetchpriority=\"high\" decoding=\"async\" width=\"923\" height=\"693\" src=\"https:\/\/elliberador.com\/wp-content\/uploads\/2026\/04\/terrorista-ass-tr.jpeg\" alt=\"\" class=\"wp-image-8155\" srcset=\"https:\/\/elliberador.com\/wp-content\/uploads\/2026\/04\/terrorista-ass-tr.jpeg 923w, https:\/\/elliberador.com\/wp-content\/uploads\/2026\/04\/terrorista-ass-tr-300x225.jpeg 300w, https:\/\/elliberador.com\/wp-content\/uploads\/2026\/04\/terrorista-ass-tr-768x577.jpeg 768w\" sizes=\"(max-width: 923px) 100vw, 923px\" \/><\/figure>\n\n\n\n<p>Pero el detalle m\u00e1s inquietante no es el armamento. Es el <strong>manifiesto<\/strong>.<\/p>\n\n\n\n<p>Minutos antes de cargar contra el checkpoint, Allen envi\u00f3 a su familia un documento donde se autodenominaba el <strong class=\"\">\u00abFriendly Federal Assassin\u00bb<\/strong> y dejaba claro su objetivo: <strong>\u00abLos funcionarios de la administraci\u00f3n son objetivos\u00bb<\/strong>. All\u00ed escribi\u00f3, en una frase que resume el veneno de la era progresista: <em>\u00abYa no estoy dispuesto a permitir que un ped\u00f3filo, violador y traidor cubra mis manos con sus cr\u00edmenes\u00bb<\/em>. La misma ret\u00f3rica podrida que lleva a\u00f1os circulando en los medios corporativos, en las universidades y en los actos de \u00abresistencia\u00bb financiados por la izquierda.<\/p>\n\n\n\n<h2 class=\"wp-block-heading\">Trump, ileso y sin miedo<\/h2>\n\n\n\n<p>Lejos de esconderse, el presidente compareci\u00f3 al d\u00eda siguiente en <strong class=\"\">60 Minutes<\/strong> de CBS para hablar con Norah O&#8217;Donnell. No solo elogi\u00f3 la r\u00e1pida acci\u00f3n del Servicio Secreto \u2014<em>\u00abhicieron un trabajo fant\u00e1stico, actuaron r\u00e1pido y con valent\u00eda\u00bb<\/em>\u2014 sino que no se anduvo con rodeos al describir el ecosistema que alimenta a estos fan\u00e1ticos.<\/p>\n\n\n\n<p>Cuando O&#8217;Donnell le pregunt\u00f3 sobre su relaci\u00f3n con la prensa, Trump solt\u00f3 la verdad que ning\u00fan medio quiere escuchar: <strong>\u00abNo es tanto la prensa, es la prensa m\u00e1s los Dem\u00f3cratas porque son casi lo mismo. Es, como, la cosa m\u00e1s loca\u00bb<\/strong>. Y remat\u00f3: <strong>\u00abEl discurso de odio de los Dem\u00f3cratas, mucho m\u00e1s que el de la derecha, es muy peligroso para el pa\u00eds\u00bb<\/strong>.<\/p>\n\n\n\n<p>La entrevista se volvi\u00f3 tensa cuando O&#8217;Donnell ley\u00f3 en c\u00e1mara los insultos del manifiesto. Trump la cort\u00f3 de inmediato: <em>\u00abS\u00ed, escribi\u00f3 eso. No soy un violador. No viol\u00e9 a nadie. No soy un ped\u00f3filo&#8230; Deber\u00edan avergonzarse de leer eso en 60 Minutes. Son una desgracia\u00bb<\/em>. Tiene raz\u00f3n. Los medios no informan; reproducen el libreto del agresor.<\/p>\n\n\n\n<figure class=\"wp-block-image size-large\"><img decoding=\"async\" width=\"1024\" height=\"661\" src=\"https:\/\/elliberador.com\/wp-content\/uploads\/2026\/04\/HGy5dmVa0AALqns-1024x661.jpeg\" alt=\"\" class=\"wp-image-8156\" srcset=\"https:\/\/elliberador.com\/wp-content\/uploads\/2026\/04\/HGy5dmVa0AALqns-1024x661.jpeg 1024w, https:\/\/elliberador.com\/wp-content\/uploads\/2026\/04\/HGy5dmVa0AALqns-300x194.jpeg 300w, https:\/\/elliberador.com\/wp-content\/uploads\/2026\/04\/HGy5dmVa0AALqns-768x496.jpeg 768w, https:\/\/elliberador.com\/wp-content\/uploads\/2026\/04\/HGy5dmVa0AALqns.jpeg 1236w\" sizes=\"(max-width: 1024px) 100vw, 1024px\" \/><\/figure>\n\n\n\n<h2 class=\"wp-block-heading\">An\u00e1lisis El Liberador: Tres intentos, un solo patr\u00f3n<\/h2>\n\n\n\n<p>En menos de dos a\u00f1os, Donald Trump ha sobrevivido a <strong>tres intentos de asesinato<\/strong>: el tiroteo en Butler, Pennsylvania, durante la campa\u00f1a de 2024; el intento en el campo de golf de Palm Beach; y ahora este asalto armado en pleno coraz\u00f3n de Washington D.C..<\/p>\n\n\n\n<p>\u00bfCasualidad? No. Es el resultado inevitable de una narrativa de odio sistem\u00e1tico. La izquierda radicalizada \u2014desde los activistas de \u00abNo Kings\u00bb hasta los donantes del establishment dem\u00f3crata\u2014 no acepta la derrota electoral. No acepta que Trump haya cerrado la frontera, haya reducido el Estado, haya puesto a Estados Unidos primero. Entonces apela a lo \u00fanico que le queda: la violencia pol\u00edtica.<\/p>\n\n\n\n<p>Cole Allen no actu\u00f3 en un vac\u00edo. Ten\u00eda antecedentes de ret\u00f3rica anti-Trump y anti-cristiana en sus redes sociales, hab\u00eda participado en protestas \u00abNo Kings\u00bb en California y hab\u00eda hecho una donaci\u00f3n de 25 d\u00f3lares a la campa\u00f1a de Kamala Harris en 2024. El perfil es el de siempre: un progresista radicalizado por el discurso de odio institucional, convencido de que asesinar a un presidente es un acto de \u00abjusticia\u00bb.<\/p>\n\n\n\n<figure class=\"wp-block-image size-large\"><img decoding=\"async\" width=\"1024\" height=\"576\" src=\"https:\/\/elliberador.com\/wp-content\/uploads\/2026\/04\/Cole-California-1024x576.png\" alt=\"\" class=\"wp-image-8157\" srcset=\"https:\/\/elliberador.com\/wp-content\/uploads\/2026\/04\/Cole-California-1024x576.png 1024w, https:\/\/elliberador.com\/wp-content\/uploads\/2026\/04\/Cole-California-300x169.png 300w, https:\/\/elliberador.com\/wp-content\/uploads\/2026\/04\/Cole-California-768x432.png 768w, https:\/\/elliberador.com\/wp-content\/uploads\/2026\/04\/Cole-California-1536x864.png 1536w, https:\/\/elliberador.com\/wp-content\/uploads\/2026\/04\/Cole-California.png 1672w\" sizes=\"(max-width: 1024px) 100vw, 1024px\" \/><\/figure>\n\n\n\n<p>Mientras tanto, los grandes medios \u2014los mismos que cenaban en ese sal\u00f3n\u2014 siguen negando su complicidad. Piden \u00abunidad\u00bb y \u00abbajar la tensi\u00f3n\u00bb solo cuando el odio les estalla en la cara. Pero durante a\u00f1os alimentaron la mentira de que Trump es un \u00abped\u00f3filo\u00bb, un \u00abtraidor\u00bb, un \u00abpeligro para la democracia\u00bb. Ahora se hacen los sorprendidos cuando un fan\u00e1tico toma esas palabras en serio y carga con una escopeta.<\/p>\n\n\n\n<p><strong>Trump sigue en pie. La Rep\u00fablica tambi\u00e9n. Pero la batalla cultural no es metaf\u00f3rica: es literal, es armada, y la izquierda ya eligi\u00f3 el campo de batalla.<\/strong> La pregunta no es si habr\u00e1 un cuarto intento. La pregunta es cu\u00e1ntos \u00abFriendly Federal Assassins\u00bb m\u00e1s est\u00e1n incub\u00e1ndose en el silencio c\u00f3mplice de la prensa y el Partido Dem\u00f3crata.<\/p>\n","protected":false},"excerpt":{"rendered":"<p>El \u00abFriendly Federal Assassin\u00bb fracas\u00f3. Pero la m\u00e1quina de odio que lo incub\u00f3 sigue operando a pleno.<\/p>\n","protected":false},"author":2,"featured_media":8154,"comment_status":"open","ping_status":"open","sticky":false,"template":"","format":"standard","meta":{"_acf_changed":false,"advanced_seo_description":"","jetpack_seo_html_title":"","jetpack_seo_noindex":false,"_jetpack_memberships_contains_paid_content":false,"footnotes":""},"categories":[10],"tags":[20,694,215,554,1294,595],"class_list":["post-8153","post","type-post","status-publish","format-standard","has-post-thumbnail","hentry","category-internacionales","tag-destacados","tag-donald-trump","tag-izquierda","tag-magnicidio","tag-nokings","tag-terrorismo"],"acf":[],"jetpack_featured_media_url":"https:\/\/elliberador.com\/wp-content\/uploads\/2026\/04\/3er-atentado-Trump.webp","jetpack_sharing_enabled":true,"_links":{"self":[{"href":"https:\/\/elliberador.com\/index.php\/wp-json\/wp\/v2\/posts\/8153","targetHints":{"allow":["GET"]}}],"collection":[{"href":"https:\/\/elliberador.com\/index.php\/wp-json\/wp\/v2\/posts"}],"about":[{"href":"https:\/\/elliberador.com\/index.php\/wp-json\/wp\/v2\/types\/post"}],"author":[{"embeddable":true,"href":"https:\/\/elliberador.com\/index.php\/wp-json\/wp\/v2\/users\/2"}],"replies":[{"embeddable":true,"href":"https:\/\/elliberador.com\/index.php\/wp-json\/wp\/v2\/comments?post=8153"}],"version-history":[{"count":1,"href":"https:\/\/elliberador.com\/index.php\/wp-json\/wp\/v2\/posts\/8153\/revisions"}],"predecessor-version":[{"id":8158,"href":"https:\/\/elliberador.com\/index.php\/wp-json\/wp\/v2\/posts\/8153\/revisions\/8158"}],"wp:featuredmedia":[{"embeddable":true,"href":"https:\/\/elliberador.com\/index.php\/wp-json\/wp\/v2\/media\/8154"}],"wp:attachment":[{"href":"https:\/\/elliberador.com\/index.php\/wp-json\/wp\/v2\/media?parent=8153"}],"wp:term":[{"taxonomy":"category","embeddable":true,"href":"https:\/\/elliberador.com\/index.php\/wp-json\/wp\/v2\/categories?post=8153"},{"taxonomy":"post_tag","embeddable":true,"href":"https:\/\/elliberador.com\/index.php\/wp-json\/wp\/v2\/tags?post=8153"}],"curies":[{"name":"wp","href":"https:\/\/api.w.org\/{rel}","templated":true}]}}