{"id":8194,"date":"2026-04-29T08:16:38","date_gmt":"2026-04-29T11:16:38","guid":{"rendered":"https:\/\/elliberador.com\/?p=8194"},"modified":"2026-04-29T08:16:40","modified_gmt":"2026-04-29T11:16:40","slug":"javier-milei-en-el-palacio-libertad-criticas-a-keynes-y-fuerte-respaldo-a-su-rumbo-economico","status":"publish","type":"post","link":"https:\/\/elliberador.com\/index.php\/2026\/04\/29\/javier-milei-en-el-palacio-libertad-criticas-a-keynes-y-fuerte-respaldo-a-su-rumbo-economico\/","title":{"rendered":"Javier Milei en el Palacio Libertad: cr\u00edticas a Keynes y fuerte respaldo a su rumbo econ\u00f3mico"},"content":{"rendered":"\n<p>En una exposici\u00f3n cargada de definiciones ideol\u00f3gicas y econ\u00f3micas, el presidente Javier Milei encabez\u00f3 este martes un debate en el Palacio Libertad donde volvi\u00f3 a marcar su posici\u00f3n frente al pensamiento de John Maynard Keynes y defendi\u00f3 con \u00e9nfasis el rumbo econ\u00f3mico de su gesti\u00f3n.<\/p>\n\n\n\n<p>El evento, titulado <strong>\u201cKeynes y la Teor\u00eda General\u201d<\/strong>, cont\u00f3 con la participaci\u00f3n del economista Juan Carlos de Pablo y el diputado Adri\u00e1n Ravier, y reuni\u00f3 a funcionarios, legisladores y militantes en una jornada donde el mandatario combin\u00f3 teor\u00eda econ\u00f3mica, balance de gesti\u00f3n y cr\u00edticas al sistema pol\u00edtico y medi\u00e1tico.<\/p>\n\n\n\n<blockquote class=\"wp-block-quote is-layout-flow wp-block-quote-is-layout-flow\">\n<p>Desde el inicio, Milei dej\u00f3 en claro su postura frente al legado keynesiano. \u201cKeynes era un genio, pero un genio del mal\u201d, afirm\u00f3, en una de las frases m\u00e1s contundentes de la jornada. Para el Presidente, la obra central del economista brit\u00e1nico, <em>La teor\u00eda general del empleo, el inter\u00e9s y el dinero<\/em>, \u201chizo much\u00edsimo da\u00f1o\u201d y \u201ctermin\u00f3 siendo peor que la enfermedad que intentaba curar\u201d.<\/p>\n<\/blockquote>\n\n\n\n<p>A lo largo de su intervenci\u00f3n, Milei apunt\u00f3 contra los pilares te\u00f3ricos del keynesianismo, en particular la intervenci\u00f3n del Estado en la econom\u00eda. Seg\u00fan explic\u00f3, la teor\u00eda de Keynes propone que el Estado influya directamente en variables clave como el consumo, el ahorro y la inversi\u00f3n.<\/p>\n\n\n\n<blockquote class=\"wp-block-quote is-layout-flow wp-block-quote-is-layout-flow\">\n<p>\u201cEl Estado tendr\u00e1 que ejercer una influencia sobre la propensi\u00f3n marginal a consumir, fijar la tasa de inter\u00e9s y definir la inversi\u00f3n \u00f3ptima\u201d, cit\u00f3 el mandatario, para luego cuestionar ese enfoque: \u201cEso implica controles, planificaci\u00f3n central y limitar la iniciativa privada\u201d.<\/p>\n<\/blockquote>\n\n\n\n<p>En esa l\u00ednea, fue a\u00fan m\u00e1s all\u00e1 al advertir sobre las consecuencias pol\u00edticas de ese modelo. \u201cEs una obra escrita a favor de pol\u00edticos corruptos, mesi\u00e1nicos, que le arruinan la vida a la gente\u201d, sostuvo.<\/p>\n\n\n\n<p>El Presidente tambi\u00e9n critic\u00f3 el concepto del \u201cmultiplicador\u201d keynesiano, al que calific\u00f3 como \u201cuna monstruosidad\u201d y \u201cmagia\u201d. Seg\u00fan su visi\u00f3n, esa idea plantea que el gasto p\u00fablico puede generar aumentos desproporcionados en el nivel de actividad, algo que consider\u00f3 err\u00f3neo desde el punto de vista te\u00f3rico.<\/p>\n\n\n\n<figure class=\"wp-block-embed is-type-video is-provider-youtube wp-block-embed-youtube wp-embed-aspect-16-9 wp-has-aspect-ratio\"><div class=\"wp-block-embed__wrapper\">\n<iframe title=\"El Presidente Milei participa del Debate sobre &quot;Keynes y la Teor\u00eda General&quot; en Palacio Libertad\" width=\"640\" height=\"360\" src=\"https:\/\/www.youtube.com\/embed\/58TM42VFfvQ?start=9&#038;feature=oembed\" frameborder=\"0\" allow=\"accelerometer; autoplay; clipboard-write; encrypted-media; gyroscope; picture-in-picture; web-share\" referrerpolicy=\"strict-origin-when-cross-origin\" allowfullscreen><\/iframe>\n<\/div><\/figure>\n\n\n\n<h2 class=\"wp-block-heading\">Defensa del modelo y logros econ\u00f3micos<\/h2>\n\n\n\n<p>M\u00e1s all\u00e1 del debate acad\u00e9mico, Milei aprovech\u00f3 el escenario para respaldar con firmeza el rumbo econ\u00f3mico de su gobierno. En ese sentido, destac\u00f3 el ajuste fiscal llevado adelante desde el inicio de su gesti\u00f3n y lo present\u00f3 como un hito hist\u00f3rico.<\/p>\n\n\n\n<blockquote class=\"wp-block-quote is-layout-flow wp-block-quote-is-layout-flow\">\n<p>\u201cHicimos el ajuste fiscal m\u00e1s grande de la historia en el menor tiempo posible\u201d, afirm\u00f3. Y agreg\u00f3: \u201cNo solo corregimos el d\u00e9ficit, sino que adem\u00e1s bajamos impuestos y redujimos la presi\u00f3n fiscal en 2,5% del PBI\u201d.<\/p>\n<\/blockquote>\n\n\n\n<p>Uno de los datos m\u00e1s repetidos por el mandatario fue el impacto del ajuste en t\u00e9rminos de ingresos para la poblaci\u00f3n. \u201cTodo el ajuste signific\u00f3 devolverles a los argentinos 100 mil millones de d\u00f3lares\u201d, asegur\u00f3.<\/p>\n\n\n\n<p>En la misma l\u00ednea, Milei sostuvo que las pol\u00edticas implementadas tuvieron efectos positivos sobre la pobreza. <strong>\u201cLa consecuencia de dejar de afanarle a los argentinos hizo que la pobreza pasara del 57 al 28. Sacamos a 14 millones de personas de la pobreza\u201d,<\/strong> enfatiz\u00f3.<\/p>\n\n\n\n<p>Otro de los ejes de su discurso fue la inflaci\u00f3n. El Presidente reiter\u00f3 su enfoque basado en la restricci\u00f3n de la emisi\u00f3n monetaria y el control de la base monetaria.<\/p>\n\n\n\n<p>\u201cEstamos viendo que la demanda de dinero se est\u00e1 recuperando. Si no emitimos o retiramos el excedente, la inflaci\u00f3n va a caer inexorablemente\u201d, explic\u00f3.<\/p>\n\n\n\n<p>Para Milei, la inflaci\u00f3n es un fen\u00f3meno estrictamente monetario, en l\u00ednea con las ideas de economistas como Milton Friedman, a quien cit\u00f3 indirectamente al remarcar la importancia de los datos y la pol\u00edtica monetaria.<\/p>\n\n\n\n<p>Adem\u00e1s, subray\u00f3 el rol del Banco Central en el proceso de estabilizaci\u00f3n. Seg\u00fan detall\u00f3, uno de los principales desaf\u00edos fue resolver el d\u00e9ficit cuasifiscal y el volumen de pasivos monetarios acumulados.<\/p>\n\n\n\n<p>\u201cTen\u00edamos un problema enorme en el Banco Central, de 10 puntos del PBI. Eso tambi\u00e9n lo corregimos\u201d, indic\u00f3.<\/p>\n\n\n\n<h2 class=\"wp-block-heading\">Cr\u00edticas a la pol\u00edtica y los medios<\/h2>\n\n\n\n<p>El discurso tambi\u00e9n incluy\u00f3 fuertes cuestionamientos al sistema pol\u00edtico, empresarial y medi\u00e1tico. Milei denunci\u00f3 la existencia de un \u201centramado de corrupci\u00f3n\u201d y sostuvo que enfrentarlo tiene costos.<\/p>\n\n\n\n<p>\u201cNunca en la historia argentina hubo tanta discrepancia entre los datos reales y lo que los medios quieren vender\u201d, afirm\u00f3.<\/p>\n\n\n\n<p>En ese sentido, asegur\u00f3 que su gobierno est\u00e1 dando una \u201cbatalla cultural\u201d adem\u00e1s de econ\u00f3mica, y que esa confrontaci\u00f3n explica parte de las cr\u00edticas que recibe.<\/p>\n\n\n\n<p>M\u00e1s all\u00e1 de los n\u00fameros y las medidas concretas, la intervenci\u00f3n de Milei tuvo un marcado tono ideol\u00f3gico. El Presidente plante\u00f3 una dicotom\u00eda entre dos modelos econ\u00f3micos: uno basado en la intervenci\u00f3n estatal \u2014asociado a Keynes\u2014 y otro centrado en el mercado y la libertad individual.<\/p>\n\n\n\n<p>El mandatario adelant\u00f3: \u00abPero yo quiero leer el remate de Keynes en la teor\u00eda general del cap\u00edtulo 24, porque como\u00a0<strong>estamos llenos de pelotudos que dicen hay que volver a Keynes<\/strong>\u00a0y proponen cosas de Keynes, es como si Keynes fuera la teor\u00eda general. Yo no digo que Keynes ser\u00e1 la teor\u00eda general, Keynes era m\u00e1s amplio, pero los brutos estos, Keynes es la teor\u00eda general\u201d.<\/p>\n\n\n\n<blockquote class=\"wp-block-quote is-layout-flow wp-block-quote-is-layout-flow\">\n<p>Para Milei, el keynesianismo no solo es incorrecto desde el punto de vista t\u00e9cnico, sino tambi\u00e9n peligroso en t\u00e9rminos pol\u00edticos.<strong> \u201cKeynes es el brazo ejecutor de lo siniestro\u201d,<\/strong> resumi\u00f3.<\/p>\n<\/blockquote>\n\n\n\n<p>En contraposici\u00f3n, defendi\u00f3 su enfoque liberal como la \u00fanica salida viable para el pa\u00eds. \u201cLa \u00fanica forma de resolver los problemas era reducir el gasto p\u00fablico, y eso es lo que hicimos\u201d, reiter\u00f3.<\/p>\n\n\n\n<h2 class=\"wp-block-heading\">Un mensaje pol\u00edtico en clave econ\u00f3mica<\/h2>\n\n\n\n<p>El acto en el Palacio Libertad funcion\u00f3, en definitiva, como una reafirmaci\u00f3n del rumbo del Gobierno en un contexto econ\u00f3mico desafiante. Frente a cuestionamientos sobre la inflaci\u00f3n y el impacto social del ajuste, Milei opt\u00f3 por redoblar la apuesta y sostener su diagn\u00f3stico.<\/p>\n\n\n\n<p>Lejos de moderar su discurso, el Presidente eligi\u00f3 profundizar su cr\u00edtica al pensamiento econ\u00f3mico dominante en muchas universidades y organismos internacionales, al tiempo que reivindic\u00f3 su programa de reformas.<\/p>\n\n\n\n<blockquote class=\"wp-block-quote is-layout-flow wp-block-quote-is-layout-flow\">\n<p>El Presidente cerr\u00f3 el discurso de la siguiente manera: <strong>Vean que la alternativa Keynes es distinta. Es decir, \u00e9l quiere controlar toda la demanda y deja los bienes de producci\u00f3n en manos de empresarios, que a la postre se terminan convirtiendo en meros gerentes y eso tiene nombre y apellido, se llama Hitler y se llama Mussolini. Es decir, nazismo y fascismo. Por lo tanto, no caigamos en eso y\u2026 \u00a1viva la libertad, carajo! \u00a1Viva la libertad! Muchas gracias a todos.<\/strong><\/p>\n<\/blockquote>\n\n\n\n<p>Con un tono confrontativo y apoyado en conceptos te\u00f3ricos, Milei volvi\u00f3 a dejar en claro que su gesti\u00f3n no solo busca estabilizar la econom\u00eda, sino tambi\u00e9n cambiar el paradigma desde el cual se la interpreta.<\/p>\n\n\n\n<p>En ese marco, su exposici\u00f3n no fue solo una clase de econom\u00eda, sino tambi\u00e9n una declaraci\u00f3n pol\u00edtica: una defensa cerrada de su modelo y una advertencia sobre los riesgos, seg\u00fan su visi\u00f3n, de volver a recetas del pasado.<\/p>\n","protected":false},"excerpt":{"rendered":"<p>El Presidente particip\u00f3 de un debate sobre la \u201cTeor\u00eda General\u201d y defendi\u00f3 el ajuste fiscal, al tiempo que cuestion\u00f3 de forma contundente el pensamiento keynesiano.<\/p>\n","protected":false},"author":2,"featured_media":8195,"comment_status":"open","ping_status":"open","sticky":false,"template":"","format":"standard","meta":{"_acf_changed":false,"advanced_seo_description":"","jetpack_seo_html_title":"","jetpack_seo_noindex":false,"_jetpack_memberships_contains_paid_content":false,"footnotes":""},"categories":[2],"tags":[20,1050,47,56,1296],"class_list":["post-8194","post","type-post","status-publish","format-standard","has-post-thumbnail","hentry","category-economia","tag-destacados","tag-keynes","tag-la-libertad-avanza","tag-milei","tag-teoria-general"],"acf":[],"jetpack_featured_media_url":"https:\/\/elliberador.com\/wp-content\/uploads\/2026\/04\/Captura-de-pantalla-2026-04-29-081457.webp","jetpack_sharing_enabled":true,"_links":{"self":[{"href":"https:\/\/elliberador.com\/index.php\/wp-json\/wp\/v2\/posts\/8194","targetHints":{"allow":["GET"]}}],"collection":[{"href":"https:\/\/elliberador.com\/index.php\/wp-json\/wp\/v2\/posts"}],"about":[{"href":"https:\/\/elliberador.com\/index.php\/wp-json\/wp\/v2\/types\/post"}],"author":[{"embeddable":true,"href":"https:\/\/elliberador.com\/index.php\/wp-json\/wp\/v2\/users\/2"}],"replies":[{"embeddable":true,"href":"https:\/\/elliberador.com\/index.php\/wp-json\/wp\/v2\/comments?post=8194"}],"version-history":[{"count":1,"href":"https:\/\/elliberador.com\/index.php\/wp-json\/wp\/v2\/posts\/8194\/revisions"}],"predecessor-version":[{"id":8196,"href":"https:\/\/elliberador.com\/index.php\/wp-json\/wp\/v2\/posts\/8194\/revisions\/8196"}],"wp:featuredmedia":[{"embeddable":true,"href":"https:\/\/elliberador.com\/index.php\/wp-json\/wp\/v2\/media\/8195"}],"wp:attachment":[{"href":"https:\/\/elliberador.com\/index.php\/wp-json\/wp\/v2\/media?parent=8194"}],"wp:term":[{"taxonomy":"category","embeddable":true,"href":"https:\/\/elliberador.com\/index.php\/wp-json\/wp\/v2\/categories?post=8194"},{"taxonomy":"post_tag","embeddable":true,"href":"https:\/\/elliberador.com\/index.php\/wp-json\/wp\/v2\/tags?post=8194"}],"curies":[{"name":"wp","href":"https:\/\/api.w.org\/{rel}","templated":true}]}}