{"id":8197,"date":"2026-04-29T08:59:04","date_gmt":"2026-04-29T11:59:04","guid":{"rendered":"https:\/\/elliberador.com\/?p=8197"},"modified":"2026-04-29T08:59:07","modified_gmt":"2026-04-29T11:59:07","slug":"romina-diez-la-referente-de-santa-fe-que-se-consolida-en-la-mesa-grande-del-poder-nacional","status":"publish","type":"post","link":"https:\/\/elliberador.com\/index.php\/2026\/04\/29\/romina-diez-la-referente-de-santa-fe-que-se-consolida-en-la-mesa-grande-del-poder-nacional\/","title":{"rendered":"Romina Diez: la referente de Santa Fe que se consolida en la mesa grande del poder nacional"},"content":{"rendered":"\n<p>La diputada nacional por Santa Fe, Romina Diez, contin\u00faa consolidando su lugar dentro de La Libertad Avanza con un doble rol que cada vez gana m\u00e1s peso: fuerte presencia territorial en su provincia y creciente protagonismo en los principales \u00e1mbitos de decisi\u00f3n del oficialismo a nivel nacional.<\/p>\n\n\n\n<p>El \u00faltimo fin de semana, Diez encabez\u00f3 en Rosario una reuni\u00f3n con referentes de los distintos departamentos santafesinos, en el marco del armado pol\u00edtico libertario que impulsa en toda la provincia. All\u00ed, la legisladora reafirm\u00f3 su alineamiento con el rumbo del Gobierno y destac\u00f3 la necesidad de profundizar el proyecto: \u201cEntendemos que el camino del presidente Javier Milei y Karina Milei es el \u00fanico posible para una Argentina pr\u00f3spera\u201d.<\/p>\n\n\n\n<p>Con presencia en los 19 departamentos de Santa Fe, el armado que lidera Diez se posiciona como uno de los m\u00e1s activos dentro del espacio libertario. Su estrategia combina cercan\u00eda con dirigentes locales, apertura a nuevos militantes \u2014especialmente j\u00f3venes\u2014 y una clara bajada de l\u00ednea en torno a las ideas del oficialismo.<\/p>\n\n\n\n<h2 class=\"wp-block-heading\">De Rosario a la mesa nacional<\/h2>\n\n\n\n<figure class=\"wp-block-image size-large\"><img fetchpriority=\"high\" decoding=\"async\" width=\"1024\" height=\"432\" src=\"https:\/\/elliberador.com\/wp-content\/uploads\/2026\/04\/Captura-de-pantalla-2026-04-29-084445-1-1024x432.webp\" alt=\"\" class=\"wp-image-8201\" srcset=\"https:\/\/elliberador.com\/wp-content\/uploads\/2026\/04\/Captura-de-pantalla-2026-04-29-084445-1-1024x432.webp 1024w, https:\/\/elliberador.com\/wp-content\/uploads\/2026\/04\/Captura-de-pantalla-2026-04-29-084445-1-300x127.webp 300w, https:\/\/elliberador.com\/wp-content\/uploads\/2026\/04\/Captura-de-pantalla-2026-04-29-084445-1-768x324.webp 768w, https:\/\/elliberador.com\/wp-content\/uploads\/2026\/04\/Captura-de-pantalla-2026-04-29-084445-1-1536x648.webp 1536w, https:\/\/elliberador.com\/wp-content\/uploads\/2026\/04\/Captura-de-pantalla-2026-04-29-084445-1.webp 1719w\" sizes=\"(max-width: 1024px) 100vw, 1024px\" \/><\/figure>\n\n\n\n<p>Pero el crecimiento de Diez no se limita al plano provincial. En los \u00faltimos d\u00edas, su figura tambi\u00e9n qued\u00f3 expuesta en el escenario nacional, en espacios reservados para los principales referentes del Gobierno.<\/p>\n\n\n\n<p>Durante la cena de la Fundaci\u00f3n Libertad, la diputada santafesina comparti\u00f3 mesa con figuras centrales del gabinete y del c\u00edrculo m\u00e1s cercano al Presidente. <strong>Entre ellos Karina Milei, el Jefe de Gabinete Manuel Adorni, el ministro de Econom\u00eda Luis Caputo, Federico Sturzenegger y la Senadora Patricia Bullrich.<\/strong><\/p>\n\n\n\n<p>La imagen no pas\u00f3 desapercibida: Diez sentada en la \u201cmesa chica\u201d del poder libertario, en un evento clave para el oficialismo, reflej\u00f3 el peso pol\u00edtico que viene adquiriendo dentro del esquema nacional.<\/p>\n\n\n\n<p>Este posicionamiento la ubica como una dirigente que no solo construye en territorio, sino que tambi\u00e9n se integra al n\u00facleo donde se discuten y validan las principales decisiones del Gobierno.<\/p>\n\n\n\n<h2 class=\"wp-block-heading\">Una dirigente \u201ctodoterreno\u201d<\/h2>\n\n\n\n<p>El perfil de Romina Diez sintetiza una caracter\u00edstica que el propio Gobierno busca consolidar: dirigentes con capacidad de construcci\u00f3n territorial y, al mismo tiempo, inserci\u00f3n en los espacios de poder nacional.<\/p>\n\n\n\n<p>Por un lado, su trabajo en Santa Fe la posiciona como la principal armadora de La Libertad Avanza en la provincia, con un crecimiento sostenido del espacio. Por otro, su participaci\u00f3n en \u00e1mbitos estrat\u00e9gicos del oficialismo la muestra como una figura con proyecci\u00f3n m\u00e1s all\u00e1 de lo local.<\/p>\n\n\n\n<p>En ese equilibrio entre territorio y c\u00fapula pol\u00edtica, Diez se consolida como una referente clave del oficialismo libertario. Su presencia en reuniones con dirigentes de base, sumada a su cercan\u00eda con los principales l\u00edderes del Gobierno, refuerza su perfil como una dirigente integral.<\/p>\n\n\n\n<figure class=\"wp-block-image size-full\"><img decoding=\"async\" width=\"956\" height=\"608\" src=\"https:\/\/elliberador.com\/wp-content\/uploads\/2026\/04\/Captura-de-pantalla-2026-04-29-084512.png\" alt=\"\" class=\"wp-image-8202\" srcset=\"https:\/\/elliberador.com\/wp-content\/uploads\/2026\/04\/Captura-de-pantalla-2026-04-29-084512.png 956w, https:\/\/elliberador.com\/wp-content\/uploads\/2026\/04\/Captura-de-pantalla-2026-04-29-084512-300x191.png 300w, https:\/\/elliberador.com\/wp-content\/uploads\/2026\/04\/Captura-de-pantalla-2026-04-29-084512-768x488.png 768w\" sizes=\"(max-width: 956px) 100vw, 956px\" \/><\/figure>\n\n\n\n<h2 class=\"wp-block-heading\">Presencia en el debate ideol\u00f3gico<\/h2>\n\n\n\n<p>La agenda de la diputada continu\u00f3 el martes en el Palacio Libertad, donde particip\u00f3 de la exposici\u00f3n encabezada por el presidente Javier Milei sobre la obra de John Maynard Keynes.<\/p>\n\n\n\n<p>All\u00ed, Milei volvi\u00f3 a cuestionar con dureza al economista brit\u00e1nico y defendi\u00f3 el rumbo econ\u00f3mico de su gesti\u00f3n, en una charla que combin\u00f3 teor\u00eda y pol\u00edtica. Diez no solo estuvo presente, sino que adem\u00e1s respald\u00f3 p\u00fablicamente al mandatario a trav\u00e9s de sus redes sociales, reforzando su alineamiento con la \u201cbatalla cultural\u201d que impulsa el oficialismo.<\/p>\n\n\n\n<h2 class=\"wp-block-heading\">Proyecci\u00f3n nacional<\/h2>\n\n\n\n<p>En un contexto donde el oficialismo busca expandir su estructura en todo el pa\u00eds, figuras como la de Romina Diez adquieren un rol central. Su capacidad para articular el discurso nacional con la realidad local aparece como un activo estrat\u00e9gico para el espacio.<\/p>\n\n\n\n<blockquote class=\"wp-block-quote is-layout-flow wp-block-quote-is-layout-flow\">\n<p>El mensaje que repite en cada encuentro resume esa l\u00f3gica: \u201cSeguir consolidando el camino que marcan Javier y Karina Milei\u201d. Una consigna que no solo ordena el armado en Santa Fe, sino que tambi\u00e9n refleja su lugar dentro del proyecto pol\u00edtico libertario a nivel nacional.<\/p>\n<\/blockquote>\n","protected":false},"excerpt":{"rendered":"<p>Territorio, armado pol\u00edtico y presencia en la elite del Gobierno: la diputada libertaria consolida su perfil como una de las figuras clave del espacio.<\/p>\n","protected":false},"author":2,"featured_media":8199,"comment_status":"open","ping_status":"open","sticky":false,"template":"","format":"standard","meta":{"_acf_changed":false,"advanced_seo_description":"","jetpack_seo_html_title":"","jetpack_seo_noindex":false,"_jetpack_memberships_contains_paid_content":false,"footnotes":""},"categories":[4],"tags":[20,336,47,56,135,66],"class_list":["post-8197","post","type-post","status-publish","format-standard","has-post-thumbnail","hentry","category-politica","tag-destacados","tag-karina-milei","tag-la-libertad-avanza","tag-milei","tag-romina-diez","tag-santa-fe"],"acf":[],"jetpack_featured_media_url":"https:\/\/elliberador.com\/wp-content\/uploads\/2026\/04\/Captura-de-pantalla-2026-04-29-084445.webp","jetpack_sharing_enabled":true,"_links":{"self":[{"href":"https:\/\/elliberador.com\/index.php\/wp-json\/wp\/v2\/posts\/8197","targetHints":{"allow":["GET"]}}],"collection":[{"href":"https:\/\/elliberador.com\/index.php\/wp-json\/wp\/v2\/posts"}],"about":[{"href":"https:\/\/elliberador.com\/index.php\/wp-json\/wp\/v2\/types\/post"}],"author":[{"embeddable":true,"href":"https:\/\/elliberador.com\/index.php\/wp-json\/wp\/v2\/users\/2"}],"replies":[{"embeddable":true,"href":"https:\/\/elliberador.com\/index.php\/wp-json\/wp\/v2\/comments?post=8197"}],"version-history":[{"count":1,"href":"https:\/\/elliberador.com\/index.php\/wp-json\/wp\/v2\/posts\/8197\/revisions"}],"predecessor-version":[{"id":8203,"href":"https:\/\/elliberador.com\/index.php\/wp-json\/wp\/v2\/posts\/8197\/revisions\/8203"}],"wp:featuredmedia":[{"embeddable":true,"href":"https:\/\/elliberador.com\/index.php\/wp-json\/wp\/v2\/media\/8199"}],"wp:attachment":[{"href":"https:\/\/elliberador.com\/index.php\/wp-json\/wp\/v2\/media?parent=8197"}],"wp:term":[{"taxonomy":"category","embeddable":true,"href":"https:\/\/elliberador.com\/index.php\/wp-json\/wp\/v2\/categories?post=8197"},{"taxonomy":"post_tag","embeddable":true,"href":"https:\/\/elliberador.com\/index.php\/wp-json\/wp\/v2\/tags?post=8197"}],"curies":[{"name":"wp","href":"https:\/\/api.w.org\/{rel}","templated":true}]}}