{"id":8204,"date":"2026-04-30T07:44:52","date_gmt":"2026-04-30T10:44:52","guid":{"rendered":"https:\/\/elliberador.com\/?p=8204"},"modified":"2026-04-30T07:45:07","modified_gmt":"2026-04-30T10:45:07","slug":"romina-diez-lidera-la-asistencia-al-norte-santafesino-y-expone-la-falta-de-respuesta-provincial","status":"publish","type":"post","link":"https:\/\/elliberador.com\/index.php\/2026\/04\/30\/romina-diez-lidera-la-asistencia-al-norte-santafesino-y-expone-la-falta-de-respuesta-provincial\/","title":{"rendered":"Romina Diez lidera la asistencia al norte santafesino y expone la falta de respuesta provincial"},"content":{"rendered":"\n<p><br>En medio de las inundaciones que golpean con fuerza al norte de Santa Fe, la diputada nacional Romina Diez volvi\u00f3 a posicionarse como una de las principales referentes en la gesti\u00f3n de ayuda para los damnificados. A trav\u00e9s de su cuenta de Instagram, sintetiz\u00f3 su postura con una frase directa: <em>\u201cgesti\u00f3n mata relato\u201d<\/em>, en clara alusi\u00f3n a lo que considera a\u00f1os de promesas incumplidas por parte de la pol\u00edtica provincial.<\/p>\n\n\n\n<blockquote class=\"wp-block-quote is-layout-flow wp-block-quote-is-layout-flow\">\n<p>En su mensaje, la legisladora remarc\u00f3: <em>\u201cDesde el Gobierno nacional, ante las inundaciones en el norte santafesino, acompa\u00f1amos a los ciudadanos con asistencia para reparar caminos e infraestructura, y reforzamos un acuerdo clave para fortalecer la caja de jubilaciones. Durante a\u00f1os Santa Fe fue ignorada por gobiernos de todos los colores. Hoy las respuestas llegan con gesti\u00f3n. Seguimos con soluciones y orden en las cuentas p\u00fablicas\u201d<\/em>.<\/p>\n<\/blockquote>\n\n\n\n<figure class=\"wp-block-image size-full\"><img fetchpriority=\"high\" decoding=\"async\" width=\"592\" height=\"765\" src=\"https:\/\/elliberador.com\/wp-content\/uploads\/2026\/04\/Captura-de-pantalla-2026-04-30-072507.png\" alt=\"\" class=\"wp-image-8206\" srcset=\"https:\/\/elliberador.com\/wp-content\/uploads\/2026\/04\/Captura-de-pantalla-2026-04-30-072507.png 592w, https:\/\/elliberador.com\/wp-content\/uploads\/2026\/04\/Captura-de-pantalla-2026-04-30-072507-232x300.png 232w\" sizes=\"(max-width: 592px) 100vw, 592px\" \/><\/figure>\n\n\n\n<h2 class=\"wp-block-heading\"><strong>Gesti\u00f3n con Naci\u00f3n y asistencia en el territorio<\/strong><\/h2>\n\n\n\n<p>Seg\u00fan fuentes cercanas a Diez, la diputada viene articulando de manera constante con el Gobierno nacional para garantizar recursos que permitan atender la emergencia. Entre las acciones destacadas se encuentran el env\u00edo de asistencia para la reparaci\u00f3n de caminos rurales, fundamentales para la producci\u00f3n y la conectividad, as\u00ed como obras de infraestructura b\u00e1sica para mitigar el impacto de las lluvias.<\/p>\n\n\n\n<p>Adem\u00e1s, se subraya el avance en un acuerdo clave para fortalecer la caja de jubilaciones provincial, un tema que desde hace a\u00f1os genera preocupaci\u00f3n en Santa Fe. Desde el entorno de la legisladora aseguran que este tipo de medidas reflejan una pol\u00edtica concreta, orientada a resolver problemas estructurales y no solo a administrar la coyuntura.<\/p>\n\n\n\n<h2 class=\"wp-block-heading\"><strong>Pullaro<\/strong>, Enrico, y la pauta<\/h2>\n\n\n\n<p>El posicionamiento de Romina Diez tambi\u00e9n deja expuesto un fuerte contraste con la gesti\u00f3n del gobernador Maximiliano Pullaro y del ministro de Obras P\u00fablicas Lisandro Enrico. En este escenario, queda en evidencia que la provincia no ha logrado dar respuestas a la altura de la emergencia y arrastra a\u00f1os de d\u00e9ficit en infraestructura h\u00eddrica, una deuda clave que hoy agrava el impacto de las inundaciones.<\/p>\n\n\n\n<p>El norte de Santa Fe aparece, una vez m\u00e1s, como una regi\u00f3n postergada. La falta de obras estructurales y de planificaci\u00f3n sostenida en el tiempo dej\u00f3 a amplias zonas en condiciones de vulnerabilidad frente a fen\u00f3menos clim\u00e1ticos que, lejos de ser excepcionales, se repiten con frecuencia creciente. A esto se suma la escasa reacci\u00f3n pol\u00edtica de sectores legislativos provinciales, que no han impulsado iniciativas de fondo para revertir esta situaci\u00f3n.<\/p>\n\n\n\n<p>En paralelo, tambi\u00e9n se vuelve notoria la limitada visibilidad de estas problem\u00e1ticas y de las acciones de asistencia en parte de los medios provinciales. La cobertura fragmentada \u2014y en muchos casos ausente\u2014 refleja un escenario donde la pauta oficial condiciona la agenda informativa, reduciendo el alcance de las noticias que no se alinean con el discurso del gobierno provincial.<\/p>\n\n\n\n<p>Este contexto no hace m\u00e1s que profundizar la tensi\u00f3n pol\u00edtica en Santa Fe. Mientras la emergencia demanda respuestas inmediatas y coordinaci\u00f3n efectiva, la falta de liderazgo claro a nivel provincial contrasta con la intervenci\u00f3n nacional y la gesti\u00f3n de dirigentes que buscan dar soluciones concretas. La disputa ya no es solo discursiva: se juega en el terreno de los hechos, donde la capacidad de gesti\u00f3n queda expuesta ante cada crisis.<\/p>\n\n\n\n<h2 class=\"wp-block-heading\"><strong>Romina Diez, figura clave en Santa Fe<\/strong><\/h2>\n\n\n\n<p>En este contexto, Diez busca consolidarse como una figura central dentro del esquema pol\u00edtico santafesino, destacando su capacidad de gesti\u00f3n y su v\u00ednculo directo con Naci\u00f3n. Su discurso pone el foco en la eficiencia, el orden fiscal y la necesidad de brindar soluciones concretas a los ciudadanos.<\/p>\n\n\n\n<p>Mientras tanto, las consecuencias de las inundaciones siguen afectando a numerosas localidades del norte provincial, que demandan respuestas sostenidas en el tiempo. En ese escenario, la diputada apuesta a fortalecer su perfil como gestora activa, en contraste con lo que define como la falta de acci\u00f3n de la administraci\u00f3n provincial.<\/p>\n\n\n\n<p>La crisis clim\u00e1tica volvi\u00f3 a poner en evidencia las falencias estructurales de la regi\u00f3n, pero tambi\u00e9n abri\u00f3 un nuevo cap\u00edtulo en la disputa pol\u00edtica santafesina, donde la gesti\u00f3n y la capacidad de respuesta se transforman en el principal eje de debate.<\/p>\n","protected":false},"excerpt":{"rendered":"<p>La Diputada Nacional Romina Diez gestiona asistencia nacional ante las inundaciones en el norte santafesino y deja expuesto el abandono de Pullaro<\/p>\n","protected":false},"author":2,"featured_media":8205,"comment_status":"open","ping_status":"open","sticky":false,"template":"","format":"standard","meta":{"_acf_changed":false,"advanced_seo_description":"","jetpack_seo_html_title":"","jetpack_seo_noindex":false,"_jetpack_memberships_contains_paid_content":false,"footnotes":""},"categories":[598],"tags":[20,119,56,99,135,66],"class_list":["post-8204","post","type-post","status-publish","format-standard","has-post-thumbnail","hentry","category-santa-fe","tag-destacados","tag-javier-milei","tag-milei","tag-pullaro","tag-romina-diez","tag-santa-fe"],"acf":[],"jetpack_featured_media_url":"https:\/\/elliberador.com\/wp-content\/uploads\/2026\/04\/IMG_2195.webp","jetpack_sharing_enabled":true,"_links":{"self":[{"href":"https:\/\/elliberador.com\/index.php\/wp-json\/wp\/v2\/posts\/8204","targetHints":{"allow":["GET"]}}],"collection":[{"href":"https:\/\/elliberador.com\/index.php\/wp-json\/wp\/v2\/posts"}],"about":[{"href":"https:\/\/elliberador.com\/index.php\/wp-json\/wp\/v2\/types\/post"}],"author":[{"embeddable":true,"href":"https:\/\/elliberador.com\/index.php\/wp-json\/wp\/v2\/users\/2"}],"replies":[{"embeddable":true,"href":"https:\/\/elliberador.com\/index.php\/wp-json\/wp\/v2\/comments?post=8204"}],"version-history":[{"count":1,"href":"https:\/\/elliberador.com\/index.php\/wp-json\/wp\/v2\/posts\/8204\/revisions"}],"predecessor-version":[{"id":8207,"href":"https:\/\/elliberador.com\/index.php\/wp-json\/wp\/v2\/posts\/8204\/revisions\/8207"}],"wp:featuredmedia":[{"embeddable":true,"href":"https:\/\/elliberador.com\/index.php\/wp-json\/wp\/v2\/media\/8205"}],"wp:attachment":[{"href":"https:\/\/elliberador.com\/index.php\/wp-json\/wp\/v2\/media?parent=8204"}],"wp:term":[{"taxonomy":"category","embeddable":true,"href":"https:\/\/elliberador.com\/index.php\/wp-json\/wp\/v2\/categories?post=8204"},{"taxonomy":"post_tag","embeddable":true,"href":"https:\/\/elliberador.com\/index.php\/wp-json\/wp\/v2\/tags?post=8204"}],"curies":[{"name":"wp","href":"https:\/\/api.w.org\/{rel}","templated":true}]}}