{"id":8228,"date":"2026-04-30T15:22:29","date_gmt":"2026-04-30T18:22:29","guid":{"rendered":"https:\/\/elliberador.com\/?p=8228"},"modified":"2026-04-30T15:27:17","modified_gmt":"2026-04-30T18:27:17","slug":"la-millonaria-estafa-de-otra-de-las-cooperativa-de-grabois-familiares-testaferros-y-facturas-a-empresas-fantasma","status":"publish","type":"post","link":"https:\/\/elliberador.com\/index.php\/2026\/04\/30\/la-millonaria-estafa-de-otra-de-las-cooperativa-de-grabois-familiares-testaferros-y-facturas-a-empresas-fantasma\/","title":{"rendered":"La millonaria estafa de otra cooperativa de Grabois: familiares, testaferros y facturas a empresas fantasma.\u00a0"},"content":{"rendered":"\n<h1 class=\"wp-block-heading\"><\/h1>\n\n\n\n<p>Una cooperativa vinculada a estructuras de la econom\u00eda popular de Juan Grabois fue suspendida de manera preventiva por el Ministerio de Capital Humano tras detectarse presuntas irregularidades en su funcionamiento.&nbsp;<\/p>\n\n\n\n<p>El caso vuelve a poner en discusi\u00f3n los mecanismos de control sobre organizaciones que administran fondos p\u00fablicos y el rol de las \u00abcajas negras\u00bb de la pol\u00edtica.<\/p>\n\n\n\n<p>Seg\u00fan el comunicado oficial, la medida alcanza a la <strong>cooperativa \u201cLa Azurduy Ltda.\u201d<\/strong> y se enmarca en una investigaci\u00f3n que detect\u00f3 <strong>desv\u00edos de fondos, facturaci\u00f3n irregular y utilizaci\u00f3n de proveedores sin respaldo operativo.<\/strong> La decisi\u00f3n fue acompa\u00f1ada por la apertura de un sumario administrativo por la\u00e7 desnaturalizaci\u00f3n de la figura cooperativa.<\/p>\n\n\n\n<div class=\"wp-block-jetpack-slideshow aligncenter\" data-effect=\"slide\" style=\"--aspect-ratio:calc(478 \/ 598)\"><div class=\"wp-block-jetpack-slideshow_container swiper\"><ul class=\"wp-block-jetpack-slideshow_swiper-wrapper swiper-wrapper\"><li class=\"wp-block-jetpack-slideshow_slide swiper-slide\"><figure><img fetchpriority=\"high\" decoding=\"async\" width=\"478\" height=\"598\" alt=\"\" class=\"wp-block-jetpack-slideshow_image wp-image-8229\" data-id=\"8229\" data-aspect-ratio=\"478 \/ 598\" src=\"https:\/\/elliberador.com\/wp-content\/uploads\/2026\/04\/image-32.png\" srcset=\"https:\/\/elliberador.com\/wp-content\/uploads\/2026\/04\/image-32.png 478w, https:\/\/elliberador.com\/wp-content\/uploads\/2026\/04\/image-32-240x300.png 240w\" sizes=\"(max-width: 478px) 100vw, 478px\" \/><figcaption class=\"wp-block-jetpack-slideshow_caption gallery-caption\">Comunicado del Ministerio de Capital Humano<\/figcaption><\/figure><\/li><li class=\"wp-block-jetpack-slideshow_slide swiper-slide\"><figure><img decoding=\"async\" width=\"478\" height=\"598\" alt=\"\" class=\"wp-block-jetpack-slideshow_image wp-image-8242\" data-id=\"8242\" data-aspect-ratio=\"478 \/ 598\" src=\"https:\/\/elliberador.com\/wp-content\/uploads\/2026\/04\/WhatsApp-Image-2026-04-29-at-12.25.42-PM-1.jpeg\" srcset=\"https:\/\/elliberador.com\/wp-content\/uploads\/2026\/04\/WhatsApp-Image-2026-04-29-at-12.25.42-PM-1.jpeg 478w, https:\/\/elliberador.com\/wp-content\/uploads\/2026\/04\/WhatsApp-Image-2026-04-29-at-12.25.42-PM-1-240x300.jpeg 240w\" sizes=\"(max-width: 478px) 100vw, 478px\" \/><\/figure><\/li><li class=\"wp-block-jetpack-slideshow_slide swiper-slide\"><figure><img decoding=\"async\" width=\"478\" height=\"598\" alt=\"\" class=\"wp-block-jetpack-slideshow_image wp-image-8243\" data-id=\"8243\" data-aspect-ratio=\"478 \/ 598\" src=\"https:\/\/elliberador.com\/wp-content\/uploads\/2026\/04\/WhatsApp-Image-2026-04-29-at-12.25.42-PM-2.jpeg\" srcset=\"https:\/\/elliberador.com\/wp-content\/uploads\/2026\/04\/WhatsApp-Image-2026-04-29-at-12.25.42-PM-2.jpeg 478w, https:\/\/elliberador.com\/wp-content\/uploads\/2026\/04\/WhatsApp-Image-2026-04-29-at-12.25.42-PM-2-240x300.jpeg 240w\" sizes=\"(max-width: 478px) 100vw, 478px\" \/><\/figure><\/li><\/ul><a class=\"wp-block-jetpack-slideshow_button-prev swiper-button-prev swiper-button-white\" role=\"button\"><\/a><a class=\"wp-block-jetpack-slideshow_button-next swiper-button-next swiper-button-white\" role=\"button\"><\/a><a aria-label=\"Pause Slideshow\" class=\"wp-block-jetpack-slideshow_button-pause\" role=\"button\"><\/a><div class=\"wp-block-jetpack-slideshow_pagination swiper-pagination swiper-pagination-white\"><\/div><\/div><\/div>\n\n\n\n<h3 class=\"wp-block-heading\"><strong>Las irregularidades detectadas<\/strong><\/h3>\n\n\n\n<p>La fiscalizaci\u00f3n identific\u00f3 un esquema sistem\u00e1tico de irregularidades:<\/p>\n\n\n\n<ul class=\"wp-block-list\">\n<li><strong>Conflictos de inter\u00e9s<\/strong>: Se detect\u00f3 que funcionarios del FISU (Fideicomiso de Integraci\u00f3n Socio Urbana) comparten domicilios fiscales con directivos de la cooperativa y sus familiares.<\/li>\n\n\n\n<li><strong>V\u00ednculos familiares<\/strong>: Actores clave de la estructura presentan lazos de parentesco y domicilios compartidos.<\/li>\n\n\n\n<li><strong>Facturaci\u00f3n interna<\/strong>: Integrantes de la comisi\u00f3n directiva facturan servicios a la propia cooperativa a trav\u00e9s de otras entidades que ellos mismos presiden.<\/li>\n\n\n\n<li><strong>Proveedores fantasma<\/strong>: Personas ajenas a la entidad facturan materiales y fletes a trav\u00e9s de sociedades que carecen de locales comerciales, dep\u00f3sitos o veh\u00edculos registrados.<\/li>\n\n\n\n<li><strong>Falta de documentaci\u00f3n<\/strong>: La entidad no brind\u00f3 respaldo sobre operaciones relevantes, como la adquisici\u00f3n de un terreno, una acci\u00f3n que se encuentra fuera de su objeto social.<\/li>\n<\/ul>\n\n\n\n<h3 class=\"wp-block-heading\"><strong>Una red con conexiones pol\u00edticas y sociales<\/strong><\/h3>\n\n\n\n<p>La investigaci\u00f3n apunta a que la cooperativa no operaba de forma aut\u00f3noma, sino bajo el <strong>control operativo de movimientos sociales y gremiales <\/strong>como el <strong>MTE<\/strong> y la <strong>UTEP<\/strong>. Seg\u00fan el informe, comparten sedes f\u00edsicas, autoridades y correos electr\u00f3nicos.<\/p>\n\n\n\n<p>Entre los nombres se\u00f1alados aparecen:<\/p>\n\n\n\n<ul class=\"wp-block-list\">\n<li><strong>Ramona Fernanda Mi\u00f1o<\/strong>: Ex presidenta del FISU, cuyo c\u00f3nyuge y asociados a la cooperativa comparten su mismo domicilio.<\/li>\n\n\n\n<li><strong>Sergio Oseira y Jos\u00e9 Antonio Ruiz D\u00edaz<\/strong>: Vinculados al MTE y la UTEP.<\/li>\n\n\n\n<li><strong>Pablo Nicol\u00e1s \u00c1valos<\/strong>: Secretario Administrativo del Bloque Ciudadanos Unidos\/UCR de la Legislatura porte\u00f1a, quien controlaba sociedades que facturaban materiales a la cooperativa.<\/li>\n<\/ul>\n\n\n\n<h3 class=\"wp-block-heading\"><strong>Cajas negras y privilegios&nbsp;<\/strong><\/h3>\n\n\n\n<p>El caso reaviv\u00f3 las cr\u00edticas sobre c\u00f3mo ciertos sectores de la pol\u00edtica han manejado hist\u00f3ricamente recursos como el <strong>FISU<\/strong> para consolidar estructuras de poder. Estas \u00abcajas\u00bb se utilizaron para financiar privilegios pol\u00edticos bajo la fachada de causas nobles y ayuda social.<\/p>\n\n\n\n<p>La falta de controles de los gobiernos anteriores permiti\u00f3 la expansi\u00f3n de un sistema donde, con total impunidad y sin consecuencias, la asistencia a los m\u00e1s vulnerables termina siendo una herramienta para el sostenimiento de aparatos partidarios.&nbsp;<\/p>\n\n\n\n<p>Mientras que desde algunos espacios se defiende el rol de las cooperativas para la inclusi\u00f3n, la detecci\u00f3n de facturas ap\u00f3crifas y empresas sin infraestructura (como Maiza del Pilar SRL o Athenea Construcciones) refuerza la hip\u00f3tesis de un uso irregular de los fondos estatales.<\/p>\n","protected":false},"excerpt":{"rendered":"<p>El Gobierno contin\u00faa cortando los curros de una cooperativa por usar indigentes para financiar cajas negras de la pol\u00edtica.\u00a0<\/p>\n","protected":false},"author":2,"featured_media":8244,"comment_status":"open","ping_status":"open","sticky":false,"template":"","format":"standard","meta":{"_acf_changed":false,"advanced_seo_description":"","jetpack_seo_html_title":"","jetpack_seo_noindex":false,"_jetpack_memberships_contains_paid_content":false,"footnotes":""},"categories":[5],"tags":[20],"class_list":["post-8228","post","type-post","status-publish","format-standard","has-post-thumbnail","hentry","category-sociedad","tag-destacados"],"acf":[],"jetpack_featured_media_url":"https:\/\/elliberador.com\/wp-content\/uploads\/2026\/04\/Captura-de-pantalla-2026-04-30-151957.png","jetpack_sharing_enabled":true,"_links":{"self":[{"href":"https:\/\/elliberador.com\/index.php\/wp-json\/wp\/v2\/posts\/8228","targetHints":{"allow":["GET"]}}],"collection":[{"href":"https:\/\/elliberador.com\/index.php\/wp-json\/wp\/v2\/posts"}],"about":[{"href":"https:\/\/elliberador.com\/index.php\/wp-json\/wp\/v2\/types\/post"}],"author":[{"embeddable":true,"href":"https:\/\/elliberador.com\/index.php\/wp-json\/wp\/v2\/users\/2"}],"replies":[{"embeddable":true,"href":"https:\/\/elliberador.com\/index.php\/wp-json\/wp\/v2\/comments?post=8228"}],"version-history":[{"count":2,"href":"https:\/\/elliberador.com\/index.php\/wp-json\/wp\/v2\/posts\/8228\/revisions"}],"predecessor-version":[{"id":8246,"href":"https:\/\/elliberador.com\/index.php\/wp-json\/wp\/v2\/posts\/8228\/revisions\/8246"}],"wp:featuredmedia":[{"embeddable":true,"href":"https:\/\/elliberador.com\/index.php\/wp-json\/wp\/v2\/media\/8244"}],"wp:attachment":[{"href":"https:\/\/elliberador.com\/index.php\/wp-json\/wp\/v2\/media?parent=8228"}],"wp:term":[{"taxonomy":"category","embeddable":true,"href":"https:\/\/elliberador.com\/index.php\/wp-json\/wp\/v2\/categories?post=8228"},{"taxonomy":"post_tag","embeddable":true,"href":"https:\/\/elliberador.com\/index.php\/wp-json\/wp\/v2\/tags?post=8228"}],"curies":[{"name":"wp","href":"https:\/\/api.w.org\/{rel}","templated":true}]}}